{"id":127150,"date":"2019-11-04T11:34:59","date_gmt":"2019-11-04T10:34:59","guid":{"rendered":"https:\/\/ccbierzo.com\/?p=127150"},"modified":"2019-11-04T11:36:51","modified_gmt":"2019-11-04T10:36:51","slug":"lembranza-iv","status":"publish","type":"post","link":"https:\/\/ccbierzo.com\/gl\/lembranza-iv\/","title":{"rendered":"Lembranza IV"},"content":{"rendered":"<blockquote><p><strong>Diez desempleadas comenzaron el programa de formaci\u00f3n y empleo Lembranza IV. El presidente y la consejera comarcal del \u00e1rea acudieron a darles la bienvenida este lunes.<\/strong><\/p><\/blockquote>\n<p>Gerardo \u00c1lvarez Courel y Lorena Valle inauguraron el inicio del curso de Lembranza IV. El programa, de la especialidad de atenci\u00f3n sociosanitaria a personas dependientes en domicilios e instituciones, arranca con diez alumnas seleccionadas por el ECyL de las listas de personas desempleadas de la comarca.<\/p>\n<p>Una de las ventajas de estas acciones formativas es que el alumnado disfruta de un contrato de trabajo y percibe un salario durante la formaci\u00f3n. En este caso, el programa Lembranza IV tiene una duraci\u00f3n de un a\u00f1o. Esta especialidad es una de las de mayor inserci\u00f3n laboral, rozando siempre el 100%.<\/p>\n<p><img loading=\"lazy\" decoding=\"async\" class=\"aligncenter size-large wp-image-127155\" src=\"https:\/\/ccbierzo.com\/wp-content\/uploads\/2019\/11\/lembranza4-2-1024x683.jpg\" alt=\"\" width=\"1024\" height=\"683\" srcset=\"https:\/\/ccbierzo.com\/wp-content\/uploads\/2019\/11\/lembranza4-2-980x653.jpg 980w, https:\/\/ccbierzo.com\/wp-content\/uploads\/2019\/11\/lembranza4-2-480x320.jpg 480w\" sizes=\"(min-width: 0px) and (max-width: 480px) 480px, (min-width: 481px) and (max-width: 980px) 980px, (min-width: 981px) 1024px, 100vw\" \/><\/p>\n","protected":false},"excerpt":{"rendered":"<p>Diez desempleadas comenzaron el programa de formaci\u00f3n y empleo Lembranza IV. El presidente y la consejera comarcal del \u00e1rea acudieron a darles la bienvenida este lunes.<\/p>\n","protected":false},"author":3,"featured_media":127151,"comment_status":"closed","ping_status":"open","sticky":false,"template":"","format":"standard","meta":{"_et_pb_use_builder":"","_et_pb_old_content":"","_et_gb_content_width":"","footnotes":""},"categories":[77],"tags":[389],"class_list":["post-127150","post","type-post","status-publish","format-standard","has-post-thumbnail","hentry","category-empleo","tag-lembranza-iv"],"yoast_head":"<!-- This site is optimized with the Yoast SEO plugin v27.3 - https:\/\/yoast.com\/product\/yoast-seo-wordpress\/ -->\n<title>Lembranza IV - Consejo Comarcal del Bierzo<\/title>\n<meta name=\"robots\" content=\"index, follow, max-snippet:-1, max-image-preview:large, max-video-preview:-1\" \/>\n<link rel=\"canonical\" href=\"https:\/\/ccbierzo.com\/lembranza-iv\/\" \/>\n<meta property=\"og:locale\" content=\"gl_ES\" \/>\n<meta property=\"og:type\" content=\"article\" \/>\n<meta property=\"og:title\" content=\"Lembranza IV - Consejo Comarcal del Bierzo\" \/>\n<meta property=\"og:description\" content=\"Diez desempleadas comenzaron el programa de formaci\u00f3n y empleo Lembranza IV. El presidente y la consejera comarcal del \u00e1rea acudieron a darles la bienvenida este lunes.\" \/>\n<meta property=\"og:url\" content=\"https:\/\/ccbierzo.com\/lembranza-iv\/\" \/>\n<meta property=\"og:site_name\" content=\"Consejo Comarcal del Bierzo\" \/>\n<meta property=\"article:published_time\" content=\"2019-11-04T10:34:59+00:00\" \/>\n<meta property=\"article:modified_time\" content=\"2019-11-04T10:36:51+00:00\" \/>\n<meta property=\"og:image\" content=\"https:\/\/ccbierzo.com\/wp-content\/uploads\/2019\/11\/lembranza4-1.jpg\" \/>\n\t<meta property=\"og:image:width\" content=\"1500\" \/>\n\t<meta property=\"og:image:height\" content=\"1000\" \/>\n\t<meta property=\"og:image:type\" content=\"image\/jpeg\" \/>\n<meta name=\"author\" content=\"Marta Vidal\" \/>\n<meta name=\"twitter:card\" content=\"summary_large_image\" \/>\n<meta name=\"twitter:label1\" content=\"Escrito por\" \/>\n\t<meta name=\"twitter:data1\" content=\"Marta Vidal\" \/>\n\t<meta name=\"twitter:label2\" content=\"Tempo de lectura\" \/>\n\t<meta name=\"twitter:data2\" content=\"1 minuto\" \/>\n<script type=\"application\/ld+json\" class=\"yoast-schema-graph\">{\"@context\":\"https:\\\/\\\/schema.org\",\"@graph\":[{\"@type\":\"Article\",\"@id\":\"https:\\\/\\\/ccbierzo.com\\\/lembranza-iv\\\/#article\",\"isPartOf\":{\"@id\":\"https:\\\/\\\/ccbierzo.com\\\/lembranza-iv\\\/\"},\"author\":{\"name\":\"Marta Vidal\",\"@id\":\"https:\\\/\\\/ccbierzo.com\\\/gl\\\/#\\\/schema\\\/person\\\/4e9a8395b397b1d4b8695a5274072278\"},\"headline\":\"Lembranza IV\",\"datePublished\":\"2019-11-04T10:34:59+00:00\",\"dateModified\":\"2019-11-04T10:36:51+00:00\",\"mainEntityOfPage\":{\"@id\":\"https:\\\/\\\/ccbierzo.com\\\/lembranza-iv\\\/\"},\"wordCount\":131,\"image\":{\"@id\":\"https:\\\/\\\/ccbierzo.com\\\/lembranza-iv\\\/#primaryimage\"},\"thumbnailUrl\":\"https:\\\/\\\/ccbierzo.com\\\/wp-content\\\/uploads\\\/2019\\\/11\\\/lembranza4-1.jpg\",\"keywords\":[\"Lembranza IV\"],\"articleSection\":[\"Empleo\"],\"inLanguage\":\"gl-ES\"},{\"@type\":\"WebPage\",\"@id\":\"https:\\\/\\\/ccbierzo.com\\\/lembranza-iv\\\/\",\"url\":\"https:\\\/\\\/ccbierzo.com\\\/lembranza-iv\\\/\",\"name\":\"Lembranza IV - Consejo Comarcal del Bierzo\",\"isPartOf\":{\"@id\":\"https:\\\/\\\/ccbierzo.com\\\/gl\\\/#website\"},\"primaryImageOfPage\":{\"@id\":\"https:\\\/\\\/ccbierzo.com\\\/lembranza-iv\\\/#primaryimage\"},\"image\":{\"@id\":\"https:\\\/\\\/ccbierzo.com\\\/lembranza-iv\\\/#primaryimage\"},\"thumbnailUrl\":\"https:\\\/\\\/ccbierzo.com\\\/wp-content\\\/uploads\\\/2019\\\/11\\\/lembranza4-1.jpg\",\"datePublished\":\"2019-11-04T10:34:59+00:00\",\"dateModified\":\"2019-11-04T10:36:51+00:00\",\"author\":{\"@id\":\"https:\\\/\\\/ccbierzo.com\\\/gl\\\/#\\\/schema\\\/person\\\/4e9a8395b397b1d4b8695a5274072278\"},\"breadcrumb\":{\"@id\":\"https:\\\/\\\/ccbierzo.com\\\/lembranza-iv\\\/#breadcrumb\"},\"inLanguage\":\"gl-ES\",\"potentialAction\":[{\"@type\":\"ReadAction\",\"target\":[\"https:\\\/\\\/ccbierzo.com\\\/lembranza-iv\\\/\"]}]},{\"@type\":\"ImageObject\",\"inLanguage\":\"gl-ES\",\"@id\":\"https:\\\/\\\/ccbierzo.com\\\/lembranza-iv\\\/#primaryimage\",\"url\":\"https:\\\/\\\/ccbierzo.com\\\/wp-content\\\/uploads\\\/2019\\\/11\\\/lembranza4-1.jpg\",\"contentUrl\":\"https:\\\/\\\/ccbierzo.com\\\/wp-content\\\/uploads\\\/2019\\\/11\\\/lembranza4-1.jpg\",\"width\":1500,\"height\":1000,\"caption\":\"Inauguraci\u00f3n Lembranza IV\"},{\"@type\":\"BreadcrumbList\",\"@id\":\"https:\\\/\\\/ccbierzo.com\\\/lembranza-iv\\\/#breadcrumb\",\"itemListElement\":[{\"@type\":\"ListItem\",\"position\":1,\"name\":\"Portada\",\"item\":\"https:\\\/\\\/ccbierzo.com\\\/gl\\\/\"},{\"@type\":\"ListItem\",\"position\":2,\"name\":\"Lembranza IV\"}]},{\"@type\":\"WebSite\",\"@id\":\"https:\\\/\\\/ccbierzo.com\\\/gl\\\/#website\",\"url\":\"https:\\\/\\\/ccbierzo.com\\\/gl\\\/\",\"name\":\"Consejo Comarcal del Bierzo\",\"description\":\"P\u00e1gina Oficial del Consejo Comarcal del Bierzo\",\"potentialAction\":[{\"@type\":\"SearchAction\",\"target\":{\"@type\":\"EntryPoint\",\"urlTemplate\":\"https:\\\/\\\/ccbierzo.com\\\/gl\\\/?s={search_term_string}\"},\"query-input\":{\"@type\":\"PropertyValueSpecification\",\"valueRequired\":true,\"valueName\":\"search_term_string\"}}],\"inLanguage\":\"gl-ES\"},{\"@type\":\"Person\",\"@id\":\"https:\\\/\\\/ccbierzo.com\\\/gl\\\/#\\\/schema\\\/person\\\/4e9a8395b397b1d4b8695a5274072278\",\"name\":\"Marta Vidal\"}]}<\/script>\n<!-- \/ Yoast SEO plugin. -->","yoast_head_json":{"title":"Lembranza IV - Consejo Comarcal del Bierzo","robots":{"index":"index","follow":"follow","max-snippet":"max-snippet:-1","max-image-preview":"max-image-preview:large","max-video-preview":"max-video-preview:-1"},"canonical":"https:\/\/ccbierzo.com\/lembranza-iv\/","og_locale":"gl_ES","og_type":"article","og_title":"Lembranza IV - Consejo Comarcal del Bierzo","og_description":"Diez desempleadas comenzaron el programa de formaci\u00f3n y empleo Lembranza IV. El presidente y la consejera comarcal del \u00e1rea acudieron a darles la bienvenida este lunes.","og_url":"https:\/\/ccbierzo.com\/lembranza-iv\/","og_site_name":"Consejo Comarcal del Bierzo","article_published_time":"2019-11-04T10:34:59+00:00","article_modified_time":"2019-11-04T10:36:51+00:00","og_image":[{"width":1500,"height":1000,"url":"https:\/\/ccbierzo.com\/wp-content\/uploads\/2019\/11\/lembranza4-1.jpg","type":"image\/jpeg"}],"author":"Marta Vidal","twitter_card":"summary_large_image","twitter_misc":{"Escrito por":"Marta Vidal","Tempo de lectura":"1 minuto"},"schema":{"@context":"https:\/\/schema.org","@graph":[{"@type":"Article","@id":"https:\/\/ccbierzo.com\/lembranza-iv\/#article","isPartOf":{"@id":"https:\/\/ccbierzo.com\/lembranza-iv\/"},"author":{"name":"Marta Vidal","@id":"https:\/\/ccbierzo.com\/gl\/#\/schema\/person\/4e9a8395b397b1d4b8695a5274072278"},"headline":"Lembranza IV","datePublished":"2019-11-04T10:34:59+00:00","dateModified":"2019-11-04T10:36:51+00:00","mainEntityOfPage":{"@id":"https:\/\/ccbierzo.com\/lembranza-iv\/"},"wordCount":131,"image":{"@id":"https:\/\/ccbierzo.com\/lembranza-iv\/#primaryimage"},"thumbnailUrl":"https:\/\/ccbierzo.com\/wp-content\/uploads\/2019\/11\/lembranza4-1.jpg","keywords":["Lembranza IV"],"articleSection":["Empleo"],"inLanguage":"gl-ES"},{"@type":"WebPage","@id":"https:\/\/ccbierzo.com\/lembranza-iv\/","url":"https:\/\/ccbierzo.com\/lembranza-iv\/","name":"Lembranza IV - Consejo Comarcal del Bierzo","isPartOf":{"@id":"https:\/\/ccbierzo.com\/gl\/#website"},"primaryImageOfPage":{"@id":"https:\/\/ccbierzo.com\/lembranza-iv\/#primaryimage"},"image":{"@id":"https:\/\/ccbierzo.com\/lembranza-iv\/#primaryimage"},"thumbnailUrl":"https:\/\/ccbierzo.com\/wp-content\/uploads\/2019\/11\/lembranza4-1.jpg","datePublished":"2019-11-04T10:34:59+00:00","dateModified":"2019-11-04T10:36:51+00:00","author":{"@id":"https:\/\/ccbierzo.com\/gl\/#\/schema\/person\/4e9a8395b397b1d4b8695a5274072278"},"breadcrumb":{"@id":"https:\/\/ccbierzo.com\/lembranza-iv\/#breadcrumb"},"inLanguage":"gl-ES","potentialAction":[{"@type":"ReadAction","target":["https:\/\/ccbierzo.com\/lembranza-iv\/"]}]},{"@type":"ImageObject","inLanguage":"gl-ES","@id":"https:\/\/ccbierzo.com\/lembranza-iv\/#primaryimage","url":"https:\/\/ccbierzo.com\/wp-content\/uploads\/2019\/11\/lembranza4-1.jpg","contentUrl":"https:\/\/ccbierzo.com\/wp-content\/uploads\/2019\/11\/lembranza4-1.jpg","width":1500,"height":1000,"caption":"Inauguraci\u00f3n Lembranza IV"},{"@type":"BreadcrumbList","@id":"https:\/\/ccbierzo.com\/lembranza-iv\/#breadcrumb","itemListElement":[{"@type":"ListItem","position":1,"name":"Portada","item":"https:\/\/ccbierzo.com\/gl\/"},{"@type":"ListItem","position":2,"name":"Lembranza IV"}]},{"@type":"WebSite","@id":"https:\/\/ccbierzo.com\/gl\/#website","url":"https:\/\/ccbierzo.com\/gl\/","name":"Consejo Comarcal del Bierzo","description":"P\u00e1gina Oficial del Consejo Comarcal del Bierzo","potentialAction":[{"@type":"SearchAction","target":{"@type":"EntryPoint","urlTemplate":"https:\/\/ccbierzo.com\/gl\/?s={search_term_string}"},"query-input":{"@type":"PropertyValueSpecification","valueRequired":true,"valueName":"search_term_string"}}],"inLanguage":"gl-ES"},{"@type":"Person","@id":"https:\/\/ccbierzo.com\/gl\/#\/schema\/person\/4e9a8395b397b1d4b8695a5274072278","name":"Marta Vidal"}]}},"_links":{"self":[{"href":"https:\/\/ccbierzo.com\/gl\/wp-json\/wp\/v2\/posts\/127150","targetHints":{"allow":["GET"]}}],"collection":[{"href":"https:\/\/ccbierzo.com\/gl\/wp-json\/wp\/v2\/posts"}],"about":[{"href":"https:\/\/ccbierzo.com\/gl\/wp-json\/wp\/v2\/types\/post"}],"author":[{"embeddable":true,"href":"https:\/\/ccbierzo.com\/gl\/wp-json\/wp\/v2\/users\/3"}],"replies":[{"embeddable":true,"href":"https:\/\/ccbierzo.com\/gl\/wp-json\/wp\/v2\/comments?post=127150"}],"version-history":[{"count":0,"href":"https:\/\/ccbierzo.com\/gl\/wp-json\/wp\/v2\/posts\/127150\/revisions"}],"wp:featuredmedia":[{"embeddable":true,"href":"https:\/\/ccbierzo.com\/gl\/wp-json\/wp\/v2\/media\/127151"}],"wp:attachment":[{"href":"https:\/\/ccbierzo.com\/gl\/wp-json\/wp\/v2\/media?parent=127150"}],"wp:term":[{"taxonomy":"category","embeddable":true,"href":"https:\/\/ccbierzo.com\/gl\/wp-json\/wp\/v2\/categories?post=127150"},{"taxonomy":"post_tag","embeddable":true,"href":"https:\/\/ccbierzo.com\/gl\/wp-json\/wp\/v2\/tags?post=127150"}],"curies":[{"name":"wp","href":"https:\/\/api.w.org\/{rel}","templated":true}]}}