{"id":127139,"date":"2019-10-31T13:22:44","date_gmt":"2019-10-31T12:22:44","guid":{"rendered":"https:\/\/ccbierzo.com\/?p=127139"},"modified":"2019-10-31T13:23:13","modified_gmt":"2019-10-31T12:23:13","slug":"acciones-para-el-empleo","status":"publish","type":"post","link":"https:\/\/ccbierzo.com\/gl\/acciones-para-el-empleo\/","title":{"rendered":"Formaci\u00f3n y empleo"},"content":{"rendered":"<blockquote><p><strong>Una veintena de alumnas y alumnos de los programas mixtos de formaci\u00f3n y empleo Berizum III y Lembranza III recogieron este jueves sus diplomas despu\u00e9s de un a\u00f1o de formaci\u00f3n.<\/strong><\/p><\/blockquote>\n<p>El presidente del Consejo Comarcal, Gerardo \u00c1lvarez Courel, la consejera comarcal de Formaci\u00f3n y Empleo, Lorena Valle, y el gerente provincial del ECyL, Francisco Javier Otazu, presidieron el acto de clausura con la entrega de diplomas al alumnado. Diez alumnas reciben el certificado de profesionalidad para la atenci\u00f3n sociosanitaria de personas dependientes en domicilios e instituciones sociales. Otras ocho alumnas y dos alumnos obtienen el certificado de Promoci\u00f3n tur\u00edstica local e informaci\u00f3n al visitante.<\/p>\n<p>Gerardo \u00c1lvarez Courel agradeci\u00f3 el esfuerzo y la gran labor que el alumnado realiz\u00f3 durante la actividad formativa. Agradecimientos que tambi\u00e9n dedic\u00f3 al equipo docente y a las entidades e instituciones que colaboraron con el Consejo Comarcal en esta formaci\u00f3n.<\/p>\n<p>La inversi\u00f3n total para ambos cursos ronda los 400.000 mil euros, que aportan el ECyL y la instituci\u00f3n comarcal.<\/p>\n","protected":false},"excerpt":{"rendered":"<p>Una veintena de alumnas y alumnos de los programas mixtos de formaci\u00f3n y empleo Berizum III y Lembranza III recogieron este jueves sus diplomas despu\u00e9s de un a\u00f1o de formaci\u00f3n.<\/p>\n","protected":false},"author":3,"featured_media":127140,"comment_status":"closed","ping_status":"open","sticky":false,"template":"","format":"standard","meta":{"_et_pb_use_builder":"","_et_pb_old_content":"","_et_gb_content_width":"","footnotes":""},"categories":[77,75],"tags":[189,190],"class_list":["post-127139","post","type-post","status-publish","format-standard","has-post-thumbnail","hentry","category-empleo","category-formacion","tag-berizum-iii","tag-lembranza-iii"],"yoast_head":"<!-- This site is optimized with the Yoast SEO plugin v27.3 - https:\/\/yoast.com\/product\/yoast-seo-wordpress\/ -->\n<title>Formaci\u00f3n y empleo - Consejo Comarcal del Bierzo<\/title>\n<meta name=\"robots\" content=\"index, follow, max-snippet:-1, max-image-preview:large, max-video-preview:-1\" \/>\n<link rel=\"canonical\" href=\"https:\/\/ccbierzo.com\/acciones-para-el-empleo\/\" \/>\n<meta property=\"og:locale\" content=\"gl_ES\" \/>\n<meta property=\"og:type\" content=\"article\" \/>\n<meta property=\"og:title\" content=\"Formaci\u00f3n y empleo - Consejo Comarcal del Bierzo\" \/>\n<meta property=\"og:description\" content=\"Una veintena de alumnas y alumnos de los programas mixtos de formaci\u00f3n y empleo Berizum III y Lembranza III recogieron este jueves sus diplomas despu\u00e9s de un a\u00f1o de formaci\u00f3n.\" \/>\n<meta property=\"og:url\" content=\"https:\/\/ccbierzo.com\/acciones-para-el-empleo\/\" \/>\n<meta property=\"og:site_name\" content=\"Consejo Comarcal del Bierzo\" \/>\n<meta property=\"article:published_time\" content=\"2019-10-31T12:22:44+00:00\" \/>\n<meta property=\"article:modified_time\" content=\"2019-10-31T12:23:13+00:00\" \/>\n<meta property=\"og:image\" content=\"https:\/\/ccbierzo.com\/wp-content\/uploads\/2019\/10\/clausura1.jpg\" \/>\n\t<meta property=\"og:image:width\" content=\"1500\" \/>\n\t<meta property=\"og:image:height\" content=\"1000\" \/>\n\t<meta property=\"og:image:type\" content=\"image\/jpeg\" \/>\n<meta name=\"author\" content=\"Marta Vidal\" \/>\n<meta name=\"twitter:card\" content=\"summary_large_image\" \/>\n<meta name=\"twitter:label1\" content=\"Escrito por\" \/>\n\t<meta name=\"twitter:data1\" content=\"Marta Vidal\" \/>\n\t<meta name=\"twitter:label2\" content=\"Tempo de lectura\" \/>\n\t<meta name=\"twitter:data2\" content=\"1 minuto\" \/>\n<script type=\"application\/ld+json\" class=\"yoast-schema-graph\">{\"@context\":\"https:\\\/\\\/schema.org\",\"@graph\":[{\"@type\":\"Article\",\"@id\":\"https:\\\/\\\/ccbierzo.com\\\/acciones-para-el-empleo\\\/#article\",\"isPartOf\":{\"@id\":\"https:\\\/\\\/ccbierzo.com\\\/acciones-para-el-empleo\\\/\"},\"author\":{\"name\":\"Marta Vidal\",\"@id\":\"https:\\\/\\\/ccbierzo.com\\\/gl\\\/#\\\/schema\\\/person\\\/4e9a8395b397b1d4b8695a5274072278\"},\"headline\":\"Formaci\u00f3n y empleo\",\"datePublished\":\"2019-10-31T12:22:44+00:00\",\"dateModified\":\"2019-10-31T12:23:13+00:00\",\"mainEntityOfPage\":{\"@id\":\"https:\\\/\\\/ccbierzo.com\\\/acciones-para-el-empleo\\\/\"},\"wordCount\":179,\"image\":{\"@id\":\"https:\\\/\\\/ccbierzo.com\\\/acciones-para-el-empleo\\\/#primaryimage\"},\"thumbnailUrl\":\"https:\\\/\\\/ccbierzo.com\\\/wp-content\\\/uploads\\\/2019\\\/10\\\/clausura1.jpg\",\"keywords\":[\"Berizum III\",\"Lembranza III\"],\"articleSection\":[\"Empleo\",\"Formaci\u00f3n\"],\"inLanguage\":\"gl-ES\"},{\"@type\":\"WebPage\",\"@id\":\"https:\\\/\\\/ccbierzo.com\\\/acciones-para-el-empleo\\\/\",\"url\":\"https:\\\/\\\/ccbierzo.com\\\/acciones-para-el-empleo\\\/\",\"name\":\"Formaci\u00f3n y empleo - Consejo Comarcal del Bierzo\",\"isPartOf\":{\"@id\":\"https:\\\/\\\/ccbierzo.com\\\/gl\\\/#website\"},\"primaryImageOfPage\":{\"@id\":\"https:\\\/\\\/ccbierzo.com\\\/acciones-para-el-empleo\\\/#primaryimage\"},\"image\":{\"@id\":\"https:\\\/\\\/ccbierzo.com\\\/acciones-para-el-empleo\\\/#primaryimage\"},\"thumbnailUrl\":\"https:\\\/\\\/ccbierzo.com\\\/wp-content\\\/uploads\\\/2019\\\/10\\\/clausura1.jpg\",\"datePublished\":\"2019-10-31T12:22:44+00:00\",\"dateModified\":\"2019-10-31T12:23:13+00:00\",\"author\":{\"@id\":\"https:\\\/\\\/ccbierzo.com\\\/gl\\\/#\\\/schema\\\/person\\\/4e9a8395b397b1d4b8695a5274072278\"},\"breadcrumb\":{\"@id\":\"https:\\\/\\\/ccbierzo.com\\\/acciones-para-el-empleo\\\/#breadcrumb\"},\"inLanguage\":\"gl-ES\",\"potentialAction\":[{\"@type\":\"ReadAction\",\"target\":[\"https:\\\/\\\/ccbierzo.com\\\/acciones-para-el-empleo\\\/\"]}]},{\"@type\":\"ImageObject\",\"inLanguage\":\"gl-ES\",\"@id\":\"https:\\\/\\\/ccbierzo.com\\\/acciones-para-el-empleo\\\/#primaryimage\",\"url\":\"https:\\\/\\\/ccbierzo.com\\\/wp-content\\\/uploads\\\/2019\\\/10\\\/clausura1.jpg\",\"contentUrl\":\"https:\\\/\\\/ccbierzo.com\\\/wp-content\\\/uploads\\\/2019\\\/10\\\/clausura1.jpg\",\"width\":1500,\"height\":1000,\"caption\":\"Clausura de los programas Berizum III y Lembranza III\"},{\"@type\":\"BreadcrumbList\",\"@id\":\"https:\\\/\\\/ccbierzo.com\\\/acciones-para-el-empleo\\\/#breadcrumb\",\"itemListElement\":[{\"@type\":\"ListItem\",\"position\":1,\"name\":\"Portada\",\"item\":\"https:\\\/\\\/ccbierzo.com\\\/gl\\\/\"},{\"@type\":\"ListItem\",\"position\":2,\"name\":\"Formaci\u00f3n y empleo\"}]},{\"@type\":\"WebSite\",\"@id\":\"https:\\\/\\\/ccbierzo.com\\\/gl\\\/#website\",\"url\":\"https:\\\/\\\/ccbierzo.com\\\/gl\\\/\",\"name\":\"Consejo Comarcal del Bierzo\",\"description\":\"P\u00e1gina Oficial del Consejo Comarcal del Bierzo\",\"potentialAction\":[{\"@type\":\"SearchAction\",\"target\":{\"@type\":\"EntryPoint\",\"urlTemplate\":\"https:\\\/\\\/ccbierzo.com\\\/gl\\\/?s={search_term_string}\"},\"query-input\":{\"@type\":\"PropertyValueSpecification\",\"valueRequired\":true,\"valueName\":\"search_term_string\"}}],\"inLanguage\":\"gl-ES\"},{\"@type\":\"Person\",\"@id\":\"https:\\\/\\\/ccbierzo.com\\\/gl\\\/#\\\/schema\\\/person\\\/4e9a8395b397b1d4b8695a5274072278\",\"name\":\"Marta Vidal\"}]}<\/script>\n<!-- \/ Yoast SEO plugin. -->","yoast_head_json":{"title":"Formaci\u00f3n y empleo - Consejo Comarcal del Bierzo","robots":{"index":"index","follow":"follow","max-snippet":"max-snippet:-1","max-image-preview":"max-image-preview:large","max-video-preview":"max-video-preview:-1"},"canonical":"https:\/\/ccbierzo.com\/acciones-para-el-empleo\/","og_locale":"gl_ES","og_type":"article","og_title":"Formaci\u00f3n y empleo - Consejo Comarcal del Bierzo","og_description":"Una veintena de alumnas y alumnos de los programas mixtos de formaci\u00f3n y empleo Berizum III y Lembranza III recogieron este jueves sus diplomas despu\u00e9s de un a\u00f1o de formaci\u00f3n.","og_url":"https:\/\/ccbierzo.com\/acciones-para-el-empleo\/","og_site_name":"Consejo Comarcal del Bierzo","article_published_time":"2019-10-31T12:22:44+00:00","article_modified_time":"2019-10-31T12:23:13+00:00","og_image":[{"width":1500,"height":1000,"url":"https:\/\/ccbierzo.com\/wp-content\/uploads\/2019\/10\/clausura1.jpg","type":"image\/jpeg"}],"author":"Marta Vidal","twitter_card":"summary_large_image","twitter_misc":{"Escrito por":"Marta Vidal","Tempo de lectura":"1 minuto"},"schema":{"@context":"https:\/\/schema.org","@graph":[{"@type":"Article","@id":"https:\/\/ccbierzo.com\/acciones-para-el-empleo\/#article","isPartOf":{"@id":"https:\/\/ccbierzo.com\/acciones-para-el-empleo\/"},"author":{"name":"Marta Vidal","@id":"https:\/\/ccbierzo.com\/gl\/#\/schema\/person\/4e9a8395b397b1d4b8695a5274072278"},"headline":"Formaci\u00f3n y empleo","datePublished":"2019-10-31T12:22:44+00:00","dateModified":"2019-10-31T12:23:13+00:00","mainEntityOfPage":{"@id":"https:\/\/ccbierzo.com\/acciones-para-el-empleo\/"},"wordCount":179,"image":{"@id":"https:\/\/ccbierzo.com\/acciones-para-el-empleo\/#primaryimage"},"thumbnailUrl":"https:\/\/ccbierzo.com\/wp-content\/uploads\/2019\/10\/clausura1.jpg","keywords":["Berizum III","Lembranza III"],"articleSection":["Empleo","Formaci\u00f3n"],"inLanguage":"gl-ES"},{"@type":"WebPage","@id":"https:\/\/ccbierzo.com\/acciones-para-el-empleo\/","url":"https:\/\/ccbierzo.com\/acciones-para-el-empleo\/","name":"Formaci\u00f3n y empleo - Consejo Comarcal del Bierzo","isPartOf":{"@id":"https:\/\/ccbierzo.com\/gl\/#website"},"primaryImageOfPage":{"@id":"https:\/\/ccbierzo.com\/acciones-para-el-empleo\/#primaryimage"},"image":{"@id":"https:\/\/ccbierzo.com\/acciones-para-el-empleo\/#primaryimage"},"thumbnailUrl":"https:\/\/ccbierzo.com\/wp-content\/uploads\/2019\/10\/clausura1.jpg","datePublished":"2019-10-31T12:22:44+00:00","dateModified":"2019-10-31T12:23:13+00:00","author":{"@id":"https:\/\/ccbierzo.com\/gl\/#\/schema\/person\/4e9a8395b397b1d4b8695a5274072278"},"breadcrumb":{"@id":"https:\/\/ccbierzo.com\/acciones-para-el-empleo\/#breadcrumb"},"inLanguage":"gl-ES","potentialAction":[{"@type":"ReadAction","target":["https:\/\/ccbierzo.com\/acciones-para-el-empleo\/"]}]},{"@type":"ImageObject","inLanguage":"gl-ES","@id":"https:\/\/ccbierzo.com\/acciones-para-el-empleo\/#primaryimage","url":"https:\/\/ccbierzo.com\/wp-content\/uploads\/2019\/10\/clausura1.jpg","contentUrl":"https:\/\/ccbierzo.com\/wp-content\/uploads\/2019\/10\/clausura1.jpg","width":1500,"height":1000,"caption":"Clausura de los programas Berizum III y Lembranza III"},{"@type":"BreadcrumbList","@id":"https:\/\/ccbierzo.com\/acciones-para-el-empleo\/#breadcrumb","itemListElement":[{"@type":"ListItem","position":1,"name":"Portada","item":"https:\/\/ccbierzo.com\/gl\/"},{"@type":"ListItem","position":2,"name":"Formaci\u00f3n y empleo"}]},{"@type":"WebSite","@id":"https:\/\/ccbierzo.com\/gl\/#website","url":"https:\/\/ccbierzo.com\/gl\/","name":"Consejo Comarcal del Bierzo","description":"P\u00e1gina Oficial del Consejo Comarcal del Bierzo","potentialAction":[{"@type":"SearchAction","target":{"@type":"EntryPoint","urlTemplate":"https:\/\/ccbierzo.com\/gl\/?s={search_term_string}"},"query-input":{"@type":"PropertyValueSpecification","valueRequired":true,"valueName":"search_term_string"}}],"inLanguage":"gl-ES"},{"@type":"Person","@id":"https:\/\/ccbierzo.com\/gl\/#\/schema\/person\/4e9a8395b397b1d4b8695a5274072278","name":"Marta Vidal"}]}},"_links":{"self":[{"href":"https:\/\/ccbierzo.com\/gl\/wp-json\/wp\/v2\/posts\/127139","targetHints":{"allow":["GET"]}}],"collection":[{"href":"https:\/\/ccbierzo.com\/gl\/wp-json\/wp\/v2\/posts"}],"about":[{"href":"https:\/\/ccbierzo.com\/gl\/wp-json\/wp\/v2\/types\/post"}],"author":[{"embeddable":true,"href":"https:\/\/ccbierzo.com\/gl\/wp-json\/wp\/v2\/users\/3"}],"replies":[{"embeddable":true,"href":"https:\/\/ccbierzo.com\/gl\/wp-json\/wp\/v2\/comments?post=127139"}],"version-history":[{"count":0,"href":"https:\/\/ccbierzo.com\/gl\/wp-json\/wp\/v2\/posts\/127139\/revisions"}],"wp:featuredmedia":[{"embeddable":true,"href":"https:\/\/ccbierzo.com\/gl\/wp-json\/wp\/v2\/media\/127140"}],"wp:attachment":[{"href":"https:\/\/ccbierzo.com\/gl\/wp-json\/wp\/v2\/media?parent=127139"}],"wp:term":[{"taxonomy":"category","embeddable":true,"href":"https:\/\/ccbierzo.com\/gl\/wp-json\/wp\/v2\/categories?post=127139"},{"taxonomy":"post_tag","embeddable":true,"href":"https:\/\/ccbierzo.com\/gl\/wp-json\/wp\/v2\/tags?post=127139"}],"curies":[{"name":"wp","href":"https:\/\/api.w.org\/{rel}","templated":true}]}}