{"id":127129,"date":"2019-10-30T14:22:46","date_gmt":"2019-10-30T13:22:46","guid":{"rendered":"https:\/\/ccbierzo.com\/?p=127129"},"modified":"2019-10-30T14:22:46","modified_gmt":"2019-10-30T13:22:46","slug":"tecom-2019","status":"publish","type":"post","link":"https:\/\/ccbierzo.com\/gl\/tecom-2019\/","title":{"rendered":"TECOM 2019"},"content":{"rendered":"<h4><strong>El Consejo Comarcal patrocina la tercera edici\u00f3n de la Jornada de Nuevas Tecnolog\u00edas y Comunicaci\u00f3n, que se celebra en Ponferrada los d\u00edas 7 y 8 de noviembre. El evento contar\u00e1 con una sala de juegos cl\u00e1sicos de Arcade.<\/strong><\/h4>\n<p>La red social Birttu, en colaboraci\u00f3n con la Asociaci\u00f3n de Editores de la Prensa Espa\u00f1ola (AEEPP) y la Universidad de Le\u00f3n, organiza la tercera edici\u00f3n de TECOM, que se celebra en Ponferrada los d\u00edas 7 y 8 de noviembre y que este mi\u00e9rcoles presentaron el presidente del Consejo Comarcal, Gerardo \u00c1lvarez Courel, y el promotor y organizador del evento, Diego Fern\u00e1ndez.<\/p>\n<p>En esta ocasi\u00f3n, la jornada contar\u00e1 con un sal\u00f3n Arcade y tres ponencias que se centrar\u00e1n en analizar los fen\u00f3menos del Bitcoin y moneda digital; el futuro de los soportes tecnol\u00f3gicos y los retos del periodismo en la era de internet.<\/p>\n<p>La cita, en el Hotel Ponferrada Plaza, comienza a el jueves 7 de noviembre a las 17:00 horas con la apertura del sal\u00f3n de cl\u00e1sicos de Arcade, que permanecer\u00e1 abierto hasta las 21:00 horas y durante la jornada del viernes, en horario de ma\u00f1ana y tarde. La asistencia al sal\u00f3n Arcade es abierta y gratuita hasta completar el aforo, al igual que las ponencias.<\/p>\n<p>Este sal\u00f3n mostrar\u00e1 una veintena de m\u00e1quinas cl\u00e1sicas y videogames de los antiguos salones recreativos de finales de los 80 y comienzo de los 90. La colecci\u00f3n cuenta con la colaboraci\u00f3n de Navarcade y coleccionistas locales de cl\u00e1sicas videoconsolas de Nintendo y ordenadores Amstrad. Tambi\u00e9n se proyectar\u00e1 a las 19:45 el documental &#8216;Videogame, historia del Videojuego&#8217;.<\/p>\n<h5>El viernes, las ponencias<\/h5>\n<p>El viernes 8 se celebrar\u00e1n las ponencias. A las 10:20 horas, el experto Pablo F. Burgue\u00f1o explicar\u00e1 el fen\u00f3meno Bitcoin y moneda digital. El siguiente turno ser\u00e1 para el director de la revista &#8216;Gadget&#8217;, David Bravo, quien ofrecer\u00e1 su visi\u00f3n del futuro de los soportes tecnol\u00f3gicos y de las plataformas de generadores de contenido que vienen. El director de la agencia de noticias ICAL, Luis Miguel Torres, clausurar\u00e1 la jornada con una ponencia sobre los retos del periodismo en la era de internet.<\/p>\n<p>Las personas interesadas en asistir pueden reservar asiento escribiendo a <a href=\"mailto:soporte@birttu.com\">soporte@birttu.com<\/a> con los datos de nombre completo y n\u00famero de tel\u00e9fono m\u00f3vil.<\/p>\n<div class=\"et_pb_slider et_pb_slider_fullwidth_off et_pb_gallery_post_type\">\n\t\t\t\t<div class=\"et_pb_slides\">\n\t\t\t\t\t<div class=\"et_pb_slide\" style=\"background: url(https:\/\/ccbierzo.com\/wp-content\/uploads\/2019\/10\/invitacio2n.jpg);\"><\/div><div class=\"et_pb_slide\" style=\"background: url(https:\/\/ccbierzo.com\/wp-content\/uploads\/2019\/10\/rollup2.jpg);\"><\/div><div class=\"et_pb_slide\" style=\"background: url(https:\/\/ccbierzo.com\/wp-content\/uploads\/2019\/10\/DvCrA-JX4AInT7s-1.jpg);\"><\/div>\n\t\t\t\t<\/div>\n\t\t\t<\/div>\n","protected":false},"excerpt":{"rendered":"<p>El Consejo Comarcal patrocina la tercera edici\u00f3n de la Jornada de Nuevas Tecnolog\u00edas y Comunicaci\u00f3n, que se celebra en Ponferrada los d\u00edas 7 y 8 de noviembre. El evento contar\u00e1 con una sala de juegos cl\u00e1sicos de Arcade.<\/p>\n","protected":false},"author":3,"featured_media":127136,"comment_status":"closed","ping_status":"open","sticky":false,"template":"","format":"standard","meta":{"_et_pb_use_builder":"","_et_pb_old_content":"","_et_gb_content_width":"","footnotes":""},"categories":[22,77,75],"tags":[294,388],"class_list":["post-127129","post","type-post","status-publish","format-standard","has-post-thumbnail","hentry","category-cultura","category-empleo","category-formacion","tag-ponferrada","tag-tecom-2019"],"yoast_head":"<!-- This site is optimized with the Yoast SEO plugin v27.3 - https:\/\/yoast.com\/product\/yoast-seo-wordpress\/ -->\n<title>TECOM 2019 - Consejo Comarcal del Bierzo<\/title>\n<meta name=\"robots\" content=\"index, follow, max-snippet:-1, max-image-preview:large, max-video-preview:-1\" \/>\n<link rel=\"canonical\" href=\"https:\/\/ccbierzo.com\/tecom-2019\/\" \/>\n<meta property=\"og:locale\" content=\"gl_ES\" \/>\n<meta property=\"og:type\" content=\"article\" \/>\n<meta property=\"og:title\" content=\"TECOM 2019 - Consejo Comarcal del Bierzo\" \/>\n<meta property=\"og:description\" content=\"El Consejo Comarcal patrocina la tercera edici\u00f3n de la Jornada de Nuevas Tecnolog\u00edas y Comunicaci\u00f3n, que se celebra en Ponferrada los d\u00edas 7 y 8 de noviembre. El evento contar\u00e1 con una sala de juegos cl\u00e1sicos de Arcade.\" \/>\n<meta property=\"og:url\" content=\"https:\/\/ccbierzo.com\/tecom-2019\/\" \/>\n<meta property=\"og:site_name\" content=\"Consejo Comarcal del Bierzo\" \/>\n<meta property=\"article:published_time\" content=\"2019-10-30T13:22:46+00:00\" \/>\n<meta property=\"og:image\" content=\"https:\/\/ccbierzo.com\/wp-content\/uploads\/2019\/10\/tecom1.jpg\" \/>\n\t<meta property=\"og:image:width\" content=\"1500\" \/>\n\t<meta property=\"og:image:height\" content=\"1000\" \/>\n\t<meta property=\"og:image:type\" content=\"image\/jpeg\" \/>\n<meta name=\"author\" content=\"Marta Vidal\" \/>\n<meta name=\"twitter:card\" content=\"summary_large_image\" \/>\n<meta name=\"twitter:label1\" content=\"Escrito por\" \/>\n\t<meta name=\"twitter:data1\" content=\"Marta Vidal\" \/>\n\t<meta name=\"twitter:label2\" content=\"Tempo de lectura\" \/>\n\t<meta name=\"twitter:data2\" content=\"2 minutos\" \/>\n<script type=\"application\/ld+json\" class=\"yoast-schema-graph\">{\"@context\":\"https:\\\/\\\/schema.org\",\"@graph\":[{\"@type\":\"Article\",\"@id\":\"https:\\\/\\\/ccbierzo.com\\\/tecom-2019\\\/#article\",\"isPartOf\":{\"@id\":\"https:\\\/\\\/ccbierzo.com\\\/tecom-2019\\\/\"},\"author\":{\"name\":\"Marta Vidal\",\"@id\":\"https:\\\/\\\/ccbierzo.com\\\/gl\\\/#\\\/schema\\\/person\\\/4e9a8395b397b1d4b8695a5274072278\"},\"headline\":\"TECOM 2019\",\"datePublished\":\"2019-10-30T13:22:46+00:00\",\"mainEntityOfPage\":{\"@id\":\"https:\\\/\\\/ccbierzo.com\\\/tecom-2019\\\/\"},\"wordCount\":401,\"image\":{\"@id\":\"https:\\\/\\\/ccbierzo.com\\\/tecom-2019\\\/#primaryimage\"},\"thumbnailUrl\":\"https:\\\/\\\/ccbierzo.com\\\/wp-content\\\/uploads\\\/2019\\\/10\\\/tecom1.jpg\",\"keywords\":[\"Ponferrada\",\"TECOM 2019\"],\"articleSection\":[\"Cultura\",\"Empleo\",\"Formaci\u00f3n\"],\"inLanguage\":\"gl-ES\"},{\"@type\":\"WebPage\",\"@id\":\"https:\\\/\\\/ccbierzo.com\\\/tecom-2019\\\/\",\"url\":\"https:\\\/\\\/ccbierzo.com\\\/tecom-2019\\\/\",\"name\":\"TECOM 2019 - Consejo Comarcal del Bierzo\",\"isPartOf\":{\"@id\":\"https:\\\/\\\/ccbierzo.com\\\/gl\\\/#website\"},\"primaryImageOfPage\":{\"@id\":\"https:\\\/\\\/ccbierzo.com\\\/tecom-2019\\\/#primaryimage\"},\"image\":{\"@id\":\"https:\\\/\\\/ccbierzo.com\\\/tecom-2019\\\/#primaryimage\"},\"thumbnailUrl\":\"https:\\\/\\\/ccbierzo.com\\\/wp-content\\\/uploads\\\/2019\\\/10\\\/tecom1.jpg\",\"datePublished\":\"2019-10-30T13:22:46+00:00\",\"author\":{\"@id\":\"https:\\\/\\\/ccbierzo.com\\\/gl\\\/#\\\/schema\\\/person\\\/4e9a8395b397b1d4b8695a5274072278\"},\"breadcrumb\":{\"@id\":\"https:\\\/\\\/ccbierzo.com\\\/tecom-2019\\\/#breadcrumb\"},\"inLanguage\":\"gl-ES\",\"potentialAction\":[{\"@type\":\"ReadAction\",\"target\":[\"https:\\\/\\\/ccbierzo.com\\\/tecom-2019\\\/\"]}]},{\"@type\":\"ImageObject\",\"inLanguage\":\"gl-ES\",\"@id\":\"https:\\\/\\\/ccbierzo.com\\\/tecom-2019\\\/#primaryimage\",\"url\":\"https:\\\/\\\/ccbierzo.com\\\/wp-content\\\/uploads\\\/2019\\\/10\\\/tecom1.jpg\",\"contentUrl\":\"https:\\\/\\\/ccbierzo.com\\\/wp-content\\\/uploads\\\/2019\\\/10\\\/tecom1.jpg\",\"width\":1500,\"height\":1000,\"caption\":\"Presentaci\u00f3n TECOM 2019\"},{\"@type\":\"BreadcrumbList\",\"@id\":\"https:\\\/\\\/ccbierzo.com\\\/tecom-2019\\\/#breadcrumb\",\"itemListElement\":[{\"@type\":\"ListItem\",\"position\":1,\"name\":\"Portada\",\"item\":\"https:\\\/\\\/ccbierzo.com\\\/gl\\\/\"},{\"@type\":\"ListItem\",\"position\":2,\"name\":\"TECOM 2019\"}]},{\"@type\":\"WebSite\",\"@id\":\"https:\\\/\\\/ccbierzo.com\\\/gl\\\/#website\",\"url\":\"https:\\\/\\\/ccbierzo.com\\\/gl\\\/\",\"name\":\"Consejo Comarcal del Bierzo\",\"description\":\"P\u00e1gina Oficial del Consejo Comarcal del Bierzo\",\"potentialAction\":[{\"@type\":\"SearchAction\",\"target\":{\"@type\":\"EntryPoint\",\"urlTemplate\":\"https:\\\/\\\/ccbierzo.com\\\/gl\\\/?s={search_term_string}\"},\"query-input\":{\"@type\":\"PropertyValueSpecification\",\"valueRequired\":true,\"valueName\":\"search_term_string\"}}],\"inLanguage\":\"gl-ES\"},{\"@type\":\"Person\",\"@id\":\"https:\\\/\\\/ccbierzo.com\\\/gl\\\/#\\\/schema\\\/person\\\/4e9a8395b397b1d4b8695a5274072278\",\"name\":\"Marta Vidal\"}]}<\/script>\n<!-- \/ Yoast SEO plugin. -->","yoast_head_json":{"title":"TECOM 2019 - Consejo Comarcal del Bierzo","robots":{"index":"index","follow":"follow","max-snippet":"max-snippet:-1","max-image-preview":"max-image-preview:large","max-video-preview":"max-video-preview:-1"},"canonical":"https:\/\/ccbierzo.com\/tecom-2019\/","og_locale":"gl_ES","og_type":"article","og_title":"TECOM 2019 - Consejo Comarcal del Bierzo","og_description":"El Consejo Comarcal patrocina la tercera edici\u00f3n de la Jornada de Nuevas Tecnolog\u00edas y Comunicaci\u00f3n, que se celebra en Ponferrada los d\u00edas 7 y 8 de noviembre. El evento contar\u00e1 con una sala de juegos cl\u00e1sicos de Arcade.","og_url":"https:\/\/ccbierzo.com\/tecom-2019\/","og_site_name":"Consejo Comarcal del Bierzo","article_published_time":"2019-10-30T13:22:46+00:00","og_image":[{"width":1500,"height":1000,"url":"https:\/\/ccbierzo.com\/wp-content\/uploads\/2019\/10\/tecom1.jpg","type":"image\/jpeg"}],"author":"Marta Vidal","twitter_card":"summary_large_image","twitter_misc":{"Escrito por":"Marta Vidal","Tempo de lectura":"2 minutos"},"schema":{"@context":"https:\/\/schema.org","@graph":[{"@type":"Article","@id":"https:\/\/ccbierzo.com\/tecom-2019\/#article","isPartOf":{"@id":"https:\/\/ccbierzo.com\/tecom-2019\/"},"author":{"name":"Marta Vidal","@id":"https:\/\/ccbierzo.com\/gl\/#\/schema\/person\/4e9a8395b397b1d4b8695a5274072278"},"headline":"TECOM 2019","datePublished":"2019-10-30T13:22:46+00:00","mainEntityOfPage":{"@id":"https:\/\/ccbierzo.com\/tecom-2019\/"},"wordCount":401,"image":{"@id":"https:\/\/ccbierzo.com\/tecom-2019\/#primaryimage"},"thumbnailUrl":"https:\/\/ccbierzo.com\/wp-content\/uploads\/2019\/10\/tecom1.jpg","keywords":["Ponferrada","TECOM 2019"],"articleSection":["Cultura","Empleo","Formaci\u00f3n"],"inLanguage":"gl-ES"},{"@type":"WebPage","@id":"https:\/\/ccbierzo.com\/tecom-2019\/","url":"https:\/\/ccbierzo.com\/tecom-2019\/","name":"TECOM 2019 - Consejo Comarcal del Bierzo","isPartOf":{"@id":"https:\/\/ccbierzo.com\/gl\/#website"},"primaryImageOfPage":{"@id":"https:\/\/ccbierzo.com\/tecom-2019\/#primaryimage"},"image":{"@id":"https:\/\/ccbierzo.com\/tecom-2019\/#primaryimage"},"thumbnailUrl":"https:\/\/ccbierzo.com\/wp-content\/uploads\/2019\/10\/tecom1.jpg","datePublished":"2019-10-30T13:22:46+00:00","author":{"@id":"https:\/\/ccbierzo.com\/gl\/#\/schema\/person\/4e9a8395b397b1d4b8695a5274072278"},"breadcrumb":{"@id":"https:\/\/ccbierzo.com\/tecom-2019\/#breadcrumb"},"inLanguage":"gl-ES","potentialAction":[{"@type":"ReadAction","target":["https:\/\/ccbierzo.com\/tecom-2019\/"]}]},{"@type":"ImageObject","inLanguage":"gl-ES","@id":"https:\/\/ccbierzo.com\/tecom-2019\/#primaryimage","url":"https:\/\/ccbierzo.com\/wp-content\/uploads\/2019\/10\/tecom1.jpg","contentUrl":"https:\/\/ccbierzo.com\/wp-content\/uploads\/2019\/10\/tecom1.jpg","width":1500,"height":1000,"caption":"Presentaci\u00f3n TECOM 2019"},{"@type":"BreadcrumbList","@id":"https:\/\/ccbierzo.com\/tecom-2019\/#breadcrumb","itemListElement":[{"@type":"ListItem","position":1,"name":"Portada","item":"https:\/\/ccbierzo.com\/gl\/"},{"@type":"ListItem","position":2,"name":"TECOM 2019"}]},{"@type":"WebSite","@id":"https:\/\/ccbierzo.com\/gl\/#website","url":"https:\/\/ccbierzo.com\/gl\/","name":"Consejo Comarcal del Bierzo","description":"P\u00e1gina Oficial del Consejo Comarcal del Bierzo","potentialAction":[{"@type":"SearchAction","target":{"@type":"EntryPoint","urlTemplate":"https:\/\/ccbierzo.com\/gl\/?s={search_term_string}"},"query-input":{"@type":"PropertyValueSpecification","valueRequired":true,"valueName":"search_term_string"}}],"inLanguage":"gl-ES"},{"@type":"Person","@id":"https:\/\/ccbierzo.com\/gl\/#\/schema\/person\/4e9a8395b397b1d4b8695a5274072278","name":"Marta Vidal"}]}},"_links":{"self":[{"href":"https:\/\/ccbierzo.com\/gl\/wp-json\/wp\/v2\/posts\/127129","targetHints":{"allow":["GET"]}}],"collection":[{"href":"https:\/\/ccbierzo.com\/gl\/wp-json\/wp\/v2\/posts"}],"about":[{"href":"https:\/\/ccbierzo.com\/gl\/wp-json\/wp\/v2\/types\/post"}],"author":[{"embeddable":true,"href":"https:\/\/ccbierzo.com\/gl\/wp-json\/wp\/v2\/users\/3"}],"replies":[{"embeddable":true,"href":"https:\/\/ccbierzo.com\/gl\/wp-json\/wp\/v2\/comments?post=127129"}],"version-history":[{"count":0,"href":"https:\/\/ccbierzo.com\/gl\/wp-json\/wp\/v2\/posts\/127129\/revisions"}],"wp:featuredmedia":[{"embeddable":true,"href":"https:\/\/ccbierzo.com\/gl\/wp-json\/wp\/v2\/media\/127136"}],"wp:attachment":[{"href":"https:\/\/ccbierzo.com\/gl\/wp-json\/wp\/v2\/media?parent=127129"}],"wp:term":[{"taxonomy":"category","embeddable":true,"href":"https:\/\/ccbierzo.com\/gl\/wp-json\/wp\/v2\/categories?post=127129"},{"taxonomy":"post_tag","embeddable":true,"href":"https:\/\/ccbierzo.com\/gl\/wp-json\/wp\/v2\/tags?post=127129"}],"curies":[{"name":"wp","href":"https:\/\/api.w.org\/{rel}","templated":true}]}}