{"id":126995,"date":"2019-10-16T13:27:31","date_gmt":"2019-10-16T11:27:31","guid":{"rendered":"https:\/\/ccbierzo.com\/?p=126995"},"modified":"2019-10-16T17:48:09","modified_gmt":"2019-10-16T15:48:09","slug":"producto-innovador","status":"publish","type":"post","link":"https:\/\/ccbierzo.com\/gl\/producto-innovador\/","title":{"rendered":"Producto innovador"},"content":{"rendered":"<p><strong>Una miel berciana consigue el Premio al Producto Innovador en la Feria de Productos de Le\u00f3n. La empresa que la fabrica fue creada con el asesoramiento del SIE y con terrenos proporcionados por el Banco de Tierras.<\/strong><\/p>\n<p>La miel infusionada con ajo negro de 28 Lunas Miel consigui\u00f3 el Premio al Producto Innovador que otorga la Feria de Productos de Le\u00f3n que se celebr\u00f3 del 10 al 13 de octubre en el Palacio de Exposiciones de la capital de la provincia. La creaci\u00f3n de la empresa, del Valle de Fornela, cont\u00f3 con el asesoramiento del Servicio de Iniciativas Emprendedoras (SIE) del Consejo Comarcal. Por su parte, el Banco de Tierras proporcion\u00f3 terremos aptos para la explotaci\u00f3n ap\u00edcola.<\/p>\n<p>El SIE ofrece asesoramiento y apoyo a emprendedores y emprendedoras de la comarca en la puesta en marcha de un negocio, desde la idea inicial hasta el comienzo de la actividad.<\/p>\n<p>&nbsp;<\/p>\n<p>&nbsp;<\/p>\n","protected":false},"excerpt":{"rendered":"<p>Una miel berciana consigue el Premio al Producto Innovador en la Feria de Productos de Le\u00f3n. La empresa que la fabrica fue creada con el asesoramiento del SIE y con terrenos proporcionados por el Banco de Tierras.<\/p>\n","protected":false},"author":3,"featured_media":126996,"comment_status":"closed","ping_status":"open","sticky":false,"template":"","format":"standard","meta":{"_et_pb_use_builder":"","_et_pb_old_content":"","_et_gb_content_width":"","footnotes":""},"categories":[77],"tags":[311],"class_list":["post-126995","post","type-post","status-publish","format-standard","has-post-thumbnail","hentry","category-empleo","tag-servicio-de-iniciativas-emprendedoras"],"yoast_head":"<!-- This site is optimized with the Yoast SEO plugin v27.3 - https:\/\/yoast.com\/product\/yoast-seo-wordpress\/ -->\n<title>Producto innovador - Consejo Comarcal del Bierzo<\/title>\n<meta name=\"robots\" content=\"index, follow, max-snippet:-1, max-image-preview:large, max-video-preview:-1\" \/>\n<link rel=\"canonical\" href=\"https:\/\/ccbierzo.com\/producto-innovador\/\" \/>\n<meta property=\"og:locale\" content=\"gl_ES\" \/>\n<meta property=\"og:type\" content=\"article\" \/>\n<meta property=\"og:title\" content=\"Producto innovador - Consejo Comarcal del Bierzo\" \/>\n<meta property=\"og:description\" content=\"Una miel berciana consigue el Premio al Producto Innovador en la Feria de Productos de Le\u00f3n. La empresa que la fabrica fue creada con el asesoramiento del SIE y con terrenos proporcionados por el Banco de Tierras.\" \/>\n<meta property=\"og:url\" content=\"https:\/\/ccbierzo.com\/producto-innovador\/\" \/>\n<meta property=\"og:site_name\" content=\"Consejo Comarcal del Bierzo\" \/>\n<meta property=\"article:published_time\" content=\"2019-10-16T11:27:31+00:00\" \/>\n<meta property=\"article:modified_time\" content=\"2019-10-16T15:48:09+00:00\" \/>\n<meta property=\"og:image\" content=\"https:\/\/ccbierzo.com\/wp-content\/uploads\/2019\/10\/producto-novedad.jpg\" \/>\n\t<meta property=\"og:image:width\" content=\"1500\" \/>\n\t<meta property=\"og:image:height\" content=\"1000\" \/>\n\t<meta property=\"og:image:type\" content=\"image\/jpeg\" \/>\n<meta name=\"author\" content=\"Marta Vidal\" \/>\n<meta name=\"twitter:card\" content=\"summary_large_image\" \/>\n<meta name=\"twitter:label1\" content=\"Escrito por\" \/>\n\t<meta name=\"twitter:data1\" content=\"Marta Vidal\" \/>\n\t<meta name=\"twitter:label2\" content=\"Tempo de lectura\" \/>\n\t<meta name=\"twitter:data2\" content=\"1 minuto\" \/>\n<script type=\"application\/ld+json\" class=\"yoast-schema-graph\">{\"@context\":\"https:\\\/\\\/schema.org\",\"@graph\":[{\"@type\":\"Article\",\"@id\":\"https:\\\/\\\/ccbierzo.com\\\/producto-innovador\\\/#article\",\"isPartOf\":{\"@id\":\"https:\\\/\\\/ccbierzo.com\\\/producto-innovador\\\/\"},\"author\":{\"name\":\"Marta Vidal\",\"@id\":\"https:\\\/\\\/ccbierzo.com\\\/gl\\\/#\\\/schema\\\/person\\\/4e9a8395b397b1d4b8695a5274072278\"},\"headline\":\"Producto innovador\",\"datePublished\":\"2019-10-16T11:27:31+00:00\",\"dateModified\":\"2019-10-16T15:48:09+00:00\",\"mainEntityOfPage\":{\"@id\":\"https:\\\/\\\/ccbierzo.com\\\/producto-innovador\\\/\"},\"wordCount\":154,\"image\":{\"@id\":\"https:\\\/\\\/ccbierzo.com\\\/producto-innovador\\\/#primaryimage\"},\"thumbnailUrl\":\"https:\\\/\\\/ccbierzo.com\\\/wp-content\\\/uploads\\\/2019\\\/10\\\/producto-novedad.jpg\",\"keywords\":[\"Servicio de Iniciativas Emprendedoras\"],\"articleSection\":[\"Empleo\"],\"inLanguage\":\"gl-ES\"},{\"@type\":\"WebPage\",\"@id\":\"https:\\\/\\\/ccbierzo.com\\\/producto-innovador\\\/\",\"url\":\"https:\\\/\\\/ccbierzo.com\\\/producto-innovador\\\/\",\"name\":\"Producto innovador - Consejo Comarcal del Bierzo\",\"isPartOf\":{\"@id\":\"https:\\\/\\\/ccbierzo.com\\\/gl\\\/#website\"},\"primaryImageOfPage\":{\"@id\":\"https:\\\/\\\/ccbierzo.com\\\/producto-innovador\\\/#primaryimage\"},\"image\":{\"@id\":\"https:\\\/\\\/ccbierzo.com\\\/producto-innovador\\\/#primaryimage\"},\"thumbnailUrl\":\"https:\\\/\\\/ccbierzo.com\\\/wp-content\\\/uploads\\\/2019\\\/10\\\/producto-novedad.jpg\",\"datePublished\":\"2019-10-16T11:27:31+00:00\",\"dateModified\":\"2019-10-16T15:48:09+00:00\",\"author\":{\"@id\":\"https:\\\/\\\/ccbierzo.com\\\/gl\\\/#\\\/schema\\\/person\\\/4e9a8395b397b1d4b8695a5274072278\"},\"breadcrumb\":{\"@id\":\"https:\\\/\\\/ccbierzo.com\\\/producto-innovador\\\/#breadcrumb\"},\"inLanguage\":\"gl-ES\",\"potentialAction\":[{\"@type\":\"ReadAction\",\"target\":[\"https:\\\/\\\/ccbierzo.com\\\/producto-innovador\\\/\"]}]},{\"@type\":\"ImageObject\",\"inLanguage\":\"gl-ES\",\"@id\":\"https:\\\/\\\/ccbierzo.com\\\/producto-innovador\\\/#primaryimage\",\"url\":\"https:\\\/\\\/ccbierzo.com\\\/wp-content\\\/uploads\\\/2019\\\/10\\\/producto-novedad.jpg\",\"contentUrl\":\"https:\\\/\\\/ccbierzo.com\\\/wp-content\\\/uploads\\\/2019\\\/10\\\/producto-novedad.jpg\",\"width\":1500,\"height\":1000,\"caption\":\"28 Lunas Miel\"},{\"@type\":\"BreadcrumbList\",\"@id\":\"https:\\\/\\\/ccbierzo.com\\\/producto-innovador\\\/#breadcrumb\",\"itemListElement\":[{\"@type\":\"ListItem\",\"position\":1,\"name\":\"Portada\",\"item\":\"https:\\\/\\\/ccbierzo.com\\\/gl\\\/\"},{\"@type\":\"ListItem\",\"position\":2,\"name\":\"Producto innovador\"}]},{\"@type\":\"WebSite\",\"@id\":\"https:\\\/\\\/ccbierzo.com\\\/gl\\\/#website\",\"url\":\"https:\\\/\\\/ccbierzo.com\\\/gl\\\/\",\"name\":\"Consejo Comarcal del Bierzo\",\"description\":\"P\u00e1gina Oficial del Consejo Comarcal del Bierzo\",\"potentialAction\":[{\"@type\":\"SearchAction\",\"target\":{\"@type\":\"EntryPoint\",\"urlTemplate\":\"https:\\\/\\\/ccbierzo.com\\\/gl\\\/?s={search_term_string}\"},\"query-input\":{\"@type\":\"PropertyValueSpecification\",\"valueRequired\":true,\"valueName\":\"search_term_string\"}}],\"inLanguage\":\"gl-ES\"},{\"@type\":\"Person\",\"@id\":\"https:\\\/\\\/ccbierzo.com\\\/gl\\\/#\\\/schema\\\/person\\\/4e9a8395b397b1d4b8695a5274072278\",\"name\":\"Marta Vidal\"}]}<\/script>\n<!-- \/ Yoast SEO plugin. -->","yoast_head_json":{"title":"Producto innovador - Consejo Comarcal del Bierzo","robots":{"index":"index","follow":"follow","max-snippet":"max-snippet:-1","max-image-preview":"max-image-preview:large","max-video-preview":"max-video-preview:-1"},"canonical":"https:\/\/ccbierzo.com\/producto-innovador\/","og_locale":"gl_ES","og_type":"article","og_title":"Producto innovador - Consejo Comarcal del Bierzo","og_description":"Una miel berciana consigue el Premio al Producto Innovador en la Feria de Productos de Le\u00f3n. La empresa que la fabrica fue creada con el asesoramiento del SIE y con terrenos proporcionados por el Banco de Tierras.","og_url":"https:\/\/ccbierzo.com\/producto-innovador\/","og_site_name":"Consejo Comarcal del Bierzo","article_published_time":"2019-10-16T11:27:31+00:00","article_modified_time":"2019-10-16T15:48:09+00:00","og_image":[{"width":1500,"height":1000,"url":"https:\/\/ccbierzo.com\/wp-content\/uploads\/2019\/10\/producto-novedad.jpg","type":"image\/jpeg"}],"author":"Marta Vidal","twitter_card":"summary_large_image","twitter_misc":{"Escrito por":"Marta Vidal","Tempo de lectura":"1 minuto"},"schema":{"@context":"https:\/\/schema.org","@graph":[{"@type":"Article","@id":"https:\/\/ccbierzo.com\/producto-innovador\/#article","isPartOf":{"@id":"https:\/\/ccbierzo.com\/producto-innovador\/"},"author":{"name":"Marta Vidal","@id":"https:\/\/ccbierzo.com\/gl\/#\/schema\/person\/4e9a8395b397b1d4b8695a5274072278"},"headline":"Producto innovador","datePublished":"2019-10-16T11:27:31+00:00","dateModified":"2019-10-16T15:48:09+00:00","mainEntityOfPage":{"@id":"https:\/\/ccbierzo.com\/producto-innovador\/"},"wordCount":154,"image":{"@id":"https:\/\/ccbierzo.com\/producto-innovador\/#primaryimage"},"thumbnailUrl":"https:\/\/ccbierzo.com\/wp-content\/uploads\/2019\/10\/producto-novedad.jpg","keywords":["Servicio de Iniciativas Emprendedoras"],"articleSection":["Empleo"],"inLanguage":"gl-ES"},{"@type":"WebPage","@id":"https:\/\/ccbierzo.com\/producto-innovador\/","url":"https:\/\/ccbierzo.com\/producto-innovador\/","name":"Producto innovador - Consejo Comarcal del Bierzo","isPartOf":{"@id":"https:\/\/ccbierzo.com\/gl\/#website"},"primaryImageOfPage":{"@id":"https:\/\/ccbierzo.com\/producto-innovador\/#primaryimage"},"image":{"@id":"https:\/\/ccbierzo.com\/producto-innovador\/#primaryimage"},"thumbnailUrl":"https:\/\/ccbierzo.com\/wp-content\/uploads\/2019\/10\/producto-novedad.jpg","datePublished":"2019-10-16T11:27:31+00:00","dateModified":"2019-10-16T15:48:09+00:00","author":{"@id":"https:\/\/ccbierzo.com\/gl\/#\/schema\/person\/4e9a8395b397b1d4b8695a5274072278"},"breadcrumb":{"@id":"https:\/\/ccbierzo.com\/producto-innovador\/#breadcrumb"},"inLanguage":"gl-ES","potentialAction":[{"@type":"ReadAction","target":["https:\/\/ccbierzo.com\/producto-innovador\/"]}]},{"@type":"ImageObject","inLanguage":"gl-ES","@id":"https:\/\/ccbierzo.com\/producto-innovador\/#primaryimage","url":"https:\/\/ccbierzo.com\/wp-content\/uploads\/2019\/10\/producto-novedad.jpg","contentUrl":"https:\/\/ccbierzo.com\/wp-content\/uploads\/2019\/10\/producto-novedad.jpg","width":1500,"height":1000,"caption":"28 Lunas Miel"},{"@type":"BreadcrumbList","@id":"https:\/\/ccbierzo.com\/producto-innovador\/#breadcrumb","itemListElement":[{"@type":"ListItem","position":1,"name":"Portada","item":"https:\/\/ccbierzo.com\/gl\/"},{"@type":"ListItem","position":2,"name":"Producto innovador"}]},{"@type":"WebSite","@id":"https:\/\/ccbierzo.com\/gl\/#website","url":"https:\/\/ccbierzo.com\/gl\/","name":"Consejo Comarcal del Bierzo","description":"P\u00e1gina Oficial del Consejo Comarcal del Bierzo","potentialAction":[{"@type":"SearchAction","target":{"@type":"EntryPoint","urlTemplate":"https:\/\/ccbierzo.com\/gl\/?s={search_term_string}"},"query-input":{"@type":"PropertyValueSpecification","valueRequired":true,"valueName":"search_term_string"}}],"inLanguage":"gl-ES"},{"@type":"Person","@id":"https:\/\/ccbierzo.com\/gl\/#\/schema\/person\/4e9a8395b397b1d4b8695a5274072278","name":"Marta Vidal"}]}},"_links":{"self":[{"href":"https:\/\/ccbierzo.com\/gl\/wp-json\/wp\/v2\/posts\/126995","targetHints":{"allow":["GET"]}}],"collection":[{"href":"https:\/\/ccbierzo.com\/gl\/wp-json\/wp\/v2\/posts"}],"about":[{"href":"https:\/\/ccbierzo.com\/gl\/wp-json\/wp\/v2\/types\/post"}],"author":[{"embeddable":true,"href":"https:\/\/ccbierzo.com\/gl\/wp-json\/wp\/v2\/users\/3"}],"replies":[{"embeddable":true,"href":"https:\/\/ccbierzo.com\/gl\/wp-json\/wp\/v2\/comments?post=126995"}],"version-history":[{"count":0,"href":"https:\/\/ccbierzo.com\/gl\/wp-json\/wp\/v2\/posts\/126995\/revisions"}],"wp:featuredmedia":[{"embeddable":true,"href":"https:\/\/ccbierzo.com\/gl\/wp-json\/wp\/v2\/media\/126996"}],"wp:attachment":[{"href":"https:\/\/ccbierzo.com\/gl\/wp-json\/wp\/v2\/media?parent=126995"}],"wp:term":[{"taxonomy":"category","embeddable":true,"href":"https:\/\/ccbierzo.com\/gl\/wp-json\/wp\/v2\/categories?post=126995"},{"taxonomy":"post_tag","embeddable":true,"href":"https:\/\/ccbierzo.com\/gl\/wp-json\/wp\/v2\/tags?post=126995"}],"curies":[{"name":"wp","href":"https:\/\/api.w.org\/{rel}","templated":true}]}}