{"id":126946,"date":"2019-10-12T20:40:31","date_gmt":"2019-10-12T18:40:31","guid":{"rendered":"https:\/\/ccbierzo.com\/?p=126946"},"modified":"2019-10-12T20:41:40","modified_gmt":"2019-10-12T18:41:40","slug":"dia-de-la-romanidad","status":"publish","type":"post","link":"https:\/\/ccbierzo.com\/gl\/dia-de-la-romanidad\/","title":{"rendered":"D\u00eda de la Romanidad"},"content":{"rendered":"<p><strong>Las M\u00e9dulas fueron el escenario del D\u00eda de la Romanidad. El Bierzo se suma a otros territorios que recuerdan un pasado com\u00fan y la influencia romana en la actualidad.<\/strong><\/p>\n<p>Una fotograf\u00eda conmemorativa en el Mirador de Orell\u00e1n y una obra de teatro en la Domus fueron los actos organizados por el presidente y uno de los fundadores del D\u00eda de la Romanidad, Pedro Villanueva, en la comarca. El evento cont\u00f3 con la colaboraci\u00f3n del Consejo Comarcal, el Instituto de Estudios Bercianos, la Asociaci\u00f3n de Municipios del Camino de Santiago de Invierno y los ayuntamientos del Espacio Natural y Cultural de Las M\u00e9dulas.<\/p>\n<p>Representantes de las entidades colaboradoras, entre ellos el presidente del Consejo Comarcal, y miembros de la asociaci\u00f3n Ludus Bergidum Flavium posaron en la fotograf\u00eda conmemorativa. Posteriomente la asociaci\u00f3n de recreadores cacabelenses interpret\u00f3 la obra &#8216;La Conspiraci\u00f3n de la Subura&#8217; en la Domus de Carucedo.<\/p>\n<div class=\"et_pb_slider et_pb_slider_fullwidth_off et_pb_gallery_post_type\">\n\t\t\t\t<div class=\"et_pb_slides\">\n\t\t\t\t\t<div class=\"et_pb_slide\" style=\"background: url(https:\/\/ccbierzo.com\/wp-content\/uploads\/2019\/10\/medulas-mirador-orellan-1.jpg);\"><\/div><div class=\"et_pb_slide\" style=\"background: url(https:\/\/ccbierzo.com\/wp-content\/uploads\/2019\/10\/domus-1-1.jpg);\"><\/div><div class=\"et_pb_slide\" style=\"background: url(https:\/\/ccbierzo.com\/wp-content\/uploads\/2019\/10\/dia-romanidad-7.jpg);\"><\/div><div class=\"et_pb_slide\" style=\"background: url(https:\/\/ccbierzo.com\/wp-content\/uploads\/2019\/10\/dia-romanidad-6.jpg);\"><\/div><div class=\"et_pb_slide\" style=\"background: url(https:\/\/ccbierzo.com\/wp-content\/uploads\/2019\/10\/dia-romanidad-5.jpg);\"><\/div><div class=\"et_pb_slide\" style=\"background: url(https:\/\/ccbierzo.com\/wp-content\/uploads\/2019\/10\/dia-romanidad-4.jpg);\"><\/div><div class=\"et_pb_slide\" style=\"background: url(https:\/\/ccbierzo.com\/wp-content\/uploads\/2019\/10\/dia-romanidad-3.jpg);\"><\/div><div class=\"et_pb_slide\" style=\"background: url(https:\/\/ccbierzo.com\/wp-content\/uploads\/2019\/10\/dia-romanidad-2.jpg);\"><\/div><div class=\"et_pb_slide\" style=\"background: url(https:\/\/ccbierzo.com\/wp-content\/uploads\/2019\/10\/alumnado-berizum.jpg);\"><\/div>\n\t\t\t\t<\/div>\n\t\t\t<\/div>\n<p><span class=\"_3oh- _58nk\">\u00a0<\/span><\/p>\n","protected":false},"excerpt":{"rendered":"<p>Las M\u00e9dulas fueron el escenario del D\u00eda de la Romanidad. El Bierzo se suma a otros territorios que recuerdan un pasado com\u00fan y la influencia romana en la actualidad.<\/p>\n","protected":false},"author":3,"featured_media":126947,"comment_status":"closed","ping_status":"open","sticky":false,"template":"","format":"standard","meta":{"_et_pb_use_builder":"","_et_pb_old_content":"","_et_gb_content_width":"","footnotes":""},"categories":[22],"tags":[375,334,101],"class_list":["post-126946","post","type-post","status-publish","format-standard","has-post-thumbnail","hentry","category-cultura","tag-dia-de-la-romanidad","tag-domus","tag-las-medulas"],"yoast_head":"<!-- This site is optimized with the Yoast SEO plugin v27.3 - https:\/\/yoast.com\/product\/yoast-seo-wordpress\/ -->\n<title>D\u00eda de la Romanidad - Consejo Comarcal del Bierzo<\/title>\n<meta name=\"robots\" content=\"index, follow, max-snippet:-1, max-image-preview:large, max-video-preview:-1\" \/>\n<link rel=\"canonical\" href=\"https:\/\/ccbierzo.com\/dia-de-la-romanidad\/\" \/>\n<meta property=\"og:locale\" content=\"gl_ES\" \/>\n<meta property=\"og:type\" content=\"article\" \/>\n<meta property=\"og:title\" content=\"D\u00eda de la Romanidad - Consejo Comarcal del Bierzo\" \/>\n<meta property=\"og:description\" content=\"Las M\u00e9dulas fueron el escenario del D\u00eda de la Romanidad. El Bierzo se suma a otros territorios que recuerdan un pasado com\u00fan y la influencia romana en la actualidad.\" \/>\n<meta property=\"og:url\" content=\"https:\/\/ccbierzo.com\/dia-de-la-romanidad\/\" \/>\n<meta property=\"og:site_name\" content=\"Consejo Comarcal del Bierzo\" \/>\n<meta property=\"article:published_time\" content=\"2019-10-12T18:40:31+00:00\" \/>\n<meta property=\"article:modified_time\" content=\"2019-10-12T18:41:40+00:00\" \/>\n<meta property=\"og:image\" content=\"https:\/\/ccbierzo.com\/wp-content\/uploads\/2019\/10\/dia-romanidad-1.jpg\" \/>\n\t<meta property=\"og:image:width\" content=\"1500\" \/>\n\t<meta property=\"og:image:height\" content=\"1000\" \/>\n\t<meta property=\"og:image:type\" content=\"image\/jpeg\" \/>\n<meta name=\"author\" content=\"Marta Vidal\" \/>\n<meta name=\"twitter:card\" content=\"summary_large_image\" \/>\n<meta name=\"twitter:label1\" content=\"Escrito por\" \/>\n\t<meta name=\"twitter:data1\" content=\"Marta Vidal\" \/>\n\t<meta name=\"twitter:label2\" content=\"Tempo de lectura\" \/>\n\t<meta name=\"twitter:data2\" content=\"1 minuto\" \/>\n<script type=\"application\/ld+json\" class=\"yoast-schema-graph\">{\"@context\":\"https:\\\/\\\/schema.org\",\"@graph\":[{\"@type\":\"Article\",\"@id\":\"https:\\\/\\\/ccbierzo.com\\\/dia-de-la-romanidad\\\/#article\",\"isPartOf\":{\"@id\":\"https:\\\/\\\/ccbierzo.com\\\/dia-de-la-romanidad\\\/\"},\"author\":{\"name\":\"Marta Vidal\",\"@id\":\"https:\\\/\\\/ccbierzo.com\\\/gl\\\/#\\\/schema\\\/person\\\/4e9a8395b397b1d4b8695a5274072278\"},\"headline\":\"D\u00eda de la Romanidad\",\"datePublished\":\"2019-10-12T18:40:31+00:00\",\"dateModified\":\"2019-10-12T18:41:40+00:00\",\"mainEntityOfPage\":{\"@id\":\"https:\\\/\\\/ccbierzo.com\\\/dia-de-la-romanidad\\\/\"},\"wordCount\":168,\"image\":{\"@id\":\"https:\\\/\\\/ccbierzo.com\\\/dia-de-la-romanidad\\\/#primaryimage\"},\"thumbnailUrl\":\"https:\\\/\\\/ccbierzo.com\\\/wp-content\\\/uploads\\\/2019\\\/10\\\/dia-romanidad-1.jpg\",\"keywords\":[\"D\u00eda de la Romanidad\",\"Domus\",\"Las M\u00e9dulas\"],\"articleSection\":[\"Cultura\"],\"inLanguage\":\"gl-ES\"},{\"@type\":\"WebPage\",\"@id\":\"https:\\\/\\\/ccbierzo.com\\\/dia-de-la-romanidad\\\/\",\"url\":\"https:\\\/\\\/ccbierzo.com\\\/dia-de-la-romanidad\\\/\",\"name\":\"D\u00eda de la Romanidad - Consejo Comarcal del Bierzo\",\"isPartOf\":{\"@id\":\"https:\\\/\\\/ccbierzo.com\\\/gl\\\/#website\"},\"primaryImageOfPage\":{\"@id\":\"https:\\\/\\\/ccbierzo.com\\\/dia-de-la-romanidad\\\/#primaryimage\"},\"image\":{\"@id\":\"https:\\\/\\\/ccbierzo.com\\\/dia-de-la-romanidad\\\/#primaryimage\"},\"thumbnailUrl\":\"https:\\\/\\\/ccbierzo.com\\\/wp-content\\\/uploads\\\/2019\\\/10\\\/dia-romanidad-1.jpg\",\"datePublished\":\"2019-10-12T18:40:31+00:00\",\"dateModified\":\"2019-10-12T18:41:40+00:00\",\"author\":{\"@id\":\"https:\\\/\\\/ccbierzo.com\\\/gl\\\/#\\\/schema\\\/person\\\/4e9a8395b397b1d4b8695a5274072278\"},\"breadcrumb\":{\"@id\":\"https:\\\/\\\/ccbierzo.com\\\/dia-de-la-romanidad\\\/#breadcrumb\"},\"inLanguage\":\"gl-ES\",\"potentialAction\":[{\"@type\":\"ReadAction\",\"target\":[\"https:\\\/\\\/ccbierzo.com\\\/dia-de-la-romanidad\\\/\"]}]},{\"@type\":\"ImageObject\",\"inLanguage\":\"gl-ES\",\"@id\":\"https:\\\/\\\/ccbierzo.com\\\/dia-de-la-romanidad\\\/#primaryimage\",\"url\":\"https:\\\/\\\/ccbierzo.com\\\/wp-content\\\/uploads\\\/2019\\\/10\\\/dia-romanidad-1.jpg\",\"contentUrl\":\"https:\\\/\\\/ccbierzo.com\\\/wp-content\\\/uploads\\\/2019\\\/10\\\/dia-romanidad-1.jpg\",\"width\":1500,\"height\":1000,\"caption\":\"Fotograf\u00eda del D\u00eda de la Romanidad\"},{\"@type\":\"BreadcrumbList\",\"@id\":\"https:\\\/\\\/ccbierzo.com\\\/dia-de-la-romanidad\\\/#breadcrumb\",\"itemListElement\":[{\"@type\":\"ListItem\",\"position\":1,\"name\":\"Portada\",\"item\":\"https:\\\/\\\/ccbierzo.com\\\/gl\\\/\"},{\"@type\":\"ListItem\",\"position\":2,\"name\":\"D\u00eda de la Romanidad\"}]},{\"@type\":\"WebSite\",\"@id\":\"https:\\\/\\\/ccbierzo.com\\\/gl\\\/#website\",\"url\":\"https:\\\/\\\/ccbierzo.com\\\/gl\\\/\",\"name\":\"Consejo Comarcal del Bierzo\",\"description\":\"P\u00e1gina Oficial del Consejo Comarcal del Bierzo\",\"potentialAction\":[{\"@type\":\"SearchAction\",\"target\":{\"@type\":\"EntryPoint\",\"urlTemplate\":\"https:\\\/\\\/ccbierzo.com\\\/gl\\\/?s={search_term_string}\"},\"query-input\":{\"@type\":\"PropertyValueSpecification\",\"valueRequired\":true,\"valueName\":\"search_term_string\"}}],\"inLanguage\":\"gl-ES\"},{\"@type\":\"Person\",\"@id\":\"https:\\\/\\\/ccbierzo.com\\\/gl\\\/#\\\/schema\\\/person\\\/4e9a8395b397b1d4b8695a5274072278\",\"name\":\"Marta Vidal\"}]}<\/script>\n<!-- \/ Yoast SEO plugin. -->","yoast_head_json":{"title":"D\u00eda de la Romanidad - Consejo Comarcal del Bierzo","robots":{"index":"index","follow":"follow","max-snippet":"max-snippet:-1","max-image-preview":"max-image-preview:large","max-video-preview":"max-video-preview:-1"},"canonical":"https:\/\/ccbierzo.com\/dia-de-la-romanidad\/","og_locale":"gl_ES","og_type":"article","og_title":"D\u00eda de la Romanidad - Consejo Comarcal del Bierzo","og_description":"Las M\u00e9dulas fueron el escenario del D\u00eda de la Romanidad. El Bierzo se suma a otros territorios que recuerdan un pasado com\u00fan y la influencia romana en la actualidad.","og_url":"https:\/\/ccbierzo.com\/dia-de-la-romanidad\/","og_site_name":"Consejo Comarcal del Bierzo","article_published_time":"2019-10-12T18:40:31+00:00","article_modified_time":"2019-10-12T18:41:40+00:00","og_image":[{"width":1500,"height":1000,"url":"https:\/\/ccbierzo.com\/wp-content\/uploads\/2019\/10\/dia-romanidad-1.jpg","type":"image\/jpeg"}],"author":"Marta Vidal","twitter_card":"summary_large_image","twitter_misc":{"Escrito por":"Marta Vidal","Tempo de lectura":"1 minuto"},"schema":{"@context":"https:\/\/schema.org","@graph":[{"@type":"Article","@id":"https:\/\/ccbierzo.com\/dia-de-la-romanidad\/#article","isPartOf":{"@id":"https:\/\/ccbierzo.com\/dia-de-la-romanidad\/"},"author":{"name":"Marta Vidal","@id":"https:\/\/ccbierzo.com\/gl\/#\/schema\/person\/4e9a8395b397b1d4b8695a5274072278"},"headline":"D\u00eda de la Romanidad","datePublished":"2019-10-12T18:40:31+00:00","dateModified":"2019-10-12T18:41:40+00:00","mainEntityOfPage":{"@id":"https:\/\/ccbierzo.com\/dia-de-la-romanidad\/"},"wordCount":168,"image":{"@id":"https:\/\/ccbierzo.com\/dia-de-la-romanidad\/#primaryimage"},"thumbnailUrl":"https:\/\/ccbierzo.com\/wp-content\/uploads\/2019\/10\/dia-romanidad-1.jpg","keywords":["D\u00eda de la Romanidad","Domus","Las M\u00e9dulas"],"articleSection":["Cultura"],"inLanguage":"gl-ES"},{"@type":"WebPage","@id":"https:\/\/ccbierzo.com\/dia-de-la-romanidad\/","url":"https:\/\/ccbierzo.com\/dia-de-la-romanidad\/","name":"D\u00eda de la Romanidad - Consejo Comarcal del Bierzo","isPartOf":{"@id":"https:\/\/ccbierzo.com\/gl\/#website"},"primaryImageOfPage":{"@id":"https:\/\/ccbierzo.com\/dia-de-la-romanidad\/#primaryimage"},"image":{"@id":"https:\/\/ccbierzo.com\/dia-de-la-romanidad\/#primaryimage"},"thumbnailUrl":"https:\/\/ccbierzo.com\/wp-content\/uploads\/2019\/10\/dia-romanidad-1.jpg","datePublished":"2019-10-12T18:40:31+00:00","dateModified":"2019-10-12T18:41:40+00:00","author":{"@id":"https:\/\/ccbierzo.com\/gl\/#\/schema\/person\/4e9a8395b397b1d4b8695a5274072278"},"breadcrumb":{"@id":"https:\/\/ccbierzo.com\/dia-de-la-romanidad\/#breadcrumb"},"inLanguage":"gl-ES","potentialAction":[{"@type":"ReadAction","target":["https:\/\/ccbierzo.com\/dia-de-la-romanidad\/"]}]},{"@type":"ImageObject","inLanguage":"gl-ES","@id":"https:\/\/ccbierzo.com\/dia-de-la-romanidad\/#primaryimage","url":"https:\/\/ccbierzo.com\/wp-content\/uploads\/2019\/10\/dia-romanidad-1.jpg","contentUrl":"https:\/\/ccbierzo.com\/wp-content\/uploads\/2019\/10\/dia-romanidad-1.jpg","width":1500,"height":1000,"caption":"Fotograf\u00eda del D\u00eda de la Romanidad"},{"@type":"BreadcrumbList","@id":"https:\/\/ccbierzo.com\/dia-de-la-romanidad\/#breadcrumb","itemListElement":[{"@type":"ListItem","position":1,"name":"Portada","item":"https:\/\/ccbierzo.com\/gl\/"},{"@type":"ListItem","position":2,"name":"D\u00eda de la Romanidad"}]},{"@type":"WebSite","@id":"https:\/\/ccbierzo.com\/gl\/#website","url":"https:\/\/ccbierzo.com\/gl\/","name":"Consejo Comarcal del Bierzo","description":"P\u00e1gina Oficial del Consejo Comarcal del Bierzo","potentialAction":[{"@type":"SearchAction","target":{"@type":"EntryPoint","urlTemplate":"https:\/\/ccbierzo.com\/gl\/?s={search_term_string}"},"query-input":{"@type":"PropertyValueSpecification","valueRequired":true,"valueName":"search_term_string"}}],"inLanguage":"gl-ES"},{"@type":"Person","@id":"https:\/\/ccbierzo.com\/gl\/#\/schema\/person\/4e9a8395b397b1d4b8695a5274072278","name":"Marta Vidal"}]}},"_links":{"self":[{"href":"https:\/\/ccbierzo.com\/gl\/wp-json\/wp\/v2\/posts\/126946","targetHints":{"allow":["GET"]}}],"collection":[{"href":"https:\/\/ccbierzo.com\/gl\/wp-json\/wp\/v2\/posts"}],"about":[{"href":"https:\/\/ccbierzo.com\/gl\/wp-json\/wp\/v2\/types\/post"}],"author":[{"embeddable":true,"href":"https:\/\/ccbierzo.com\/gl\/wp-json\/wp\/v2\/users\/3"}],"replies":[{"embeddable":true,"href":"https:\/\/ccbierzo.com\/gl\/wp-json\/wp\/v2\/comments?post=126946"}],"version-history":[{"count":0,"href":"https:\/\/ccbierzo.com\/gl\/wp-json\/wp\/v2\/posts\/126946\/revisions"}],"wp:featuredmedia":[{"embeddable":true,"href":"https:\/\/ccbierzo.com\/gl\/wp-json\/wp\/v2\/media\/126947"}],"wp:attachment":[{"href":"https:\/\/ccbierzo.com\/gl\/wp-json\/wp\/v2\/media?parent=126946"}],"wp:term":[{"taxonomy":"category","embeddable":true,"href":"https:\/\/ccbierzo.com\/gl\/wp-json\/wp\/v2\/categories?post=126946"},{"taxonomy":"post_tag","embeddable":true,"href":"https:\/\/ccbierzo.com\/gl\/wp-json\/wp\/v2\/tags?post=126946"}],"curies":[{"name":"wp","href":"https:\/\/api.w.org\/{rel}","templated":true}]}}