{"id":126505,"date":"2019-09-01T13:42:39","date_gmt":"2019-09-01T11:42:39","guid":{"rendered":"https:\/\/ccbierzo.com\/?p=126505"},"modified":"2019-09-01T14:13:17","modified_gmt":"2019-09-01T12:13:17","slug":"ruta-por-la-calidad-3","status":"publish","type":"post","link":"https:\/\/ccbierzo.com\/gl\/ruta-por-la-calidad-3\/","title":{"rendered":"\u00c9xito de participantes"},"content":{"rendered":"<p>El Banco de Tierras de El Bierzo celebr\u00f3 este domingo la segunda Ruta por la Calidad de este a\u00f1o. La marcha recorri\u00f3 plantaciones de manzana reineta y de pera conferencia de los municipios de Carracedelo y Camponaraya. Como ocurri\u00f3 en mayo con la ruta dedicada a la cereza, la convocatoria ha sido un \u00e9xito de participaci\u00f3n. Algo m\u00e1s de 60 personas realizaron el recorrido circular de 9 kil\u00f3metros que comenz\u00f3 pasadas las 10:00 horas en las inmediaciones del Monasterio de Santa Mar\u00eda de Carracedo.<\/p>\n<p>A la cita acudieron los presidentes del Consejo Comarcal, Gerardo \u00c1lvarez Courel, y de los consejos reguladores de la Denominaci\u00f3n de Origen Bierzo y de la Indicaci\u00f3n Geogr\u00e1fica Protegida del Pimiento Asado de El Bierzo, Misericordia Bello y Pedro Garc\u00eda; los concejales de los ayuntamientos de Carracedelo y Camponaraya, Daniel Franco y Yoana Mari\u00e1n Franco, y el director t\u00e9cnico de los sellos de calidad, Pablo Linares<\/p>\n<p>El edil de Medio Ambiente y Desarrollo Rural de Carracedelo explic\u00f3 que ya se ha recogido m\u00e1s de la mitad de la cosecha de pera y en breve comenzar\u00e1 la recolecci\u00f3n de manzana. Aunque, seg\u00fan Daniel Franco, \u201ces pronto para adelantar cifras\u201d, el consejo regulador espera alcanzar la cifra de nueve millones de kilos de pera conferencia, lo que supondr\u00eda un 50% de la producci\u00f3n.<\/p>\n<p><img loading=\"lazy\" decoding=\"async\" class=\"aligncenter size-large wp-image-126511\" src=\"https:\/\/ccbierzo.com\/wp-content\/uploads\/2019\/09\/manzana-1-1024x683.jpg\" alt=\"\" width=\"1024\" height=\"683\" srcset=\"https:\/\/ccbierzo.com\/wp-content\/uploads\/2019\/09\/manzana-1-980x653.jpg 980w, https:\/\/ccbierzo.com\/wp-content\/uploads\/2019\/09\/manzana-1-480x320.jpg 480w\" sizes=\"(min-width: 0px) and (max-width: 480px) 480px, (min-width: 481px) and (max-width: 980px) 980px, (min-width: 981px) 1024px, 100vw\" \/><\/p>\n<p><img loading=\"lazy\" decoding=\"async\" class=\"aligncenter size-large wp-image-126513\" src=\"https:\/\/ccbierzo.com\/wp-content\/uploads\/2019\/09\/manzana-3-1024x683.jpg\" alt=\"\" width=\"1024\" height=\"683\" srcset=\"https:\/\/ccbierzo.com\/wp-content\/uploads\/2019\/09\/manzana-3-980x653.jpg 980w, https:\/\/ccbierzo.com\/wp-content\/uploads\/2019\/09\/manzana-3-480x320.jpg 480w\" sizes=\"(min-width: 0px) and (max-width: 480px) 480px, (min-width: 481px) and (max-width: 980px) 980px, (min-width: 981px) 1024px, 100vw\" \/><\/p>\n<p><img loading=\"lazy\" decoding=\"async\" class=\"aligncenter size-large wp-image-126517\" src=\"https:\/\/ccbierzo.com\/wp-content\/uploads\/2019\/09\/manzana-5-1024x683.jpg\" alt=\"\" width=\"1024\" height=\"683\" srcset=\"https:\/\/ccbierzo.com\/wp-content\/uploads\/2019\/09\/manzana-5-980x653.jpg 980w, https:\/\/ccbierzo.com\/wp-content\/uploads\/2019\/09\/manzana-5-480x320.jpg 480w\" sizes=\"(min-width: 0px) and (max-width: 480px) 480px, (min-width: 481px) and (max-width: 980px) 980px, (min-width: 981px) 1024px, 100vw\" \/><\/p>\n<p><img loading=\"lazy\" decoding=\"async\" class=\"aligncenter size-large wp-image-126519\" src=\"https:\/\/ccbierzo.com\/wp-content\/uploads\/2019\/09\/manzana-6-1024x683.jpg\" alt=\"\" width=\"1024\" height=\"683\" srcset=\"https:\/\/ccbierzo.com\/wp-content\/uploads\/2019\/09\/manzana-6-980x653.jpg 980w, https:\/\/ccbierzo.com\/wp-content\/uploads\/2019\/09\/manzana-6-480x320.jpg 480w\" sizes=\"(min-width: 0px) and (max-width: 480px) 480px, (min-width: 481px) and (max-width: 980px) 980px, (min-width: 981px) 1024px, 100vw\" \/><\/p>\n<p><img loading=\"lazy\" decoding=\"async\" class=\"aligncenter size-large wp-image-126521\" src=\"https:\/\/ccbierzo.com\/wp-content\/uploads\/2019\/09\/manzana-7-1024x683.jpg\" alt=\"\" width=\"1024\" height=\"683\" srcset=\"https:\/\/ccbierzo.com\/wp-content\/uploads\/2019\/09\/manzana-7-980x653.jpg 980w, https:\/\/ccbierzo.com\/wp-content\/uploads\/2019\/09\/manzana-7-480x320.jpg 480w\" sizes=\"(min-width: 0px) and (max-width: 480px) 480px, (min-width: 481px) and (max-width: 980px) 980px, (min-width: 981px) 1024px, 100vw\" \/><\/p>\n<p><img loading=\"lazy\" decoding=\"async\" class=\"aligncenter size-large wp-image-126523\" src=\"https:\/\/ccbierzo.com\/wp-content\/uploads\/2019\/09\/manzana-8-1024x683.jpg\" alt=\"\" width=\"1024\" height=\"683\" srcset=\"https:\/\/ccbierzo.com\/wp-content\/uploads\/2019\/09\/manzana-8-980x653.jpg 980w, https:\/\/ccbierzo.com\/wp-content\/uploads\/2019\/09\/manzana-8-480x320.jpg 480w\" sizes=\"(min-width: 0px) and (max-width: 480px) 480px, (min-width: 481px) and (max-width: 980px) 980px, (min-width: 981px) 1024px, 100vw\" \/><\/p>\n<p><img loading=\"lazy\" decoding=\"async\" class=\"aligncenter size-large wp-image-126525\" src=\"https:\/\/ccbierzo.com\/wp-content\/uploads\/2019\/09\/manzana-9-1024x683.jpg\" alt=\"\" width=\"1024\" height=\"683\" srcset=\"https:\/\/ccbierzo.com\/wp-content\/uploads\/2019\/09\/manzana-9-980x653.jpg 980w, https:\/\/ccbierzo.com\/wp-content\/uploads\/2019\/09\/manzana-9-480x320.jpg 480w\" sizes=\"(min-width: 0px) and (max-width: 480px) 480px, (min-width: 481px) and (max-width: 980px) 980px, (min-width: 981px) 1024px, 100vw\" \/><\/p>\n<p><img loading=\"lazy\" decoding=\"async\" class=\"aligncenter size-large wp-image-126527\" src=\"https:\/\/ccbierzo.com\/wp-content\/uploads\/2019\/09\/manzana-10-1024x683.jpg\" alt=\"\" width=\"1024\" height=\"683\" srcset=\"https:\/\/ccbierzo.com\/wp-content\/uploads\/2019\/09\/manzana-10-980x653.jpg 980w, https:\/\/ccbierzo.com\/wp-content\/uploads\/2019\/09\/manzana-10-480x320.jpg 480w\" sizes=\"(min-width: 0px) and (max-width: 480px) 480px, (min-width: 481px) and (max-width: 980px) 980px, (min-width: 981px) 1024px, 100vw\" \/><\/p>\n<p><img loading=\"lazy\" decoding=\"async\" class=\"aligncenter size-large wp-image-126529\" src=\"https:\/\/ccbierzo.com\/wp-content\/uploads\/2019\/09\/manzana-11-1024x683.jpg\" alt=\"\" width=\"1024\" height=\"683\" srcset=\"https:\/\/ccbierzo.com\/wp-content\/uploads\/2019\/09\/manzana-11-980x653.jpg 980w, https:\/\/ccbierzo.com\/wp-content\/uploads\/2019\/09\/manzana-11-480x320.jpg 480w\" sizes=\"(min-width: 0px) and (max-width: 480px) 480px, (min-width: 481px) and (max-width: 980px) 980px, (min-width: 981px) 1024px, 100vw\" \/><\/p>\n<p><img loading=\"lazy\" decoding=\"async\" class=\"aligncenter size-large wp-image-126531\" src=\"https:\/\/ccbierzo.com\/wp-content\/uploads\/2019\/09\/manzana-reineta-1-1024x683.jpg\" alt=\"\" width=\"1024\" height=\"683\" srcset=\"https:\/\/ccbierzo.com\/wp-content\/uploads\/2019\/09\/manzana-reineta-1-980x653.jpg 980w, https:\/\/ccbierzo.com\/wp-content\/uploads\/2019\/09\/manzana-reineta-1-480x320.jpg 480w\" sizes=\"(min-width: 0px) and (max-width: 480px) 480px, (min-width: 481px) and (max-width: 980px) 980px, (min-width: 981px) 1024px, 100vw\" \/><\/p>\n<p><img loading=\"lazy\" decoding=\"async\" class=\"aligncenter size-large wp-image-126533\" src=\"https:\/\/ccbierzo.com\/wp-content\/uploads\/2019\/09\/manzana-reineta-2-1024x683.jpg\" alt=\"\" width=\"1024\" height=\"683\" srcset=\"https:\/\/ccbierzo.com\/wp-content\/uploads\/2019\/09\/manzana-reineta-2-980x653.jpg 980w, https:\/\/ccbierzo.com\/wp-content\/uploads\/2019\/09\/manzana-reineta-2-480x320.jpg 480w\" sizes=\"(min-width: 0px) and (max-width: 480px) 480px, (min-width: 481px) and (max-width: 980px) 980px, (min-width: 981px) 1024px, 100vw\" \/><\/p>\n<p><img loading=\"lazy\" decoding=\"async\" class=\"aligncenter size-large wp-image-126535\" src=\"https:\/\/ccbierzo.com\/wp-content\/uploads\/2019\/09\/pera-conferencia-1024x683.jpg\" alt=\"\" width=\"1024\" height=\"683\" srcset=\"https:\/\/ccbierzo.com\/wp-content\/uploads\/2019\/09\/pera-conferencia-980x653.jpg 980w, https:\/\/ccbierzo.com\/wp-content\/uploads\/2019\/09\/pera-conferencia-480x320.jpg 480w\" sizes=\"(min-width: 0px) and (max-width: 480px) 480px, (min-width: 481px) and (max-width: 980px) 980px, (min-width: 981px) 1024px, 100vw\" \/><\/p>\n<p><img loading=\"lazy\" decoding=\"async\" class=\"aligncenter size-large wp-image-126537\" src=\"https:\/\/ccbierzo.com\/wp-content\/uploads\/2019\/09\/pera-conferencia-2-1024x683.jpg\" alt=\"\" width=\"1024\" height=\"683\" srcset=\"https:\/\/ccbierzo.com\/wp-content\/uploads\/2019\/09\/pera-conferencia-2-980x653.jpg 980w, https:\/\/ccbierzo.com\/wp-content\/uploads\/2019\/09\/pera-conferencia-2-480x320.jpg 480w\" sizes=\"(min-width: 0px) and (max-width: 480px) 480px, (min-width: 481px) and (max-width: 980px) 980px, (min-width: 981px) 1024px, 100vw\" \/><\/p>\n<p><img loading=\"lazy\" decoding=\"async\" class=\"aligncenter size-large wp-image-126539\" src=\"https:\/\/ccbierzo.com\/wp-content\/uploads\/2019\/09\/pera-conferencia-3-1024x683.jpg\" alt=\"\" width=\"1024\" height=\"683\" srcset=\"https:\/\/ccbierzo.com\/wp-content\/uploads\/2019\/09\/pera-conferencia-3-980x653.jpg 980w, https:\/\/ccbierzo.com\/wp-content\/uploads\/2019\/09\/pera-conferencia-3-480x320.jpg 480w\" sizes=\"(min-width: 0px) and (max-width: 480px) 480px, (min-width: 481px) and (max-width: 980px) 980px, (min-width: 981px) 1024px, 100vw\" \/><\/p>\n<p><img loading=\"lazy\" decoding=\"async\" class=\"aligncenter size-large wp-image-126541\" src=\"https:\/\/ccbierzo.com\/wp-content\/uploads\/2019\/09\/plantancion-manzanos-1024x683.jpg\" alt=\"\" width=\"1024\" height=\"683\" srcset=\"https:\/\/ccbierzo.com\/wp-content\/uploads\/2019\/09\/plantancion-manzanos-980x654.jpg 980w, https:\/\/ccbierzo.com\/wp-content\/uploads\/2019\/09\/plantancion-manzanos-480x320.jpg 480w\" sizes=\"(min-width: 0px) and (max-width: 480px) 480px, (min-width: 481px) and (max-width: 980px) 980px, (min-width: 981px) 1024px, 100vw\" \/><\/p>\n<p><img loading=\"lazy\" decoding=\"async\" class=\"aligncenter size-large wp-image-126543\" src=\"https:\/\/ccbierzo.com\/wp-content\/uploads\/2019\/09\/ruta-2-1024x683.jpg\" alt=\"\" width=\"1024\" height=\"683\" srcset=\"https:\/\/ccbierzo.com\/wp-content\/uploads\/2019\/09\/ruta-2-980x653.jpg 980w, https:\/\/ccbierzo.com\/wp-content\/uploads\/2019\/09\/ruta-2-480x320.jpg 480w\" sizes=\"(min-width: 0px) and (max-width: 480px) 480px, (min-width: 481px) and (max-width: 980px) 980px, (min-width: 981px) 1024px, 100vw\" \/><\/p>\n<p>&nbsp;<\/p>\n<p>&nbsp;<\/p>\n","protected":false},"excerpt":{"rendered":"<p>El Consejo Comarcal congrega a 60 senderistas en la Ruta por la Calidad dedicada a la manzana reineta y a la pera conferencia. Se estima que la cosecha de pera alcance los 9 millones de kilos.<\/p>\n","protected":false},"author":3,"featured_media":126506,"comment_status":"closed","ping_status":"open","sticky":false,"template":"","format":"standard","meta":{"_et_pb_use_builder":"","_et_pb_old_content":"","_et_gb_content_width":"","footnotes":""},"categories":[19],"tags":[62],"class_list":["post-126505","post","type-post","status-publish","format-standard","has-post-thumbnail","hentry","category-social","tag-banco-de-tierras-de-el-bierzo"],"yoast_head":"<!-- This site is optimized with the Yoast SEO plugin v27.3 - https:\/\/yoast.com\/product\/yoast-seo-wordpress\/ -->\n<title>\u00c9xito de participantes - Consejo Comarcal del Bierzo<\/title>\n<meta name=\"robots\" content=\"index, follow, max-snippet:-1, max-image-preview:large, max-video-preview:-1\" \/>\n<link rel=\"canonical\" href=\"https:\/\/ccbierzo.com\/ruta-por-la-calidad-3\/\" \/>\n<meta property=\"og:locale\" content=\"gl_ES\" \/>\n<meta property=\"og:type\" content=\"article\" \/>\n<meta property=\"og:title\" content=\"\u00c9xito de participantes - Consejo Comarcal del Bierzo\" \/>\n<meta property=\"og:description\" content=\"El Consejo Comarcal congrega a 60 senderistas en la Ruta por la Calidad dedicada a la manzana reineta y a la pera conferencia. Se estima que la cosecha de pera alcance los 9 millones de kilos.\" \/>\n<meta property=\"og:url\" content=\"https:\/\/ccbierzo.com\/ruta-por-la-calidad-3\/\" \/>\n<meta property=\"og:site_name\" content=\"Consejo Comarcal del Bierzo\" \/>\n<meta property=\"article:published_time\" content=\"2019-09-01T11:42:39+00:00\" \/>\n<meta property=\"article:modified_time\" content=\"2019-09-01T12:13:17+00:00\" \/>\n<meta property=\"og:image\" content=\"https:\/\/ccbierzo.com\/wp-content\/uploads\/2019\/09\/manzana-4.jpg\" \/>\n\t<meta property=\"og:image:width\" content=\"1500\" \/>\n\t<meta property=\"og:image:height\" content=\"1000\" \/>\n\t<meta property=\"og:image:type\" content=\"image\/jpeg\" \/>\n<meta name=\"author\" content=\"Marta Vidal\" \/>\n<meta name=\"twitter:card\" content=\"summary_large_image\" \/>\n<meta name=\"twitter:label1\" content=\"Escrito por\" \/>\n\t<meta name=\"twitter:data1\" content=\"Marta Vidal\" \/>\n\t<meta name=\"twitter:label2\" content=\"Tempo de lectura\" \/>\n\t<meta name=\"twitter:data2\" content=\"1 minuto\" \/>\n<script type=\"application\/ld+json\" class=\"yoast-schema-graph\">{\"@context\":\"https:\\\/\\\/schema.org\",\"@graph\":[{\"@type\":\"Article\",\"@id\":\"https:\\\/\\\/ccbierzo.com\\\/ruta-por-la-calidad-3\\\/#article\",\"isPartOf\":{\"@id\":\"https:\\\/\\\/ccbierzo.com\\\/ruta-por-la-calidad-3\\\/\"},\"author\":{\"name\":\"Marta Vidal\",\"@id\":\"https:\\\/\\\/ccbierzo.com\\\/gl\\\/#\\\/schema\\\/person\\\/4e9a8395b397b1d4b8695a5274072278\"},\"headline\":\"\u00c9xito de participantes\",\"datePublished\":\"2019-09-01T11:42:39+00:00\",\"dateModified\":\"2019-09-01T12:13:17+00:00\",\"mainEntityOfPage\":{\"@id\":\"https:\\\/\\\/ccbierzo.com\\\/ruta-por-la-calidad-3\\\/\"},\"wordCount\":232,\"image\":{\"@id\":\"https:\\\/\\\/ccbierzo.com\\\/ruta-por-la-calidad-3\\\/#primaryimage\"},\"thumbnailUrl\":\"https:\\\/\\\/ccbierzo.com\\\/wp-content\\\/uploads\\\/2019\\\/09\\\/manzana-4.jpg\",\"keywords\":[\"Banco de Tierras de El Bierzo\"],\"articleSection\":[\"Social\"],\"inLanguage\":\"gl-ES\"},{\"@type\":\"WebPage\",\"@id\":\"https:\\\/\\\/ccbierzo.com\\\/ruta-por-la-calidad-3\\\/\",\"url\":\"https:\\\/\\\/ccbierzo.com\\\/ruta-por-la-calidad-3\\\/\",\"name\":\"\u00c9xito de participantes - Consejo Comarcal del Bierzo\",\"isPartOf\":{\"@id\":\"https:\\\/\\\/ccbierzo.com\\\/gl\\\/#website\"},\"primaryImageOfPage\":{\"@id\":\"https:\\\/\\\/ccbierzo.com\\\/ruta-por-la-calidad-3\\\/#primaryimage\"},\"image\":{\"@id\":\"https:\\\/\\\/ccbierzo.com\\\/ruta-por-la-calidad-3\\\/#primaryimage\"},\"thumbnailUrl\":\"https:\\\/\\\/ccbierzo.com\\\/wp-content\\\/uploads\\\/2019\\\/09\\\/manzana-4.jpg\",\"datePublished\":\"2019-09-01T11:42:39+00:00\",\"dateModified\":\"2019-09-01T12:13:17+00:00\",\"author\":{\"@id\":\"https:\\\/\\\/ccbierzo.com\\\/gl\\\/#\\\/schema\\\/person\\\/4e9a8395b397b1d4b8695a5274072278\"},\"breadcrumb\":{\"@id\":\"https:\\\/\\\/ccbierzo.com\\\/ruta-por-la-calidad-3\\\/#breadcrumb\"},\"inLanguage\":\"gl-ES\",\"potentialAction\":[{\"@type\":\"ReadAction\",\"target\":[\"https:\\\/\\\/ccbierzo.com\\\/ruta-por-la-calidad-3\\\/\"]}]},{\"@type\":\"ImageObject\",\"inLanguage\":\"gl-ES\",\"@id\":\"https:\\\/\\\/ccbierzo.com\\\/ruta-por-la-calidad-3\\\/#primaryimage\",\"url\":\"https:\\\/\\\/ccbierzo.com\\\/wp-content\\\/uploads\\\/2019\\\/09\\\/manzana-4.jpg\",\"contentUrl\":\"https:\\\/\\\/ccbierzo.com\\\/wp-content\\\/uploads\\\/2019\\\/09\\\/manzana-4.jpg\",\"width\":1500,\"height\":1000},{\"@type\":\"BreadcrumbList\",\"@id\":\"https:\\\/\\\/ccbierzo.com\\\/ruta-por-la-calidad-3\\\/#breadcrumb\",\"itemListElement\":[{\"@type\":\"ListItem\",\"position\":1,\"name\":\"Portada\",\"item\":\"https:\\\/\\\/ccbierzo.com\\\/gl\\\/\"},{\"@type\":\"ListItem\",\"position\":2,\"name\":\"\u00c9xito de participantes\"}]},{\"@type\":\"WebSite\",\"@id\":\"https:\\\/\\\/ccbierzo.com\\\/gl\\\/#website\",\"url\":\"https:\\\/\\\/ccbierzo.com\\\/gl\\\/\",\"name\":\"Consejo Comarcal del Bierzo\",\"description\":\"P\u00e1gina Oficial del Consejo Comarcal del Bierzo\",\"potentialAction\":[{\"@type\":\"SearchAction\",\"target\":{\"@type\":\"EntryPoint\",\"urlTemplate\":\"https:\\\/\\\/ccbierzo.com\\\/gl\\\/?s={search_term_string}\"},\"query-input\":{\"@type\":\"PropertyValueSpecification\",\"valueRequired\":true,\"valueName\":\"search_term_string\"}}],\"inLanguage\":\"gl-ES\"},{\"@type\":\"Person\",\"@id\":\"https:\\\/\\\/ccbierzo.com\\\/gl\\\/#\\\/schema\\\/person\\\/4e9a8395b397b1d4b8695a5274072278\",\"name\":\"Marta Vidal\"}]}<\/script>\n<!-- \/ Yoast SEO plugin. -->","yoast_head_json":{"title":"\u00c9xito de participantes - Consejo Comarcal del Bierzo","robots":{"index":"index","follow":"follow","max-snippet":"max-snippet:-1","max-image-preview":"max-image-preview:large","max-video-preview":"max-video-preview:-1"},"canonical":"https:\/\/ccbierzo.com\/ruta-por-la-calidad-3\/","og_locale":"gl_ES","og_type":"article","og_title":"\u00c9xito de participantes - Consejo Comarcal del Bierzo","og_description":"El Consejo Comarcal congrega a 60 senderistas en la Ruta por la Calidad dedicada a la manzana reineta y a la pera conferencia. Se estima que la cosecha de pera alcance los 9 millones de kilos.","og_url":"https:\/\/ccbierzo.com\/ruta-por-la-calidad-3\/","og_site_name":"Consejo Comarcal del Bierzo","article_published_time":"2019-09-01T11:42:39+00:00","article_modified_time":"2019-09-01T12:13:17+00:00","og_image":[{"width":1500,"height":1000,"url":"https:\/\/ccbierzo.com\/wp-content\/uploads\/2019\/09\/manzana-4.jpg","type":"image\/jpeg"}],"author":"Marta Vidal","twitter_card":"summary_large_image","twitter_misc":{"Escrito por":"Marta Vidal","Tempo de lectura":"1 minuto"},"schema":{"@context":"https:\/\/schema.org","@graph":[{"@type":"Article","@id":"https:\/\/ccbierzo.com\/ruta-por-la-calidad-3\/#article","isPartOf":{"@id":"https:\/\/ccbierzo.com\/ruta-por-la-calidad-3\/"},"author":{"name":"Marta Vidal","@id":"https:\/\/ccbierzo.com\/gl\/#\/schema\/person\/4e9a8395b397b1d4b8695a5274072278"},"headline":"\u00c9xito de participantes","datePublished":"2019-09-01T11:42:39+00:00","dateModified":"2019-09-01T12:13:17+00:00","mainEntityOfPage":{"@id":"https:\/\/ccbierzo.com\/ruta-por-la-calidad-3\/"},"wordCount":232,"image":{"@id":"https:\/\/ccbierzo.com\/ruta-por-la-calidad-3\/#primaryimage"},"thumbnailUrl":"https:\/\/ccbierzo.com\/wp-content\/uploads\/2019\/09\/manzana-4.jpg","keywords":["Banco de Tierras de El Bierzo"],"articleSection":["Social"],"inLanguage":"gl-ES"},{"@type":"WebPage","@id":"https:\/\/ccbierzo.com\/ruta-por-la-calidad-3\/","url":"https:\/\/ccbierzo.com\/ruta-por-la-calidad-3\/","name":"\u00c9xito de participantes - Consejo Comarcal del Bierzo","isPartOf":{"@id":"https:\/\/ccbierzo.com\/gl\/#website"},"primaryImageOfPage":{"@id":"https:\/\/ccbierzo.com\/ruta-por-la-calidad-3\/#primaryimage"},"image":{"@id":"https:\/\/ccbierzo.com\/ruta-por-la-calidad-3\/#primaryimage"},"thumbnailUrl":"https:\/\/ccbierzo.com\/wp-content\/uploads\/2019\/09\/manzana-4.jpg","datePublished":"2019-09-01T11:42:39+00:00","dateModified":"2019-09-01T12:13:17+00:00","author":{"@id":"https:\/\/ccbierzo.com\/gl\/#\/schema\/person\/4e9a8395b397b1d4b8695a5274072278"},"breadcrumb":{"@id":"https:\/\/ccbierzo.com\/ruta-por-la-calidad-3\/#breadcrumb"},"inLanguage":"gl-ES","potentialAction":[{"@type":"ReadAction","target":["https:\/\/ccbierzo.com\/ruta-por-la-calidad-3\/"]}]},{"@type":"ImageObject","inLanguage":"gl-ES","@id":"https:\/\/ccbierzo.com\/ruta-por-la-calidad-3\/#primaryimage","url":"https:\/\/ccbierzo.com\/wp-content\/uploads\/2019\/09\/manzana-4.jpg","contentUrl":"https:\/\/ccbierzo.com\/wp-content\/uploads\/2019\/09\/manzana-4.jpg","width":1500,"height":1000},{"@type":"BreadcrumbList","@id":"https:\/\/ccbierzo.com\/ruta-por-la-calidad-3\/#breadcrumb","itemListElement":[{"@type":"ListItem","position":1,"name":"Portada","item":"https:\/\/ccbierzo.com\/gl\/"},{"@type":"ListItem","position":2,"name":"\u00c9xito de participantes"}]},{"@type":"WebSite","@id":"https:\/\/ccbierzo.com\/gl\/#website","url":"https:\/\/ccbierzo.com\/gl\/","name":"Consejo Comarcal del Bierzo","description":"P\u00e1gina Oficial del Consejo Comarcal del Bierzo","potentialAction":[{"@type":"SearchAction","target":{"@type":"EntryPoint","urlTemplate":"https:\/\/ccbierzo.com\/gl\/?s={search_term_string}"},"query-input":{"@type":"PropertyValueSpecification","valueRequired":true,"valueName":"search_term_string"}}],"inLanguage":"gl-ES"},{"@type":"Person","@id":"https:\/\/ccbierzo.com\/gl\/#\/schema\/person\/4e9a8395b397b1d4b8695a5274072278","name":"Marta Vidal"}]}},"_links":{"self":[{"href":"https:\/\/ccbierzo.com\/gl\/wp-json\/wp\/v2\/posts\/126505","targetHints":{"allow":["GET"]}}],"collection":[{"href":"https:\/\/ccbierzo.com\/gl\/wp-json\/wp\/v2\/posts"}],"about":[{"href":"https:\/\/ccbierzo.com\/gl\/wp-json\/wp\/v2\/types\/post"}],"author":[{"embeddable":true,"href":"https:\/\/ccbierzo.com\/gl\/wp-json\/wp\/v2\/users\/3"}],"replies":[{"embeddable":true,"href":"https:\/\/ccbierzo.com\/gl\/wp-json\/wp\/v2\/comments?post=126505"}],"version-history":[{"count":0,"href":"https:\/\/ccbierzo.com\/gl\/wp-json\/wp\/v2\/posts\/126505\/revisions"}],"wp:featuredmedia":[{"embeddable":true,"href":"https:\/\/ccbierzo.com\/gl\/wp-json\/wp\/v2\/media\/126506"}],"wp:attachment":[{"href":"https:\/\/ccbierzo.com\/gl\/wp-json\/wp\/v2\/media?parent=126505"}],"wp:term":[{"taxonomy":"category","embeddable":true,"href":"https:\/\/ccbierzo.com\/gl\/wp-json\/wp\/v2\/categories?post=126505"},{"taxonomy":"post_tag","embeddable":true,"href":"https:\/\/ccbierzo.com\/gl\/wp-json\/wp\/v2\/tags?post=126505"}],"curies":[{"name":"wp","href":"https:\/\/api.w.org\/{rel}","templated":true}]}}