{"id":126442,"date":"2019-08-04T14:30:08","date_gmt":"2019-08-04T12:30:08","guid":{"rendered":"https:\/\/ccbierzo.com\/?p=126442"},"modified":"2019-08-12T14:30:32","modified_gmt":"2019-08-12T12:30:32","slug":"palacio-de-canedo","status":"publish","type":"post","link":"https:\/\/ccbierzo.com\/gl\/palacio-de-canedo\/","title":{"rendered":"Palacio de Canedo"},"content":{"rendered":"<p><strong>Los Premios Palacio de Canedo de recuperaci\u00f3n de la arquitectura tradicional repartir\u00e1n 11.500 euros. El Consejo Comarcal es una de las instituciones patrocinadoras.<\/strong><\/p>\n<p>Este viernes 2 de agosto ha quedado oficialmente convocada la XII edici\u00f3n de los premios \u00abPalacio de Canedo\u00bb a la Recuperaci\u00f3n de Edificios en el Medio Rural de nuestra comarca que promueve la Fundaci\u00f3n Prada a Tope. Ser\u00e1 la decimosegunda ocasi\u00f3n en la que se celebra ininterrumpidamente esta iniciativa creada y promovida por el empresario Jos\u00e9 Luis Prada que este a\u00f1oha visto incrementado el n\u00famero de instituciones patrocinadoras de los premios y,<br \/>\npor tanto, la compensaci\u00f3n en met\u00e1lico de los premios en s\u00ed. Ser\u00e1n 11.500 euros los que se repartir\u00e1n entre las diferentes modalidades, 3.000 m\u00e1s que en la \u00faltima edici\u00f3n.<\/p>\n<p>El acto oficinal se celebr\u00f3 en la sede del Consejo Comarcal del Bierzo y en presencia de su presidente Gerardo \u00c1lvarez Courel, as\u00ed como alcaldes de los ayuntamientos de Ponferrada, Olegario Ram\u00f3n, la alcaldesa de Bembibre, Silvia Cao, la teniente de alcalde de Carracedelo Mari Cruz Miguel, el de Arganza, C\u00e9sar Antonio Cabezudo y el de Torre del Bierzo, Gabriel Folgado que patrocinan los premios junto con la propia Fundaci\u00f3n.<\/p>\n<p>Para esta edici\u00f3n se podr\u00e1n presentar antes del 31 de diciembre de 2019 las actuaciones de restauraci\u00f3n y recuperaci\u00f3n de cualquier tipo de construcci\u00f3n del Bierzo. Tras la selecci\u00f3n del Jurado y la oportuna visita a todas ellas, en la primavera de 2020 se har\u00e1 entrega de los premios en el Palacio de Canedo. En total se repartir\u00e1n 11.500 euros en premios. El Consejo Comarcal aporta 3.500, el Ayuntamiento de Ponferrada 2.500, Bembibre 2.000, Carracedelo 1.500,<br \/>\ny Arganza y Torre del Bierzo 1.000 euros cada uno. Ser\u00e1n cuatro premios para categor\u00eda de particulares y otros cuatro para la categor\u00eda de juntas vecinales y otras instituciones p\u00fablicas. Se pasa de seis premios a ocho.<\/p>\n<p>Estos galardones son una iniciativa de la Fundaci\u00f3n Prada a Tope con la que pretende reivindicar y proteger la arquitectura tradicional del Bierzo. Con ello, se quiere reivindicar el trabajo de particulares, empresas e instituciones locales que, a la hora de rehabilitar, tienen en cuenta los valores que hacen peculiar nuestra arquitectura tradicional.<br \/>\nEn las once ediciones las celebradas se han premiado casi un centenar de iniciativas tanto p\u00fablicas como privadas: viviendas, palomares, molinos, hornos, lavaderos, lagares, ermitas, iglesias, casas del pueblo, etc\u2026<\/p>\n<p>El jurado, compuesto por arquitectos, arquitectos t\u00e9cnicos, especialistas en arte e historia local y miembros de la propia Fundaci\u00f3n, valora diversos par\u00e1metros como la adecuaci\u00f3n del edificio al entorno, las caracter\u00edsticas constructivas y arquitect\u00f3nicas, los materiales empleados, el respeto al edificio original, etc\u2026<\/p>\n","protected":false},"excerpt":{"rendered":"<p>Los Premios Palacio de Canedo de recuperaci\u00f3n de la arquitectura tradicional repartir\u00e1n 11.500 euros. El Consejo Comarcal es una de las instituciones patrocinadoras.<\/p>\n","protected":false},"author":3,"featured_media":126443,"comment_status":"closed","ping_status":"open","sticky":false,"template":"","format":"standard","meta":{"_et_pb_use_builder":"","_et_pb_old_content":"","_et_gb_content_width":"","footnotes":""},"categories":[22],"tags":[150],"class_list":["post-126442","post","type-post","status-publish","format-standard","has-post-thumbnail","hentry","category-cultura","tag-premios-palacio-de-canedo"],"yoast_head":"<!-- This site is optimized with the Yoast SEO plugin v27.3 - https:\/\/yoast.com\/product\/yoast-seo-wordpress\/ -->\n<title>Palacio de Canedo - Consejo Comarcal del Bierzo<\/title>\n<meta name=\"robots\" content=\"index, follow, max-snippet:-1, max-image-preview:large, max-video-preview:-1\" \/>\n<link rel=\"canonical\" href=\"https:\/\/ccbierzo.com\/palacio-de-canedo\/\" \/>\n<meta property=\"og:locale\" content=\"gl_ES\" \/>\n<meta property=\"og:type\" content=\"article\" \/>\n<meta property=\"og:title\" content=\"Palacio de Canedo - Consejo Comarcal del Bierzo\" \/>\n<meta property=\"og:description\" content=\"Los Premios Palacio de Canedo de recuperaci\u00f3n de la arquitectura tradicional repartir\u00e1n 11.500 euros. El Consejo Comarcal es una de las instituciones patrocinadoras.\" \/>\n<meta property=\"og:url\" content=\"https:\/\/ccbierzo.com\/palacio-de-canedo\/\" \/>\n<meta property=\"og:site_name\" content=\"Consejo Comarcal del Bierzo\" \/>\n<meta property=\"article:published_time\" content=\"2019-08-04T12:30:08+00:00\" \/>\n<meta property=\"article:modified_time\" content=\"2019-08-12T12:30:32+00:00\" \/>\n<meta property=\"og:image\" content=\"https:\/\/ccbierzo.com\/wp-content\/uploads\/2019\/08\/premios-prada.jpg\" \/>\n\t<meta property=\"og:image:width\" content=\"1500\" \/>\n\t<meta property=\"og:image:height\" content=\"1000\" \/>\n\t<meta property=\"og:image:type\" content=\"image\/jpeg\" \/>\n<meta name=\"author\" content=\"Marta Vidal\" \/>\n<meta name=\"twitter:card\" content=\"summary_large_image\" \/>\n<meta name=\"twitter:label1\" content=\"Escrito por\" \/>\n\t<meta name=\"twitter:data1\" content=\"Marta Vidal\" \/>\n\t<meta name=\"twitter:label2\" content=\"Tempo de lectura\" \/>\n\t<meta name=\"twitter:data2\" content=\"2 minutos\" \/>\n<script type=\"application\/ld+json\" class=\"yoast-schema-graph\">{\"@context\":\"https:\\\/\\\/schema.org\",\"@graph\":[{\"@type\":\"Article\",\"@id\":\"https:\\\/\\\/ccbierzo.com\\\/palacio-de-canedo\\\/#article\",\"isPartOf\":{\"@id\":\"https:\\\/\\\/ccbierzo.com\\\/palacio-de-canedo\\\/\"},\"author\":{\"name\":\"Marta Vidal\",\"@id\":\"https:\\\/\\\/ccbierzo.com\\\/gl\\\/#\\\/schema\\\/person\\\/4e9a8395b397b1d4b8695a5274072278\"},\"headline\":\"Palacio de Canedo\",\"datePublished\":\"2019-08-04T12:30:08+00:00\",\"dateModified\":\"2019-08-12T12:30:32+00:00\",\"mainEntityOfPage\":{\"@id\":\"https:\\\/\\\/ccbierzo.com\\\/palacio-de-canedo\\\/\"},\"wordCount\":459,\"image\":{\"@id\":\"https:\\\/\\\/ccbierzo.com\\\/palacio-de-canedo\\\/#primaryimage\"},\"thumbnailUrl\":\"https:\\\/\\\/ccbierzo.com\\\/wp-content\\\/uploads\\\/2019\\\/08\\\/premios-prada.jpg\",\"keywords\":[\"Premios Palacio de Canedo\"],\"articleSection\":[\"Cultura\"],\"inLanguage\":\"gl-ES\"},{\"@type\":\"WebPage\",\"@id\":\"https:\\\/\\\/ccbierzo.com\\\/palacio-de-canedo\\\/\",\"url\":\"https:\\\/\\\/ccbierzo.com\\\/palacio-de-canedo\\\/\",\"name\":\"Palacio de Canedo - Consejo Comarcal del Bierzo\",\"isPartOf\":{\"@id\":\"https:\\\/\\\/ccbierzo.com\\\/gl\\\/#website\"},\"primaryImageOfPage\":{\"@id\":\"https:\\\/\\\/ccbierzo.com\\\/palacio-de-canedo\\\/#primaryimage\"},\"image\":{\"@id\":\"https:\\\/\\\/ccbierzo.com\\\/palacio-de-canedo\\\/#primaryimage\"},\"thumbnailUrl\":\"https:\\\/\\\/ccbierzo.com\\\/wp-content\\\/uploads\\\/2019\\\/08\\\/premios-prada.jpg\",\"datePublished\":\"2019-08-04T12:30:08+00:00\",\"dateModified\":\"2019-08-12T12:30:32+00:00\",\"author\":{\"@id\":\"https:\\\/\\\/ccbierzo.com\\\/gl\\\/#\\\/schema\\\/person\\\/4e9a8395b397b1d4b8695a5274072278\"},\"breadcrumb\":{\"@id\":\"https:\\\/\\\/ccbierzo.com\\\/palacio-de-canedo\\\/#breadcrumb\"},\"inLanguage\":\"gl-ES\",\"potentialAction\":[{\"@type\":\"ReadAction\",\"target\":[\"https:\\\/\\\/ccbierzo.com\\\/palacio-de-canedo\\\/\"]}]},{\"@type\":\"ImageObject\",\"inLanguage\":\"gl-ES\",\"@id\":\"https:\\\/\\\/ccbierzo.com\\\/palacio-de-canedo\\\/#primaryimage\",\"url\":\"https:\\\/\\\/ccbierzo.com\\\/wp-content\\\/uploads\\\/2019\\\/08\\\/premios-prada.jpg\",\"contentUrl\":\"https:\\\/\\\/ccbierzo.com\\\/wp-content\\\/uploads\\\/2019\\\/08\\\/premios-prada.jpg\",\"width\":1500,\"height\":1000},{\"@type\":\"BreadcrumbList\",\"@id\":\"https:\\\/\\\/ccbierzo.com\\\/palacio-de-canedo\\\/#breadcrumb\",\"itemListElement\":[{\"@type\":\"ListItem\",\"position\":1,\"name\":\"Portada\",\"item\":\"https:\\\/\\\/ccbierzo.com\\\/gl\\\/\"},{\"@type\":\"ListItem\",\"position\":2,\"name\":\"Palacio de Canedo\"}]},{\"@type\":\"WebSite\",\"@id\":\"https:\\\/\\\/ccbierzo.com\\\/gl\\\/#website\",\"url\":\"https:\\\/\\\/ccbierzo.com\\\/gl\\\/\",\"name\":\"Consejo Comarcal del Bierzo\",\"description\":\"P\u00e1gina Oficial del Consejo Comarcal del Bierzo\",\"potentialAction\":[{\"@type\":\"SearchAction\",\"target\":{\"@type\":\"EntryPoint\",\"urlTemplate\":\"https:\\\/\\\/ccbierzo.com\\\/gl\\\/?s={search_term_string}\"},\"query-input\":{\"@type\":\"PropertyValueSpecification\",\"valueRequired\":true,\"valueName\":\"search_term_string\"}}],\"inLanguage\":\"gl-ES\"},{\"@type\":\"Person\",\"@id\":\"https:\\\/\\\/ccbierzo.com\\\/gl\\\/#\\\/schema\\\/person\\\/4e9a8395b397b1d4b8695a5274072278\",\"name\":\"Marta Vidal\"}]}<\/script>\n<!-- \/ Yoast SEO plugin. -->","yoast_head_json":{"title":"Palacio de Canedo - Consejo Comarcal del Bierzo","robots":{"index":"index","follow":"follow","max-snippet":"max-snippet:-1","max-image-preview":"max-image-preview:large","max-video-preview":"max-video-preview:-1"},"canonical":"https:\/\/ccbierzo.com\/palacio-de-canedo\/","og_locale":"gl_ES","og_type":"article","og_title":"Palacio de Canedo - Consejo Comarcal del Bierzo","og_description":"Los Premios Palacio de Canedo de recuperaci\u00f3n de la arquitectura tradicional repartir\u00e1n 11.500 euros. El Consejo Comarcal es una de las instituciones patrocinadoras.","og_url":"https:\/\/ccbierzo.com\/palacio-de-canedo\/","og_site_name":"Consejo Comarcal del Bierzo","article_published_time":"2019-08-04T12:30:08+00:00","article_modified_time":"2019-08-12T12:30:32+00:00","og_image":[{"width":1500,"height":1000,"url":"https:\/\/ccbierzo.com\/wp-content\/uploads\/2019\/08\/premios-prada.jpg","type":"image\/jpeg"}],"author":"Marta Vidal","twitter_card":"summary_large_image","twitter_misc":{"Escrito por":"Marta Vidal","Tempo de lectura":"2 minutos"},"schema":{"@context":"https:\/\/schema.org","@graph":[{"@type":"Article","@id":"https:\/\/ccbierzo.com\/palacio-de-canedo\/#article","isPartOf":{"@id":"https:\/\/ccbierzo.com\/palacio-de-canedo\/"},"author":{"name":"Marta Vidal","@id":"https:\/\/ccbierzo.com\/gl\/#\/schema\/person\/4e9a8395b397b1d4b8695a5274072278"},"headline":"Palacio de Canedo","datePublished":"2019-08-04T12:30:08+00:00","dateModified":"2019-08-12T12:30:32+00:00","mainEntityOfPage":{"@id":"https:\/\/ccbierzo.com\/palacio-de-canedo\/"},"wordCount":459,"image":{"@id":"https:\/\/ccbierzo.com\/palacio-de-canedo\/#primaryimage"},"thumbnailUrl":"https:\/\/ccbierzo.com\/wp-content\/uploads\/2019\/08\/premios-prada.jpg","keywords":["Premios Palacio de Canedo"],"articleSection":["Cultura"],"inLanguage":"gl-ES"},{"@type":"WebPage","@id":"https:\/\/ccbierzo.com\/palacio-de-canedo\/","url":"https:\/\/ccbierzo.com\/palacio-de-canedo\/","name":"Palacio de Canedo - Consejo Comarcal del Bierzo","isPartOf":{"@id":"https:\/\/ccbierzo.com\/gl\/#website"},"primaryImageOfPage":{"@id":"https:\/\/ccbierzo.com\/palacio-de-canedo\/#primaryimage"},"image":{"@id":"https:\/\/ccbierzo.com\/palacio-de-canedo\/#primaryimage"},"thumbnailUrl":"https:\/\/ccbierzo.com\/wp-content\/uploads\/2019\/08\/premios-prada.jpg","datePublished":"2019-08-04T12:30:08+00:00","dateModified":"2019-08-12T12:30:32+00:00","author":{"@id":"https:\/\/ccbierzo.com\/gl\/#\/schema\/person\/4e9a8395b397b1d4b8695a5274072278"},"breadcrumb":{"@id":"https:\/\/ccbierzo.com\/palacio-de-canedo\/#breadcrumb"},"inLanguage":"gl-ES","potentialAction":[{"@type":"ReadAction","target":["https:\/\/ccbierzo.com\/palacio-de-canedo\/"]}]},{"@type":"ImageObject","inLanguage":"gl-ES","@id":"https:\/\/ccbierzo.com\/palacio-de-canedo\/#primaryimage","url":"https:\/\/ccbierzo.com\/wp-content\/uploads\/2019\/08\/premios-prada.jpg","contentUrl":"https:\/\/ccbierzo.com\/wp-content\/uploads\/2019\/08\/premios-prada.jpg","width":1500,"height":1000},{"@type":"BreadcrumbList","@id":"https:\/\/ccbierzo.com\/palacio-de-canedo\/#breadcrumb","itemListElement":[{"@type":"ListItem","position":1,"name":"Portada","item":"https:\/\/ccbierzo.com\/gl\/"},{"@type":"ListItem","position":2,"name":"Palacio de Canedo"}]},{"@type":"WebSite","@id":"https:\/\/ccbierzo.com\/gl\/#website","url":"https:\/\/ccbierzo.com\/gl\/","name":"Consejo Comarcal del Bierzo","description":"P\u00e1gina Oficial del Consejo Comarcal del Bierzo","potentialAction":[{"@type":"SearchAction","target":{"@type":"EntryPoint","urlTemplate":"https:\/\/ccbierzo.com\/gl\/?s={search_term_string}"},"query-input":{"@type":"PropertyValueSpecification","valueRequired":true,"valueName":"search_term_string"}}],"inLanguage":"gl-ES"},{"@type":"Person","@id":"https:\/\/ccbierzo.com\/gl\/#\/schema\/person\/4e9a8395b397b1d4b8695a5274072278","name":"Marta Vidal"}]}},"_links":{"self":[{"href":"https:\/\/ccbierzo.com\/gl\/wp-json\/wp\/v2\/posts\/126442","targetHints":{"allow":["GET"]}}],"collection":[{"href":"https:\/\/ccbierzo.com\/gl\/wp-json\/wp\/v2\/posts"}],"about":[{"href":"https:\/\/ccbierzo.com\/gl\/wp-json\/wp\/v2\/types\/post"}],"author":[{"embeddable":true,"href":"https:\/\/ccbierzo.com\/gl\/wp-json\/wp\/v2\/users\/3"}],"replies":[{"embeddable":true,"href":"https:\/\/ccbierzo.com\/gl\/wp-json\/wp\/v2\/comments?post=126442"}],"version-history":[{"count":0,"href":"https:\/\/ccbierzo.com\/gl\/wp-json\/wp\/v2\/posts\/126442\/revisions"}],"wp:featuredmedia":[{"embeddable":true,"href":"https:\/\/ccbierzo.com\/gl\/wp-json\/wp\/v2\/media\/126443"}],"wp:attachment":[{"href":"https:\/\/ccbierzo.com\/gl\/wp-json\/wp\/v2\/media?parent=126442"}],"wp:term":[{"taxonomy":"category","embeddable":true,"href":"https:\/\/ccbierzo.com\/gl\/wp-json\/wp\/v2\/categories?post=126442"},{"taxonomy":"post_tag","embeddable":true,"href":"https:\/\/ccbierzo.com\/gl\/wp-json\/wp\/v2\/tags?post=126442"}],"curies":[{"name":"wp","href":"https:\/\/api.w.org\/{rel}","templated":true}]}}