{"id":126431,"date":"2019-08-12T12:40:15","date_gmt":"2019-08-12T10:40:15","guid":{"rendered":"https:\/\/ccbierzo.com\/?p=126431"},"modified":"2019-08-12T13:01:37","modified_gmt":"2019-08-12T11:01:37","slug":"huerta-berciana","status":"publish","type":"post","link":"https:\/\/ccbierzo.com\/gl\/huerta-berciana\/","title":{"rendered":"Huerta berciana"},"content":{"rendered":"<ul>\n<li><strong>Vega de Valcarce acogi\u00f3 este domingo, 11 de agosto, la feria &#8216;Apostanto por El Bierzo. Naturalmente&#8217;, organizada por el Consejo Comarcal a trav\u00e9s del Banco de Tierras. <\/strong><\/li>\n<li><strong>La pr\u00f3xima cita ser\u00e1 el 15 de septiembre en Bembibre.<\/strong><\/li>\n<\/ul>\n<p>Numeroso p\u00fablico se acerc\u00f3 a los estands ubicados en la Plaza del Ayuntamiento de Vega de Valcarce para adquirir frutas, verduras y otros productos agroalimentarios de &#8216;kil\u00f3metro 0&#8217;. El consumo de productos locales, objetivo que persigue esta iniciativa, repercute en la econom\u00eda de la comarca y en el medio ambiente.<\/p>\n<p>El presidente del Consejo Comarcal, Gerardo \u00c1lvarez Courel, y la alcaldesa de Vega de Valcarce, Mar\u00eda Luisa Sant\u00edn, recorrieron los estands y conversaron con los y emprendedores y emprendedoras que han elegido la feria para exhibir y vender sus productos. Tambi\u00e9n se acercaron a la feria el director t\u00e9cnico de los sellos de calidad, Pablo Linares, y los consejeros comarcales Agapito Encina y C\u00e9sar Antonio Cabezudo.<\/p>\n<div id=\"attachment_126436\" style=\"width: 970px\" class=\"wp-caption aligncenter\"><img loading=\"lazy\" decoding=\"async\" aria-describedby=\"caption-attachment-126436\" class=\"wp-image-126436 size-full\" src=\"https:\/\/ccbierzo.com\/wp-content\/uploads\/2019\/08\/vega2.jpg\" alt=\"\" width=\"960\" height=\"720\" srcset=\"https:\/\/ccbierzo.com\/wp-content\/uploads\/2019\/08\/vega2.jpg 960w, https:\/\/ccbierzo.com\/wp-content\/uploads\/2019\/08\/vega2-300x225.jpg 300w, https:\/\/ccbierzo.com\/wp-content\/uploads\/2019\/08\/vega2-768x576.jpg 768w\" sizes=\"(max-width: 960px) 100vw, 960px\" \/><p id=\"caption-attachment-126436\" class=\"wp-caption-text\">De izquierda a derecha, el consejero comarcal Agapito Encina; el director t\u00e9cnico de los sellos de calidad, Pablo Linares; el presidente del Consejo, Gerardo \u00c1lvarez Courel; la alcaldesa de Vega de Espinareda, Mar\u00eda Luisa Gonz\u00e1lez Sant\u00edn, y el consejero comarcal C\u00e9sar Antonio Cabezudo.<\/p><\/div>\n<p><img loading=\"lazy\" decoding=\"async\" class=\"aligncenter size-full wp-image-126438\" src=\"https:\/\/ccbierzo.com\/wp-content\/uploads\/2019\/08\/vega-3.jpg\" alt=\"\" width=\"960\" height=\"720\" srcset=\"https:\/\/ccbierzo.com\/wp-content\/uploads\/2019\/08\/vega-3.jpg 960w, https:\/\/ccbierzo.com\/wp-content\/uploads\/2019\/08\/vega-3-300x225.jpg 300w, https:\/\/ccbierzo.com\/wp-content\/uploads\/2019\/08\/vega-3-768x576.jpg 768w\" sizes=\"(max-width: 960px) 100vw, 960px\" \/><\/p>\n<p>&nbsp;<\/p>\n","protected":false},"excerpt":{"rendered":"<p>Vega de Valcarce acogi\u00f3 este domingo, 11 de agosto, la feria &#8216;Apostanto por El Bierzo. Naturalmente&#8217;, organizada por el Consejo Comarcal a trav\u00e9s del Banco de Tierras. La pr\u00f3xima cita ser\u00e1 el 15 de septiembre en Bembibre.<\/p>\n","protected":false},"author":3,"featured_media":126432,"comment_status":"closed","ping_status":"open","sticky":false,"template":"","format":"standard","meta":{"_et_pb_use_builder":"","_et_pb_old_content":"","_et_gb_content_width":"","footnotes":""},"categories":[77,19],"tags":[355],"class_list":["post-126431","post","type-post","status-publish","format-standard","has-post-thumbnail","hentry","category-empleo","category-social","tag-vega-de-valcarce"],"yoast_head":"<!-- This site is optimized with the Yoast SEO plugin v27.3 - https:\/\/yoast.com\/product\/yoast-seo-wordpress\/ -->\n<title>Huerta berciana - Consejo Comarcal del Bierzo<\/title>\n<meta name=\"robots\" content=\"index, follow, max-snippet:-1, max-image-preview:large, max-video-preview:-1\" \/>\n<link rel=\"canonical\" href=\"https:\/\/ccbierzo.com\/huerta-berciana\/\" \/>\n<meta property=\"og:locale\" content=\"gl_ES\" \/>\n<meta property=\"og:type\" content=\"article\" \/>\n<meta property=\"og:title\" content=\"Huerta berciana - Consejo Comarcal del Bierzo\" \/>\n<meta property=\"og:description\" content=\"Vega de Valcarce acogi\u00f3 este domingo, 11 de agosto, la feria &#039;Apostanto por El Bierzo. Naturalmente&#039;, organizada por el Consejo Comarcal a trav\u00e9s del Banco de Tierras. La pr\u00f3xima cita ser\u00e1 el 15 de septiembre en Bembibre.\" \/>\n<meta property=\"og:url\" content=\"https:\/\/ccbierzo.com\/huerta-berciana\/\" \/>\n<meta property=\"og:site_name\" content=\"Consejo Comarcal del Bierzo\" \/>\n<meta property=\"article:published_time\" content=\"2019-08-12T10:40:15+00:00\" \/>\n<meta property=\"article:modified_time\" content=\"2019-08-12T11:01:37+00:00\" \/>\n<meta property=\"og:image\" content=\"https:\/\/ccbierzo.com\/wp-content\/uploads\/2019\/08\/vega-valcarce.jpg\" \/>\n\t<meta property=\"og:image:width\" content=\"960\" \/>\n\t<meta property=\"og:image:height\" content=\"640\" \/>\n\t<meta property=\"og:image:type\" content=\"image\/jpeg\" \/>\n<meta name=\"author\" content=\"Marta Vidal\" \/>\n<meta name=\"twitter:card\" content=\"summary_large_image\" \/>\n<meta name=\"twitter:label1\" content=\"Escrito por\" \/>\n\t<meta name=\"twitter:data1\" content=\"Marta Vidal\" \/>\n\t<meta name=\"twitter:label2\" content=\"Tempo de lectura\" \/>\n\t<meta name=\"twitter:data2\" content=\"1 minuto\" \/>\n<script type=\"application\/ld+json\" class=\"yoast-schema-graph\">{\"@context\":\"https:\\\/\\\/schema.org\",\"@graph\":[{\"@type\":\"Article\",\"@id\":\"https:\\\/\\\/ccbierzo.com\\\/huerta-berciana\\\/#article\",\"isPartOf\":{\"@id\":\"https:\\\/\\\/ccbierzo.com\\\/huerta-berciana\\\/\"},\"author\":{\"name\":\"Marta Vidal\",\"@id\":\"https:\\\/\\\/ccbierzo.com\\\/gl\\\/#\\\/schema\\\/person\\\/4e9a8395b397b1d4b8695a5274072278\"},\"headline\":\"Huerta berciana\",\"datePublished\":\"2019-08-12T10:40:15+00:00\",\"dateModified\":\"2019-08-12T11:01:37+00:00\",\"mainEntityOfPage\":{\"@id\":\"https:\\\/\\\/ccbierzo.com\\\/huerta-berciana\\\/\"},\"wordCount\":218,\"image\":{\"@id\":\"https:\\\/\\\/ccbierzo.com\\\/huerta-berciana\\\/#primaryimage\"},\"thumbnailUrl\":\"https:\\\/\\\/ccbierzo.com\\\/wp-content\\\/uploads\\\/2019\\\/08\\\/vega-valcarce.jpg\",\"keywords\":[\"Vega de Valcarce\"],\"articleSection\":[\"Empleo\",\"Social\"],\"inLanguage\":\"gl-ES\"},{\"@type\":\"WebPage\",\"@id\":\"https:\\\/\\\/ccbierzo.com\\\/huerta-berciana\\\/\",\"url\":\"https:\\\/\\\/ccbierzo.com\\\/huerta-berciana\\\/\",\"name\":\"Huerta berciana - Consejo Comarcal del Bierzo\",\"isPartOf\":{\"@id\":\"https:\\\/\\\/ccbierzo.com\\\/gl\\\/#website\"},\"primaryImageOfPage\":{\"@id\":\"https:\\\/\\\/ccbierzo.com\\\/huerta-berciana\\\/#primaryimage\"},\"image\":{\"@id\":\"https:\\\/\\\/ccbierzo.com\\\/huerta-berciana\\\/#primaryimage\"},\"thumbnailUrl\":\"https:\\\/\\\/ccbierzo.com\\\/wp-content\\\/uploads\\\/2019\\\/08\\\/vega-valcarce.jpg\",\"datePublished\":\"2019-08-12T10:40:15+00:00\",\"dateModified\":\"2019-08-12T11:01:37+00:00\",\"author\":{\"@id\":\"https:\\\/\\\/ccbierzo.com\\\/gl\\\/#\\\/schema\\\/person\\\/4e9a8395b397b1d4b8695a5274072278\"},\"breadcrumb\":{\"@id\":\"https:\\\/\\\/ccbierzo.com\\\/huerta-berciana\\\/#breadcrumb\"},\"inLanguage\":\"gl-ES\",\"potentialAction\":[{\"@type\":\"ReadAction\",\"target\":[\"https:\\\/\\\/ccbierzo.com\\\/huerta-berciana\\\/\"]}]},{\"@type\":\"ImageObject\",\"inLanguage\":\"gl-ES\",\"@id\":\"https:\\\/\\\/ccbierzo.com\\\/huerta-berciana\\\/#primaryimage\",\"url\":\"https:\\\/\\\/ccbierzo.com\\\/wp-content\\\/uploads\\\/2019\\\/08\\\/vega-valcarce.jpg\",\"contentUrl\":\"https:\\\/\\\/ccbierzo.com\\\/wp-content\\\/uploads\\\/2019\\\/08\\\/vega-valcarce.jpg\",\"width\":960,\"height\":640,\"caption\":\"Feria de Vega de Valcarce\"},{\"@type\":\"BreadcrumbList\",\"@id\":\"https:\\\/\\\/ccbierzo.com\\\/huerta-berciana\\\/#breadcrumb\",\"itemListElement\":[{\"@type\":\"ListItem\",\"position\":1,\"name\":\"Portada\",\"item\":\"https:\\\/\\\/ccbierzo.com\\\/gl\\\/\"},{\"@type\":\"ListItem\",\"position\":2,\"name\":\"Huerta berciana\"}]},{\"@type\":\"WebSite\",\"@id\":\"https:\\\/\\\/ccbierzo.com\\\/gl\\\/#website\",\"url\":\"https:\\\/\\\/ccbierzo.com\\\/gl\\\/\",\"name\":\"Consejo Comarcal del Bierzo\",\"description\":\"P\u00e1gina Oficial del Consejo Comarcal del Bierzo\",\"potentialAction\":[{\"@type\":\"SearchAction\",\"target\":{\"@type\":\"EntryPoint\",\"urlTemplate\":\"https:\\\/\\\/ccbierzo.com\\\/gl\\\/?s={search_term_string}\"},\"query-input\":{\"@type\":\"PropertyValueSpecification\",\"valueRequired\":true,\"valueName\":\"search_term_string\"}}],\"inLanguage\":\"gl-ES\"},{\"@type\":\"Person\",\"@id\":\"https:\\\/\\\/ccbierzo.com\\\/gl\\\/#\\\/schema\\\/person\\\/4e9a8395b397b1d4b8695a5274072278\",\"name\":\"Marta Vidal\"}]}<\/script>\n<!-- \/ Yoast SEO plugin. -->","yoast_head_json":{"title":"Huerta berciana - Consejo Comarcal del Bierzo","robots":{"index":"index","follow":"follow","max-snippet":"max-snippet:-1","max-image-preview":"max-image-preview:large","max-video-preview":"max-video-preview:-1"},"canonical":"https:\/\/ccbierzo.com\/huerta-berciana\/","og_locale":"gl_ES","og_type":"article","og_title":"Huerta berciana - Consejo Comarcal del Bierzo","og_description":"Vega de Valcarce acogi\u00f3 este domingo, 11 de agosto, la feria 'Apostanto por El Bierzo. Naturalmente', organizada por el Consejo Comarcal a trav\u00e9s del Banco de Tierras. La pr\u00f3xima cita ser\u00e1 el 15 de septiembre en Bembibre.","og_url":"https:\/\/ccbierzo.com\/huerta-berciana\/","og_site_name":"Consejo Comarcal del Bierzo","article_published_time":"2019-08-12T10:40:15+00:00","article_modified_time":"2019-08-12T11:01:37+00:00","og_image":[{"width":960,"height":640,"url":"https:\/\/ccbierzo.com\/wp-content\/uploads\/2019\/08\/vega-valcarce.jpg","type":"image\/jpeg"}],"author":"Marta Vidal","twitter_card":"summary_large_image","twitter_misc":{"Escrito por":"Marta Vidal","Tempo de lectura":"1 minuto"},"schema":{"@context":"https:\/\/schema.org","@graph":[{"@type":"Article","@id":"https:\/\/ccbierzo.com\/huerta-berciana\/#article","isPartOf":{"@id":"https:\/\/ccbierzo.com\/huerta-berciana\/"},"author":{"name":"Marta Vidal","@id":"https:\/\/ccbierzo.com\/gl\/#\/schema\/person\/4e9a8395b397b1d4b8695a5274072278"},"headline":"Huerta berciana","datePublished":"2019-08-12T10:40:15+00:00","dateModified":"2019-08-12T11:01:37+00:00","mainEntityOfPage":{"@id":"https:\/\/ccbierzo.com\/huerta-berciana\/"},"wordCount":218,"image":{"@id":"https:\/\/ccbierzo.com\/huerta-berciana\/#primaryimage"},"thumbnailUrl":"https:\/\/ccbierzo.com\/wp-content\/uploads\/2019\/08\/vega-valcarce.jpg","keywords":["Vega de Valcarce"],"articleSection":["Empleo","Social"],"inLanguage":"gl-ES"},{"@type":"WebPage","@id":"https:\/\/ccbierzo.com\/huerta-berciana\/","url":"https:\/\/ccbierzo.com\/huerta-berciana\/","name":"Huerta berciana - Consejo Comarcal del Bierzo","isPartOf":{"@id":"https:\/\/ccbierzo.com\/gl\/#website"},"primaryImageOfPage":{"@id":"https:\/\/ccbierzo.com\/huerta-berciana\/#primaryimage"},"image":{"@id":"https:\/\/ccbierzo.com\/huerta-berciana\/#primaryimage"},"thumbnailUrl":"https:\/\/ccbierzo.com\/wp-content\/uploads\/2019\/08\/vega-valcarce.jpg","datePublished":"2019-08-12T10:40:15+00:00","dateModified":"2019-08-12T11:01:37+00:00","author":{"@id":"https:\/\/ccbierzo.com\/gl\/#\/schema\/person\/4e9a8395b397b1d4b8695a5274072278"},"breadcrumb":{"@id":"https:\/\/ccbierzo.com\/huerta-berciana\/#breadcrumb"},"inLanguage":"gl-ES","potentialAction":[{"@type":"ReadAction","target":["https:\/\/ccbierzo.com\/huerta-berciana\/"]}]},{"@type":"ImageObject","inLanguage":"gl-ES","@id":"https:\/\/ccbierzo.com\/huerta-berciana\/#primaryimage","url":"https:\/\/ccbierzo.com\/wp-content\/uploads\/2019\/08\/vega-valcarce.jpg","contentUrl":"https:\/\/ccbierzo.com\/wp-content\/uploads\/2019\/08\/vega-valcarce.jpg","width":960,"height":640,"caption":"Feria de Vega de Valcarce"},{"@type":"BreadcrumbList","@id":"https:\/\/ccbierzo.com\/huerta-berciana\/#breadcrumb","itemListElement":[{"@type":"ListItem","position":1,"name":"Portada","item":"https:\/\/ccbierzo.com\/gl\/"},{"@type":"ListItem","position":2,"name":"Huerta berciana"}]},{"@type":"WebSite","@id":"https:\/\/ccbierzo.com\/gl\/#website","url":"https:\/\/ccbierzo.com\/gl\/","name":"Consejo Comarcal del Bierzo","description":"P\u00e1gina Oficial del Consejo Comarcal del Bierzo","potentialAction":[{"@type":"SearchAction","target":{"@type":"EntryPoint","urlTemplate":"https:\/\/ccbierzo.com\/gl\/?s={search_term_string}"},"query-input":{"@type":"PropertyValueSpecification","valueRequired":true,"valueName":"search_term_string"}}],"inLanguage":"gl-ES"},{"@type":"Person","@id":"https:\/\/ccbierzo.com\/gl\/#\/schema\/person\/4e9a8395b397b1d4b8695a5274072278","name":"Marta Vidal"}]}},"_links":{"self":[{"href":"https:\/\/ccbierzo.com\/gl\/wp-json\/wp\/v2\/posts\/126431","targetHints":{"allow":["GET"]}}],"collection":[{"href":"https:\/\/ccbierzo.com\/gl\/wp-json\/wp\/v2\/posts"}],"about":[{"href":"https:\/\/ccbierzo.com\/gl\/wp-json\/wp\/v2\/types\/post"}],"author":[{"embeddable":true,"href":"https:\/\/ccbierzo.com\/gl\/wp-json\/wp\/v2\/users\/3"}],"replies":[{"embeddable":true,"href":"https:\/\/ccbierzo.com\/gl\/wp-json\/wp\/v2\/comments?post=126431"}],"version-history":[{"count":0,"href":"https:\/\/ccbierzo.com\/gl\/wp-json\/wp\/v2\/posts\/126431\/revisions"}],"wp:featuredmedia":[{"embeddable":true,"href":"https:\/\/ccbierzo.com\/gl\/wp-json\/wp\/v2\/media\/126432"}],"wp:attachment":[{"href":"https:\/\/ccbierzo.com\/gl\/wp-json\/wp\/v2\/media?parent=126431"}],"wp:term":[{"taxonomy":"category","embeddable":true,"href":"https:\/\/ccbierzo.com\/gl\/wp-json\/wp\/v2\/categories?post=126431"},{"taxonomy":"post_tag","embeddable":true,"href":"https:\/\/ccbierzo.com\/gl\/wp-json\/wp\/v2\/tags?post=126431"}],"curies":[{"name":"wp","href":"https:\/\/api.w.org\/{rel}","templated":true}]}}