{"id":125905,"date":"2019-05-31T16:56:10","date_gmt":"2019-05-31T14:56:10","guid":{"rendered":"https:\/\/ccbierzo.com\/?p=125905"},"modified":"2019-06-03T12:02:12","modified_gmt":"2019-06-03T10:02:12","slug":"feria-carracedelo","status":"publish","type":"post","link":"https:\/\/ccbierzo.com\/gl\/feria-carracedelo\/","title":{"rendered":"Feria de Carracedelo"},"content":{"rendered":"<p>El presidente del Consejo Comarcal, Gerardo \u00c1lvarez Courel, recogi\u00f3 este viernes un recuerdo que conmemora el 25 aniversario de la Feria de Agroturismo y Multisectorial de Carracedelo. El alcalde, Ra\u00fal Valcarce, se lo entreg\u00f3 en reconocimiento al apoyo que la instituci\u00f3n comarcal ha prestado al evento. El acto se celebr\u00f3 durante la inauguraci\u00f3n de la feria a la que asistieron, entre otras autoridades, el presidente de la Diputaci\u00f3n de Le\u00f3n, Juan Mart\u00ednez Majo, y el consejero de Fomento y Medio Ambiente de la Junta de Castilla y Le\u00f3n, Juan Carlos Su\u00e1rez-Qui\u00f1ones.<\/p>\n<p>El Consejo Comarcal participa, como cada a\u00f1o, con un stand de Turismo del Bierzo, para dar a conocer los recursos tur\u00edsticos de la comarca, y del Banco de Tierras, para informar a los visitantes sobre la actividad que desarrolla el servicio en la recuperaci\u00f3n del campo berciano y el fomento de la agricultura profesional.<\/p>\n<div id=\"attachment_125915\" style=\"width: 970px\" class=\"wp-caption aligncenter\"><img loading=\"lazy\" decoding=\"async\" aria-describedby=\"caption-attachment-125915\" class=\"size-full wp-image-125915\" src=\"https:\/\/ccbierzo.com\/wp-content\/uploads\/2019\/05\/61418803_2714348725263887_3632160040141455360_n.jpg\" alt=\"Stand del Consejo Comarcal\" width=\"960\" height=\"640\" srcset=\"https:\/\/ccbierzo.com\/wp-content\/uploads\/2019\/05\/61418803_2714348725263887_3632160040141455360_n.jpg 960w, https:\/\/ccbierzo.com\/wp-content\/uploads\/2019\/05\/61418803_2714348725263887_3632160040141455360_n-300x200.jpg 300w, https:\/\/ccbierzo.com\/wp-content\/uploads\/2019\/05\/61418803_2714348725263887_3632160040141455360_n-768x512.jpg 768w\" sizes=\"(max-width: 960px) 100vw, 960px\" \/><p id=\"caption-attachment-125915\" class=\"wp-caption-text\">El alumnado y equipo docente de Berizum III atendi\u00f3 el stand del Consejo Comarcal.<\/p><\/div>\n<div id=\"attachment_125923\" style=\"width: 970px\" class=\"wp-caption aligncenter\"><img loading=\"lazy\" decoding=\"async\" aria-describedby=\"caption-attachment-125923\" class=\"size-full wp-image-125923\" src=\"https:\/\/ccbierzo.com\/wp-content\/uploads\/2019\/05\/61677395_2714348618597231_7426582291163381760_n.jpg\" alt=\"\" width=\"960\" height=\"637\" srcset=\"https:\/\/ccbierzo.com\/wp-content\/uploads\/2019\/05\/61677395_2714348618597231_7426582291163381760_n.jpg 960w, https:\/\/ccbierzo.com\/wp-content\/uploads\/2019\/05\/61677395_2714348618597231_7426582291163381760_n-300x199.jpg 300w, https:\/\/ccbierzo.com\/wp-content\/uploads\/2019\/05\/61677395_2714348618597231_7426582291163381760_n-768x510.jpg 768w\" sizes=\"(max-width: 960px) 100vw, 960px\" \/><p id=\"caption-attachment-125923\" class=\"wp-caption-text\">Los presidentes del Consejo Comarcal y de la Diputaci\u00f3n, el alcalde de Carracedelo y el consejero de Fomento visitaron el stand.<\/p><\/div>\n<div id=\"attachment_125927\" style=\"width: 970px\" class=\"wp-caption aligncenter\"><img loading=\"lazy\" decoding=\"async\" aria-describedby=\"caption-attachment-125927\" class=\"size-full wp-image-125927\" src=\"https:\/\/ccbierzo.com\/wp-content\/uploads\/2019\/05\/61838557_2714348978597195_2212717848969609216_n.jpg\" alt=\"Inauguraci\u00f3n Feria de Carracedelo\" width=\"960\" height=\"625\" srcset=\"https:\/\/ccbierzo.com\/wp-content\/uploads\/2019\/05\/61838557_2714348978597195_2212717848969609216_n.jpg 960w, https:\/\/ccbierzo.com\/wp-content\/uploads\/2019\/05\/61838557_2714348978597195_2212717848969609216_n-300x195.jpg 300w, https:\/\/ccbierzo.com\/wp-content\/uploads\/2019\/05\/61838557_2714348978597195_2212717848969609216_n-768x500.jpg 768w\" sizes=\"(max-width: 960px) 100vw, 960px\" \/><p id=\"caption-attachment-125927\" class=\"wp-caption-text\">La poetisa Mar\u00eda Jos\u00e9 Montero fue la encargada de cortar la cinta inaugural.<\/p><\/div>\n<p>&nbsp;<\/p>\n","protected":false},"excerpt":{"rendered":"<p>El Ayuntamiento de Carracedelo reconoce el apoyo del Consejo Comarcal a la Feria de Agroturismo y Multisectorial de El Bierzo. El evento cumple 25 a\u00f1os.<\/p>\n","protected":false},"author":3,"featured_media":125909,"comment_status":"closed","ping_status":"open","sticky":false,"template":"","format":"standard","meta":{"_et_pb_use_builder":"","_et_pb_old_content":"","_et_gb_content_width":"","footnotes":""},"categories":[19,25],"tags":[324],"class_list":["post-125905","post","type-post","status-publish","format-standard","has-post-thumbnail","hentry","category-social","category-turismo","tag-feria-multisectorial-de-el-bierzo"],"yoast_head":"<!-- This site is optimized with the Yoast SEO plugin v27.3 - https:\/\/yoast.com\/product\/yoast-seo-wordpress\/ -->\n<title>Feria de Carracedelo - Consejo Comarcal del Bierzo<\/title>\n<meta name=\"robots\" content=\"index, follow, max-snippet:-1, max-image-preview:large, max-video-preview:-1\" \/>\n<link rel=\"canonical\" href=\"https:\/\/ccbierzo.com\/feria-carracedelo\/\" \/>\n<meta property=\"og:locale\" content=\"gl_ES\" \/>\n<meta property=\"og:type\" content=\"article\" \/>\n<meta property=\"og:title\" content=\"Feria de Carracedelo - Consejo Comarcal del Bierzo\" \/>\n<meta property=\"og:description\" content=\"El Ayuntamiento de Carracedelo reconoce el apoyo del Consejo Comarcal a la Feria de Agroturismo y Multisectorial de El Bierzo. El evento cumple 25 a\u00f1os.\" \/>\n<meta property=\"og:url\" content=\"https:\/\/ccbierzo.com\/feria-carracedelo\/\" \/>\n<meta property=\"og:site_name\" content=\"Consejo Comarcal del Bierzo\" \/>\n<meta property=\"article:published_time\" content=\"2019-05-31T14:56:10+00:00\" \/>\n<meta property=\"article:modified_time\" content=\"2019-06-03T10:02:12+00:00\" \/>\n<meta property=\"og:image\" content=\"https:\/\/ccbierzo.com\/wp-content\/uploads\/2019\/06\/feria-carracedelo-1.jpg\" \/>\n\t<meta property=\"og:image:width\" content=\"917\" \/>\n\t<meta property=\"og:image:height\" content=\"611\" \/>\n\t<meta property=\"og:image:type\" content=\"image\/jpeg\" \/>\n<meta name=\"author\" content=\"Marta Vidal\" \/>\n<meta name=\"twitter:card\" content=\"summary_large_image\" \/>\n<meta name=\"twitter:label1\" content=\"Escrito por\" \/>\n\t<meta name=\"twitter:data1\" content=\"Marta Vidal\" \/>\n\t<meta name=\"twitter:label2\" content=\"Tempo de lectura\" \/>\n\t<meta name=\"twitter:data2\" content=\"1 minuto\" \/>\n<script type=\"application\/ld+json\" class=\"yoast-schema-graph\">{\"@context\":\"https:\\\/\\\/schema.org\",\"@graph\":[{\"@type\":\"Article\",\"@id\":\"https:\\\/\\\/ccbierzo.com\\\/feria-carracedelo\\\/#article\",\"isPartOf\":{\"@id\":\"https:\\\/\\\/ccbierzo.com\\\/feria-carracedelo\\\/\"},\"author\":{\"name\":\"Marta Vidal\",\"@id\":\"https:\\\/\\\/ccbierzo.com\\\/gl\\\/#\\\/schema\\\/person\\\/4e9a8395b397b1d4b8695a5274072278\"},\"headline\":\"Feria de Carracedelo\",\"datePublished\":\"2019-05-31T14:56:10+00:00\",\"dateModified\":\"2019-06-03T10:02:12+00:00\",\"mainEntityOfPage\":{\"@id\":\"https:\\\/\\\/ccbierzo.com\\\/feria-carracedelo\\\/\"},\"wordCount\":231,\"image\":{\"@id\":\"https:\\\/\\\/ccbierzo.com\\\/feria-carracedelo\\\/#primaryimage\"},\"thumbnailUrl\":\"https:\\\/\\\/ccbierzo.com\\\/wp-content\\\/uploads\\\/2019\\\/06\\\/feria-carracedelo-1.jpg\",\"keywords\":[\"Feria Multisectorial de El Bierzo\"],\"articleSection\":[\"Social\",\"Turismo\"],\"inLanguage\":\"gl-ES\"},{\"@type\":\"WebPage\",\"@id\":\"https:\\\/\\\/ccbierzo.com\\\/feria-carracedelo\\\/\",\"url\":\"https:\\\/\\\/ccbierzo.com\\\/feria-carracedelo\\\/\",\"name\":\"Feria de Carracedelo - Consejo Comarcal del Bierzo\",\"isPartOf\":{\"@id\":\"https:\\\/\\\/ccbierzo.com\\\/gl\\\/#website\"},\"primaryImageOfPage\":{\"@id\":\"https:\\\/\\\/ccbierzo.com\\\/feria-carracedelo\\\/#primaryimage\"},\"image\":{\"@id\":\"https:\\\/\\\/ccbierzo.com\\\/feria-carracedelo\\\/#primaryimage\"},\"thumbnailUrl\":\"https:\\\/\\\/ccbierzo.com\\\/wp-content\\\/uploads\\\/2019\\\/06\\\/feria-carracedelo-1.jpg\",\"datePublished\":\"2019-05-31T14:56:10+00:00\",\"dateModified\":\"2019-06-03T10:02:12+00:00\",\"author\":{\"@id\":\"https:\\\/\\\/ccbierzo.com\\\/gl\\\/#\\\/schema\\\/person\\\/4e9a8395b397b1d4b8695a5274072278\"},\"breadcrumb\":{\"@id\":\"https:\\\/\\\/ccbierzo.com\\\/feria-carracedelo\\\/#breadcrumb\"},\"inLanguage\":\"gl-ES\",\"potentialAction\":[{\"@type\":\"ReadAction\",\"target\":[\"https:\\\/\\\/ccbierzo.com\\\/feria-carracedelo\\\/\"]}]},{\"@type\":\"ImageObject\",\"inLanguage\":\"gl-ES\",\"@id\":\"https:\\\/\\\/ccbierzo.com\\\/feria-carracedelo\\\/#primaryimage\",\"url\":\"https:\\\/\\\/ccbierzo.com\\\/wp-content\\\/uploads\\\/2019\\\/06\\\/feria-carracedelo-1.jpg\",\"contentUrl\":\"https:\\\/\\\/ccbierzo.com\\\/wp-content\\\/uploads\\\/2019\\\/06\\\/feria-carracedelo-1.jpg\",\"width\":917,\"height\":611,\"caption\":\"Feria Multisectorial de Carracedelo\"},{\"@type\":\"BreadcrumbList\",\"@id\":\"https:\\\/\\\/ccbierzo.com\\\/feria-carracedelo\\\/#breadcrumb\",\"itemListElement\":[{\"@type\":\"ListItem\",\"position\":1,\"name\":\"Portada\",\"item\":\"https:\\\/\\\/ccbierzo.com\\\/gl\\\/\"},{\"@type\":\"ListItem\",\"position\":2,\"name\":\"Feria de Carracedelo\"}]},{\"@type\":\"WebSite\",\"@id\":\"https:\\\/\\\/ccbierzo.com\\\/gl\\\/#website\",\"url\":\"https:\\\/\\\/ccbierzo.com\\\/gl\\\/\",\"name\":\"Consejo Comarcal del Bierzo\",\"description\":\"P\u00e1gina Oficial del Consejo Comarcal del Bierzo\",\"potentialAction\":[{\"@type\":\"SearchAction\",\"target\":{\"@type\":\"EntryPoint\",\"urlTemplate\":\"https:\\\/\\\/ccbierzo.com\\\/gl\\\/?s={search_term_string}\"},\"query-input\":{\"@type\":\"PropertyValueSpecification\",\"valueRequired\":true,\"valueName\":\"search_term_string\"}}],\"inLanguage\":\"gl-ES\"},{\"@type\":\"Person\",\"@id\":\"https:\\\/\\\/ccbierzo.com\\\/gl\\\/#\\\/schema\\\/person\\\/4e9a8395b397b1d4b8695a5274072278\",\"name\":\"Marta Vidal\"}]}<\/script>\n<!-- \/ Yoast SEO plugin. -->","yoast_head_json":{"title":"Feria de Carracedelo - Consejo Comarcal del Bierzo","robots":{"index":"index","follow":"follow","max-snippet":"max-snippet:-1","max-image-preview":"max-image-preview:large","max-video-preview":"max-video-preview:-1"},"canonical":"https:\/\/ccbierzo.com\/feria-carracedelo\/","og_locale":"gl_ES","og_type":"article","og_title":"Feria de Carracedelo - Consejo Comarcal del Bierzo","og_description":"El Ayuntamiento de Carracedelo reconoce el apoyo del Consejo Comarcal a la Feria de Agroturismo y Multisectorial de El Bierzo. El evento cumple 25 a\u00f1os.","og_url":"https:\/\/ccbierzo.com\/feria-carracedelo\/","og_site_name":"Consejo Comarcal del Bierzo","article_published_time":"2019-05-31T14:56:10+00:00","article_modified_time":"2019-06-03T10:02:12+00:00","og_image":[{"width":917,"height":611,"url":"https:\/\/ccbierzo.com\/wp-content\/uploads\/2019\/06\/feria-carracedelo-1.jpg","type":"image\/jpeg"}],"author":"Marta Vidal","twitter_card":"summary_large_image","twitter_misc":{"Escrito por":"Marta Vidal","Tempo de lectura":"1 minuto"},"schema":{"@context":"https:\/\/schema.org","@graph":[{"@type":"Article","@id":"https:\/\/ccbierzo.com\/feria-carracedelo\/#article","isPartOf":{"@id":"https:\/\/ccbierzo.com\/feria-carracedelo\/"},"author":{"name":"Marta Vidal","@id":"https:\/\/ccbierzo.com\/gl\/#\/schema\/person\/4e9a8395b397b1d4b8695a5274072278"},"headline":"Feria de Carracedelo","datePublished":"2019-05-31T14:56:10+00:00","dateModified":"2019-06-03T10:02:12+00:00","mainEntityOfPage":{"@id":"https:\/\/ccbierzo.com\/feria-carracedelo\/"},"wordCount":231,"image":{"@id":"https:\/\/ccbierzo.com\/feria-carracedelo\/#primaryimage"},"thumbnailUrl":"https:\/\/ccbierzo.com\/wp-content\/uploads\/2019\/06\/feria-carracedelo-1.jpg","keywords":["Feria Multisectorial de El Bierzo"],"articleSection":["Social","Turismo"],"inLanguage":"gl-ES"},{"@type":"WebPage","@id":"https:\/\/ccbierzo.com\/feria-carracedelo\/","url":"https:\/\/ccbierzo.com\/feria-carracedelo\/","name":"Feria de Carracedelo - Consejo Comarcal del Bierzo","isPartOf":{"@id":"https:\/\/ccbierzo.com\/gl\/#website"},"primaryImageOfPage":{"@id":"https:\/\/ccbierzo.com\/feria-carracedelo\/#primaryimage"},"image":{"@id":"https:\/\/ccbierzo.com\/feria-carracedelo\/#primaryimage"},"thumbnailUrl":"https:\/\/ccbierzo.com\/wp-content\/uploads\/2019\/06\/feria-carracedelo-1.jpg","datePublished":"2019-05-31T14:56:10+00:00","dateModified":"2019-06-03T10:02:12+00:00","author":{"@id":"https:\/\/ccbierzo.com\/gl\/#\/schema\/person\/4e9a8395b397b1d4b8695a5274072278"},"breadcrumb":{"@id":"https:\/\/ccbierzo.com\/feria-carracedelo\/#breadcrumb"},"inLanguage":"gl-ES","potentialAction":[{"@type":"ReadAction","target":["https:\/\/ccbierzo.com\/feria-carracedelo\/"]}]},{"@type":"ImageObject","inLanguage":"gl-ES","@id":"https:\/\/ccbierzo.com\/feria-carracedelo\/#primaryimage","url":"https:\/\/ccbierzo.com\/wp-content\/uploads\/2019\/06\/feria-carracedelo-1.jpg","contentUrl":"https:\/\/ccbierzo.com\/wp-content\/uploads\/2019\/06\/feria-carracedelo-1.jpg","width":917,"height":611,"caption":"Feria Multisectorial de Carracedelo"},{"@type":"BreadcrumbList","@id":"https:\/\/ccbierzo.com\/feria-carracedelo\/#breadcrumb","itemListElement":[{"@type":"ListItem","position":1,"name":"Portada","item":"https:\/\/ccbierzo.com\/gl\/"},{"@type":"ListItem","position":2,"name":"Feria de Carracedelo"}]},{"@type":"WebSite","@id":"https:\/\/ccbierzo.com\/gl\/#website","url":"https:\/\/ccbierzo.com\/gl\/","name":"Consejo Comarcal del Bierzo","description":"P\u00e1gina Oficial del Consejo Comarcal del Bierzo","potentialAction":[{"@type":"SearchAction","target":{"@type":"EntryPoint","urlTemplate":"https:\/\/ccbierzo.com\/gl\/?s={search_term_string}"},"query-input":{"@type":"PropertyValueSpecification","valueRequired":true,"valueName":"search_term_string"}}],"inLanguage":"gl-ES"},{"@type":"Person","@id":"https:\/\/ccbierzo.com\/gl\/#\/schema\/person\/4e9a8395b397b1d4b8695a5274072278","name":"Marta Vidal"}]}},"_links":{"self":[{"href":"https:\/\/ccbierzo.com\/gl\/wp-json\/wp\/v2\/posts\/125905","targetHints":{"allow":["GET"]}}],"collection":[{"href":"https:\/\/ccbierzo.com\/gl\/wp-json\/wp\/v2\/posts"}],"about":[{"href":"https:\/\/ccbierzo.com\/gl\/wp-json\/wp\/v2\/types\/post"}],"author":[{"embeddable":true,"href":"https:\/\/ccbierzo.com\/gl\/wp-json\/wp\/v2\/users\/3"}],"replies":[{"embeddable":true,"href":"https:\/\/ccbierzo.com\/gl\/wp-json\/wp\/v2\/comments?post=125905"}],"version-history":[{"count":0,"href":"https:\/\/ccbierzo.com\/gl\/wp-json\/wp\/v2\/posts\/125905\/revisions"}],"wp:featuredmedia":[{"embeddable":true,"href":"https:\/\/ccbierzo.com\/gl\/wp-json\/wp\/v2\/media\/125909"}],"wp:attachment":[{"href":"https:\/\/ccbierzo.com\/gl\/wp-json\/wp\/v2\/media?parent=125905"}],"wp:term":[{"taxonomy":"category","embeddable":true,"href":"https:\/\/ccbierzo.com\/gl\/wp-json\/wp\/v2\/categories?post=125905"},{"taxonomy":"post_tag","embeddable":true,"href":"https:\/\/ccbierzo.com\/gl\/wp-json\/wp\/v2\/tags?post=125905"}],"curies":[{"name":"wp","href":"https:\/\/api.w.org\/{rel}","templated":true}]}}