{"id":125867,"date":"2019-05-23T10:40:20","date_gmt":"2019-05-23T08:40:20","guid":{"rendered":"https:\/\/ccbierzo.com\/?p=125867"},"modified":"2019-05-23T10:42:31","modified_gmt":"2019-05-23T08:42:31","slug":"exposicion-fotografica","status":"publish","type":"post","link":"https:\/\/ccbierzo.com\/gl\/exposicion-fotografica\/","title":{"rendered":"Exposici\u00f3n"},"content":{"rendered":"<p><a href=\"http:\/\/www.lafabricadeluz.org\/index.php\/es\/\">La F\u00e1brica de la Luz<\/a>, en Ponferrada, acoge hasta el 31 de junio la exposici\u00f3n de las im\u00e1genes del primer concurso de fotograf\u00eda de la <a href=\"http:\/\/www.ancaresleoneses.es\/\">Reserva de los Ancares Leoneses <\/a>(RBALE).<\/p>\n<p>La muestra raliza un recorrido por parte del patrimonio natural, cultural e inmaterial del territorio a trav\u00e9s de 20 paneles y 73 fotograf\u00edas elegidas por 35 autores.<\/p>\n<p>El acceso es gratuito.<\/p>\n<p>&nbsp;<\/p>\n","protected":false},"excerpt":{"rendered":"<p>La F\u00e1brica de la Luz, en Ponferrada, acoge la exposici\u00f3n del primer concurso fotograf\u00eda de la Reserva de la Biosfera de los Ancares Leoneses. Se puede visitar hasta el 31 de junio.<\/p>\n","protected":false},"author":3,"featured_media":125868,"comment_status":"closed","ping_status":"open","sticky":false,"template":"","format":"standard","meta":{"_et_pb_use_builder":"","_et_pb_old_content":"","_et_gb_content_width":"","footnotes":""},"categories":[22,25],"tags":[169],"class_list":["post-125867","post","type-post","status-publish","format-standard","has-post-thumbnail","hentry","category-cultura","category-turismo","tag-reserva-de-la-biosfera-de-los-ancares-leoneses"],"yoast_head":"<!-- This site is optimized with the Yoast SEO plugin v27.3 - https:\/\/yoast.com\/product\/yoast-seo-wordpress\/ -->\n<title>Exposici\u00f3n - Consejo Comarcal del Bierzo<\/title>\n<meta name=\"robots\" content=\"index, follow, max-snippet:-1, max-image-preview:large, max-video-preview:-1\" \/>\n<link rel=\"canonical\" href=\"https:\/\/ccbierzo.com\/exposicion-fotografica\/\" \/>\n<meta property=\"og:locale\" content=\"gl_ES\" \/>\n<meta property=\"og:type\" content=\"article\" \/>\n<meta property=\"og:title\" content=\"Exposici\u00f3n - Consejo Comarcal del Bierzo\" \/>\n<meta property=\"og:description\" content=\"La F\u00e1brica de la Luz, en Ponferrada, acoge la exposici\u00f3n del primer concurso fotograf\u00eda de la Reserva de la Biosfera de los Ancares Leoneses. Se puede visitar hasta el 31 de junio.\" \/>\n<meta property=\"og:url\" content=\"https:\/\/ccbierzo.com\/exposicion-fotografica\/\" \/>\n<meta property=\"og:site_name\" content=\"Consejo Comarcal del Bierzo\" \/>\n<meta property=\"article:published_time\" content=\"2019-05-23T08:40:20+00:00\" \/>\n<meta property=\"article:modified_time\" content=\"2019-05-23T08:42:31+00:00\" \/>\n<meta property=\"og:image\" content=\"https:\/\/ccbierzo.com\/wp-content\/uploads\/2019\/05\/exposicion.jpg\" \/>\n\t<meta property=\"og:image:width\" content=\"844\" \/>\n\t<meta property=\"og:image:height\" content=\"563\" \/>\n\t<meta property=\"og:image:type\" content=\"image\/jpeg\" \/>\n<meta name=\"author\" content=\"Marta Vidal\" \/>\n<meta name=\"twitter:card\" content=\"summary_large_image\" \/>\n<meta name=\"twitter:label1\" content=\"Escrito por\" \/>\n\t<meta name=\"twitter:data1\" content=\"Marta Vidal\" \/>\n<script type=\"application\/ld+json\" class=\"yoast-schema-graph\">{\"@context\":\"https:\\\/\\\/schema.org\",\"@graph\":[{\"@type\":\"Article\",\"@id\":\"https:\\\/\\\/ccbierzo.com\\\/exposicion-fotografica\\\/#article\",\"isPartOf\":{\"@id\":\"https:\\\/\\\/ccbierzo.com\\\/exposicion-fotografica\\\/\"},\"author\":{\"name\":\"Marta Vidal\",\"@id\":\"https:\\\/\\\/ccbierzo.com\\\/gl\\\/#\\\/schema\\\/person\\\/4e9a8395b397b1d4b8695a5274072278\"},\"headline\":\"Exposici\u00f3n\",\"datePublished\":\"2019-05-23T08:40:20+00:00\",\"dateModified\":\"2019-05-23T08:42:31+00:00\",\"mainEntityOfPage\":{\"@id\":\"https:\\\/\\\/ccbierzo.com\\\/exposicion-fotografica\\\/\"},\"wordCount\":67,\"image\":{\"@id\":\"https:\\\/\\\/ccbierzo.com\\\/exposicion-fotografica\\\/#primaryimage\"},\"thumbnailUrl\":\"https:\\\/\\\/ccbierzo.com\\\/wp-content\\\/uploads\\\/2019\\\/05\\\/exposicion.jpg\",\"keywords\":[\"Reserva de la Biosfera de los Ancares Leoneses\"],\"articleSection\":[\"Cultura\",\"Turismo\"],\"inLanguage\":\"gl-ES\"},{\"@type\":\"WebPage\",\"@id\":\"https:\\\/\\\/ccbierzo.com\\\/exposicion-fotografica\\\/\",\"url\":\"https:\\\/\\\/ccbierzo.com\\\/exposicion-fotografica\\\/\",\"name\":\"Exposici\u00f3n - Consejo Comarcal del Bierzo\",\"isPartOf\":{\"@id\":\"https:\\\/\\\/ccbierzo.com\\\/gl\\\/#website\"},\"primaryImageOfPage\":{\"@id\":\"https:\\\/\\\/ccbierzo.com\\\/exposicion-fotografica\\\/#primaryimage\"},\"image\":{\"@id\":\"https:\\\/\\\/ccbierzo.com\\\/exposicion-fotografica\\\/#primaryimage\"},\"thumbnailUrl\":\"https:\\\/\\\/ccbierzo.com\\\/wp-content\\\/uploads\\\/2019\\\/05\\\/exposicion.jpg\",\"datePublished\":\"2019-05-23T08:40:20+00:00\",\"dateModified\":\"2019-05-23T08:42:31+00:00\",\"author\":{\"@id\":\"https:\\\/\\\/ccbierzo.com\\\/gl\\\/#\\\/schema\\\/person\\\/4e9a8395b397b1d4b8695a5274072278\"},\"breadcrumb\":{\"@id\":\"https:\\\/\\\/ccbierzo.com\\\/exposicion-fotografica\\\/#breadcrumb\"},\"inLanguage\":\"gl-ES\",\"potentialAction\":[{\"@type\":\"ReadAction\",\"target\":[\"https:\\\/\\\/ccbierzo.com\\\/exposicion-fotografica\\\/\"]}]},{\"@type\":\"ImageObject\",\"inLanguage\":\"gl-ES\",\"@id\":\"https:\\\/\\\/ccbierzo.com\\\/exposicion-fotografica\\\/#primaryimage\",\"url\":\"https:\\\/\\\/ccbierzo.com\\\/wp-content\\\/uploads\\\/2019\\\/05\\\/exposicion.jpg\",\"contentUrl\":\"https:\\\/\\\/ccbierzo.com\\\/wp-content\\\/uploads\\\/2019\\\/05\\\/exposicion.jpg\",\"width\":844,\"height\":563},{\"@type\":\"BreadcrumbList\",\"@id\":\"https:\\\/\\\/ccbierzo.com\\\/exposicion-fotografica\\\/#breadcrumb\",\"itemListElement\":[{\"@type\":\"ListItem\",\"position\":1,\"name\":\"Portada\",\"item\":\"https:\\\/\\\/ccbierzo.com\\\/gl\\\/\"},{\"@type\":\"ListItem\",\"position\":2,\"name\":\"Exposici\u00f3n\"}]},{\"@type\":\"WebSite\",\"@id\":\"https:\\\/\\\/ccbierzo.com\\\/gl\\\/#website\",\"url\":\"https:\\\/\\\/ccbierzo.com\\\/gl\\\/\",\"name\":\"Consejo Comarcal del Bierzo\",\"description\":\"P\u00e1gina Oficial del Consejo Comarcal del Bierzo\",\"potentialAction\":[{\"@type\":\"SearchAction\",\"target\":{\"@type\":\"EntryPoint\",\"urlTemplate\":\"https:\\\/\\\/ccbierzo.com\\\/gl\\\/?s={search_term_string}\"},\"query-input\":{\"@type\":\"PropertyValueSpecification\",\"valueRequired\":true,\"valueName\":\"search_term_string\"}}],\"inLanguage\":\"gl-ES\"},{\"@type\":\"Person\",\"@id\":\"https:\\\/\\\/ccbierzo.com\\\/gl\\\/#\\\/schema\\\/person\\\/4e9a8395b397b1d4b8695a5274072278\",\"name\":\"Marta Vidal\"}]}<\/script>\n<!-- \/ Yoast SEO plugin. -->","yoast_head_json":{"title":"Exposici\u00f3n - Consejo Comarcal del Bierzo","robots":{"index":"index","follow":"follow","max-snippet":"max-snippet:-1","max-image-preview":"max-image-preview:large","max-video-preview":"max-video-preview:-1"},"canonical":"https:\/\/ccbierzo.com\/exposicion-fotografica\/","og_locale":"gl_ES","og_type":"article","og_title":"Exposici\u00f3n - Consejo Comarcal del Bierzo","og_description":"La F\u00e1brica de la Luz, en Ponferrada, acoge la exposici\u00f3n del primer concurso fotograf\u00eda de la Reserva de la Biosfera de los Ancares Leoneses. Se puede visitar hasta el 31 de junio.","og_url":"https:\/\/ccbierzo.com\/exposicion-fotografica\/","og_site_name":"Consejo Comarcal del Bierzo","article_published_time":"2019-05-23T08:40:20+00:00","article_modified_time":"2019-05-23T08:42:31+00:00","og_image":[{"width":844,"height":563,"url":"https:\/\/ccbierzo.com\/wp-content\/uploads\/2019\/05\/exposicion.jpg","type":"image\/jpeg"}],"author":"Marta Vidal","twitter_card":"summary_large_image","twitter_misc":{"Escrito por":"Marta Vidal"},"schema":{"@context":"https:\/\/schema.org","@graph":[{"@type":"Article","@id":"https:\/\/ccbierzo.com\/exposicion-fotografica\/#article","isPartOf":{"@id":"https:\/\/ccbierzo.com\/exposicion-fotografica\/"},"author":{"name":"Marta Vidal","@id":"https:\/\/ccbierzo.com\/gl\/#\/schema\/person\/4e9a8395b397b1d4b8695a5274072278"},"headline":"Exposici\u00f3n","datePublished":"2019-05-23T08:40:20+00:00","dateModified":"2019-05-23T08:42:31+00:00","mainEntityOfPage":{"@id":"https:\/\/ccbierzo.com\/exposicion-fotografica\/"},"wordCount":67,"image":{"@id":"https:\/\/ccbierzo.com\/exposicion-fotografica\/#primaryimage"},"thumbnailUrl":"https:\/\/ccbierzo.com\/wp-content\/uploads\/2019\/05\/exposicion.jpg","keywords":["Reserva de la Biosfera de los Ancares Leoneses"],"articleSection":["Cultura","Turismo"],"inLanguage":"gl-ES"},{"@type":"WebPage","@id":"https:\/\/ccbierzo.com\/exposicion-fotografica\/","url":"https:\/\/ccbierzo.com\/exposicion-fotografica\/","name":"Exposici\u00f3n - Consejo Comarcal del Bierzo","isPartOf":{"@id":"https:\/\/ccbierzo.com\/gl\/#website"},"primaryImageOfPage":{"@id":"https:\/\/ccbierzo.com\/exposicion-fotografica\/#primaryimage"},"image":{"@id":"https:\/\/ccbierzo.com\/exposicion-fotografica\/#primaryimage"},"thumbnailUrl":"https:\/\/ccbierzo.com\/wp-content\/uploads\/2019\/05\/exposicion.jpg","datePublished":"2019-05-23T08:40:20+00:00","dateModified":"2019-05-23T08:42:31+00:00","author":{"@id":"https:\/\/ccbierzo.com\/gl\/#\/schema\/person\/4e9a8395b397b1d4b8695a5274072278"},"breadcrumb":{"@id":"https:\/\/ccbierzo.com\/exposicion-fotografica\/#breadcrumb"},"inLanguage":"gl-ES","potentialAction":[{"@type":"ReadAction","target":["https:\/\/ccbierzo.com\/exposicion-fotografica\/"]}]},{"@type":"ImageObject","inLanguage":"gl-ES","@id":"https:\/\/ccbierzo.com\/exposicion-fotografica\/#primaryimage","url":"https:\/\/ccbierzo.com\/wp-content\/uploads\/2019\/05\/exposicion.jpg","contentUrl":"https:\/\/ccbierzo.com\/wp-content\/uploads\/2019\/05\/exposicion.jpg","width":844,"height":563},{"@type":"BreadcrumbList","@id":"https:\/\/ccbierzo.com\/exposicion-fotografica\/#breadcrumb","itemListElement":[{"@type":"ListItem","position":1,"name":"Portada","item":"https:\/\/ccbierzo.com\/gl\/"},{"@type":"ListItem","position":2,"name":"Exposici\u00f3n"}]},{"@type":"WebSite","@id":"https:\/\/ccbierzo.com\/gl\/#website","url":"https:\/\/ccbierzo.com\/gl\/","name":"Consejo Comarcal del Bierzo","description":"P\u00e1gina Oficial del Consejo Comarcal del Bierzo","potentialAction":[{"@type":"SearchAction","target":{"@type":"EntryPoint","urlTemplate":"https:\/\/ccbierzo.com\/gl\/?s={search_term_string}"},"query-input":{"@type":"PropertyValueSpecification","valueRequired":true,"valueName":"search_term_string"}}],"inLanguage":"gl-ES"},{"@type":"Person","@id":"https:\/\/ccbierzo.com\/gl\/#\/schema\/person\/4e9a8395b397b1d4b8695a5274072278","name":"Marta Vidal"}]}},"_links":{"self":[{"href":"https:\/\/ccbierzo.com\/gl\/wp-json\/wp\/v2\/posts\/125867","targetHints":{"allow":["GET"]}}],"collection":[{"href":"https:\/\/ccbierzo.com\/gl\/wp-json\/wp\/v2\/posts"}],"about":[{"href":"https:\/\/ccbierzo.com\/gl\/wp-json\/wp\/v2\/types\/post"}],"author":[{"embeddable":true,"href":"https:\/\/ccbierzo.com\/gl\/wp-json\/wp\/v2\/users\/3"}],"replies":[{"embeddable":true,"href":"https:\/\/ccbierzo.com\/gl\/wp-json\/wp\/v2\/comments?post=125867"}],"version-history":[{"count":0,"href":"https:\/\/ccbierzo.com\/gl\/wp-json\/wp\/v2\/posts\/125867\/revisions"}],"wp:featuredmedia":[{"embeddable":true,"href":"https:\/\/ccbierzo.com\/gl\/wp-json\/wp\/v2\/media\/125868"}],"wp:attachment":[{"href":"https:\/\/ccbierzo.com\/gl\/wp-json\/wp\/v2\/media?parent=125867"}],"wp:term":[{"taxonomy":"category","embeddable":true,"href":"https:\/\/ccbierzo.com\/gl\/wp-json\/wp\/v2\/categories?post=125867"},{"taxonomy":"post_tag","embeddable":true,"href":"https:\/\/ccbierzo.com\/gl\/wp-json\/wp\/v2\/tags?post=125867"}],"curies":[{"name":"wp","href":"https:\/\/api.w.org\/{rel}","templated":true}]}}