{"id":125766,"date":"2019-05-15T08:58:24","date_gmt":"2019-05-15T06:58:24","guid":{"rendered":"https:\/\/ccbierzo.com\/?p=125766"},"modified":"2019-05-15T09:15:39","modified_gmt":"2019-05-15T07:15:39","slug":"formacion-local","status":"publish","type":"post","link":"https:\/\/ccbierzo.com\/gl\/formacion-local\/","title":{"rendered":"Formaci\u00f3n Local"},"content":{"rendered":"<p>El Consejo Comarcal organiza dos cursos dentro del Plan de Formaci\u00f3n Local 2019.\u00a0 El primero, <em><strong>Obligaciones de las entidades locales en materia de transparencia y buen gobierno<\/strong><\/em>, se impartir\u00e1 del 1 al 30 de septiembre. El segundo, <em><strong>R\u00e9gimen jur\u00eddico administrativo com\u00fan aplicado a la pr\u00e1ctica de las entidades locales<\/strong><\/em>, se celebrar\u00e1 del 1 al 30 de octubre. Ambos est\u00e1n destinados a todos los empleados y empleadas p\u00fablicos de la Comarca y cuentan con 25 plazas.<\/p>\n<p>Las personas interesadas deben remitir la hoja de solicitud al n\u00famero de fax 987 42 35 75 o al correo electr\u00f3nico <a href=\"mailto:rlopez@ccbierzo.com\">rlopez@ccbierzo.com<\/a> antes del 28 de junio.<\/p>\n<p><a href=\"https:\/\/ccbierzo.com\/wp-content\/uploads\/2019\/05\/SOLICITUD-ACCI\u00d3N-FORMATIVA.docx\">SOLICITUD ACCI\u00d3N FORMATIVA<\/a><\/p>\n","protected":false},"excerpt":{"rendered":"<p>Nuevas actividades formativas para personal de las Administraciones P\u00fablicas de la Comarca, incluidas en el Plan de Formaci\u00f3n Local 2019 de la Escuela de Administraci\u00f3n P\u00fablica de Castilla y Le\u00f3n.<\/p>\n","protected":false},"author":3,"featured_media":119555,"comment_status":"closed","ping_status":"open","sticky":false,"template":"","format":"standard","meta":{"_et_pb_use_builder":"","_et_pb_old_content":"","_et_gb_content_width":"","footnotes":""},"categories":[75],"tags":[70],"class_list":["post-125766","post","type-post","status-publish","format-standard","has-post-thumbnail","hentry","category-formacion","tag-formacion"],"yoast_head":"<!-- This site is optimized with the Yoast SEO plugin v27.3 - https:\/\/yoast.com\/product\/yoast-seo-wordpress\/ -->\n<title>Formaci\u00f3n Local - Consejo Comarcal del Bierzo<\/title>\n<meta name=\"robots\" content=\"index, follow, max-snippet:-1, max-image-preview:large, max-video-preview:-1\" \/>\n<link rel=\"canonical\" href=\"https:\/\/ccbierzo.com\/formacion-local\/\" \/>\n<meta property=\"og:locale\" content=\"gl_ES\" \/>\n<meta property=\"og:type\" content=\"article\" \/>\n<meta property=\"og:title\" content=\"Formaci\u00f3n Local - Consejo Comarcal del Bierzo\" \/>\n<meta property=\"og:description\" content=\"Nuevas actividades formativas para personal de las Administraciones P\u00fablicas de la Comarca, incluidas en el Plan de Formaci\u00f3n Local 2019 de la Escuela de Administraci\u00f3n P\u00fablica de Castilla y Le\u00f3n.\" \/>\n<meta property=\"og:url\" content=\"https:\/\/ccbierzo.com\/formacion-local\/\" \/>\n<meta property=\"og:site_name\" content=\"Consejo Comarcal del Bierzo\" \/>\n<meta property=\"article:published_time\" content=\"2019-05-15T06:58:24+00:00\" \/>\n<meta property=\"article:modified_time\" content=\"2019-05-15T07:15:39+00:00\" \/>\n<meta property=\"og:image\" content=\"https:\/\/ccbierzo.com\/wp-content\/uploads\/2018\/05\/consejo-comarcal-bierzo-e1617703510543.jpg\" \/>\n\t<meta property=\"og:image:width\" content=\"1500\" \/>\n\t<meta property=\"og:image:height\" content=\"1001\" \/>\n\t<meta property=\"og:image:type\" content=\"image\/jpeg\" \/>\n<meta name=\"author\" content=\"Marta Vidal\" \/>\n<meta name=\"twitter:card\" content=\"summary_large_image\" \/>\n<meta name=\"twitter:label1\" content=\"Escrito por\" \/>\n\t<meta name=\"twitter:data1\" content=\"Marta Vidal\" \/>\n\t<meta name=\"twitter:label2\" content=\"Tempo de lectura\" \/>\n\t<meta name=\"twitter:data2\" content=\"1 minuto\" \/>\n<script type=\"application\/ld+json\" class=\"yoast-schema-graph\">{\"@context\":\"https:\\\/\\\/schema.org\",\"@graph\":[{\"@type\":\"Article\",\"@id\":\"https:\\\/\\\/ccbierzo.com\\\/formacion-local\\\/#article\",\"isPartOf\":{\"@id\":\"https:\\\/\\\/ccbierzo.com\\\/formacion-local\\\/\"},\"author\":{\"name\":\"Marta Vidal\",\"@id\":\"https:\\\/\\\/ccbierzo.com\\\/gl\\\/#\\\/schema\\\/person\\\/4e9a8395b397b1d4b8695a5274072278\"},\"headline\":\"Formaci\u00f3n Local\",\"datePublished\":\"2019-05-15T06:58:24+00:00\",\"dateModified\":\"2019-05-15T07:15:39+00:00\",\"mainEntityOfPage\":{\"@id\":\"https:\\\/\\\/ccbierzo.com\\\/formacion-local\\\/\"},\"wordCount\":109,\"image\":{\"@id\":\"https:\\\/\\\/ccbierzo.com\\\/formacion-local\\\/#primaryimage\"},\"thumbnailUrl\":\"https:\\\/\\\/ccbierzo.com\\\/wp-content\\\/uploads\\\/2018\\\/05\\\/consejo-comarcal-bierzo-e1617703510543.jpg\",\"keywords\":[\"Formaci\u00f3n\"],\"articleSection\":[\"Formaci\u00f3n\"],\"inLanguage\":\"gl-ES\"},{\"@type\":\"WebPage\",\"@id\":\"https:\\\/\\\/ccbierzo.com\\\/formacion-local\\\/\",\"url\":\"https:\\\/\\\/ccbierzo.com\\\/formacion-local\\\/\",\"name\":\"Formaci\u00f3n Local - Consejo Comarcal del Bierzo\",\"isPartOf\":{\"@id\":\"https:\\\/\\\/ccbierzo.com\\\/gl\\\/#website\"},\"primaryImageOfPage\":{\"@id\":\"https:\\\/\\\/ccbierzo.com\\\/formacion-local\\\/#primaryimage\"},\"image\":{\"@id\":\"https:\\\/\\\/ccbierzo.com\\\/formacion-local\\\/#primaryimage\"},\"thumbnailUrl\":\"https:\\\/\\\/ccbierzo.com\\\/wp-content\\\/uploads\\\/2018\\\/05\\\/consejo-comarcal-bierzo-e1617703510543.jpg\",\"datePublished\":\"2019-05-15T06:58:24+00:00\",\"dateModified\":\"2019-05-15T07:15:39+00:00\",\"author\":{\"@id\":\"https:\\\/\\\/ccbierzo.com\\\/gl\\\/#\\\/schema\\\/person\\\/4e9a8395b397b1d4b8695a5274072278\"},\"breadcrumb\":{\"@id\":\"https:\\\/\\\/ccbierzo.com\\\/formacion-local\\\/#breadcrumb\"},\"inLanguage\":\"gl-ES\",\"potentialAction\":[{\"@type\":\"ReadAction\",\"target\":[\"https:\\\/\\\/ccbierzo.com\\\/formacion-local\\\/\"]}]},{\"@type\":\"ImageObject\",\"inLanguage\":\"gl-ES\",\"@id\":\"https:\\\/\\\/ccbierzo.com\\\/formacion-local\\\/#primaryimage\",\"url\":\"https:\\\/\\\/ccbierzo.com\\\/wp-content\\\/uploads\\\/2018\\\/05\\\/consejo-comarcal-bierzo-e1617703510543.jpg\",\"contentUrl\":\"https:\\\/\\\/ccbierzo.com\\\/wp-content\\\/uploads\\\/2018\\\/05\\\/consejo-comarcal-bierzo-e1617703510543.jpg\",\"width\":1500,\"height\":1001,\"caption\":\"Consejo Comarcal del Bierzo\"},{\"@type\":\"BreadcrumbList\",\"@id\":\"https:\\\/\\\/ccbierzo.com\\\/formacion-local\\\/#breadcrumb\",\"itemListElement\":[{\"@type\":\"ListItem\",\"position\":1,\"name\":\"Portada\",\"item\":\"https:\\\/\\\/ccbierzo.com\\\/gl\\\/\"},{\"@type\":\"ListItem\",\"position\":2,\"name\":\"Formaci\u00f3n Local\"}]},{\"@type\":\"WebSite\",\"@id\":\"https:\\\/\\\/ccbierzo.com\\\/gl\\\/#website\",\"url\":\"https:\\\/\\\/ccbierzo.com\\\/gl\\\/\",\"name\":\"Consejo Comarcal del Bierzo\",\"description\":\"P\u00e1gina Oficial del Consejo Comarcal del Bierzo\",\"potentialAction\":[{\"@type\":\"SearchAction\",\"target\":{\"@type\":\"EntryPoint\",\"urlTemplate\":\"https:\\\/\\\/ccbierzo.com\\\/gl\\\/?s={search_term_string}\"},\"query-input\":{\"@type\":\"PropertyValueSpecification\",\"valueRequired\":true,\"valueName\":\"search_term_string\"}}],\"inLanguage\":\"gl-ES\"},{\"@type\":\"Person\",\"@id\":\"https:\\\/\\\/ccbierzo.com\\\/gl\\\/#\\\/schema\\\/person\\\/4e9a8395b397b1d4b8695a5274072278\",\"name\":\"Marta Vidal\"}]}<\/script>\n<!-- \/ Yoast SEO plugin. -->","yoast_head_json":{"title":"Formaci\u00f3n Local - Consejo Comarcal del Bierzo","robots":{"index":"index","follow":"follow","max-snippet":"max-snippet:-1","max-image-preview":"max-image-preview:large","max-video-preview":"max-video-preview:-1"},"canonical":"https:\/\/ccbierzo.com\/formacion-local\/","og_locale":"gl_ES","og_type":"article","og_title":"Formaci\u00f3n Local - Consejo Comarcal del Bierzo","og_description":"Nuevas actividades formativas para personal de las Administraciones P\u00fablicas de la Comarca, incluidas en el Plan de Formaci\u00f3n Local 2019 de la Escuela de Administraci\u00f3n P\u00fablica de Castilla y Le\u00f3n.","og_url":"https:\/\/ccbierzo.com\/formacion-local\/","og_site_name":"Consejo Comarcal del Bierzo","article_published_time":"2019-05-15T06:58:24+00:00","article_modified_time":"2019-05-15T07:15:39+00:00","og_image":[{"width":1500,"height":1001,"url":"https:\/\/ccbierzo.com\/wp-content\/uploads\/2018\/05\/consejo-comarcal-bierzo-e1617703510543.jpg","type":"image\/jpeg"}],"author":"Marta Vidal","twitter_card":"summary_large_image","twitter_misc":{"Escrito por":"Marta Vidal","Tempo de lectura":"1 minuto"},"schema":{"@context":"https:\/\/schema.org","@graph":[{"@type":"Article","@id":"https:\/\/ccbierzo.com\/formacion-local\/#article","isPartOf":{"@id":"https:\/\/ccbierzo.com\/formacion-local\/"},"author":{"name":"Marta Vidal","@id":"https:\/\/ccbierzo.com\/gl\/#\/schema\/person\/4e9a8395b397b1d4b8695a5274072278"},"headline":"Formaci\u00f3n Local","datePublished":"2019-05-15T06:58:24+00:00","dateModified":"2019-05-15T07:15:39+00:00","mainEntityOfPage":{"@id":"https:\/\/ccbierzo.com\/formacion-local\/"},"wordCount":109,"image":{"@id":"https:\/\/ccbierzo.com\/formacion-local\/#primaryimage"},"thumbnailUrl":"https:\/\/ccbierzo.com\/wp-content\/uploads\/2018\/05\/consejo-comarcal-bierzo-e1617703510543.jpg","keywords":["Formaci\u00f3n"],"articleSection":["Formaci\u00f3n"],"inLanguage":"gl-ES"},{"@type":"WebPage","@id":"https:\/\/ccbierzo.com\/formacion-local\/","url":"https:\/\/ccbierzo.com\/formacion-local\/","name":"Formaci\u00f3n Local - Consejo Comarcal del Bierzo","isPartOf":{"@id":"https:\/\/ccbierzo.com\/gl\/#website"},"primaryImageOfPage":{"@id":"https:\/\/ccbierzo.com\/formacion-local\/#primaryimage"},"image":{"@id":"https:\/\/ccbierzo.com\/formacion-local\/#primaryimage"},"thumbnailUrl":"https:\/\/ccbierzo.com\/wp-content\/uploads\/2018\/05\/consejo-comarcal-bierzo-e1617703510543.jpg","datePublished":"2019-05-15T06:58:24+00:00","dateModified":"2019-05-15T07:15:39+00:00","author":{"@id":"https:\/\/ccbierzo.com\/gl\/#\/schema\/person\/4e9a8395b397b1d4b8695a5274072278"},"breadcrumb":{"@id":"https:\/\/ccbierzo.com\/formacion-local\/#breadcrumb"},"inLanguage":"gl-ES","potentialAction":[{"@type":"ReadAction","target":["https:\/\/ccbierzo.com\/formacion-local\/"]}]},{"@type":"ImageObject","inLanguage":"gl-ES","@id":"https:\/\/ccbierzo.com\/formacion-local\/#primaryimage","url":"https:\/\/ccbierzo.com\/wp-content\/uploads\/2018\/05\/consejo-comarcal-bierzo-e1617703510543.jpg","contentUrl":"https:\/\/ccbierzo.com\/wp-content\/uploads\/2018\/05\/consejo-comarcal-bierzo-e1617703510543.jpg","width":1500,"height":1001,"caption":"Consejo Comarcal del Bierzo"},{"@type":"BreadcrumbList","@id":"https:\/\/ccbierzo.com\/formacion-local\/#breadcrumb","itemListElement":[{"@type":"ListItem","position":1,"name":"Portada","item":"https:\/\/ccbierzo.com\/gl\/"},{"@type":"ListItem","position":2,"name":"Formaci\u00f3n Local"}]},{"@type":"WebSite","@id":"https:\/\/ccbierzo.com\/gl\/#website","url":"https:\/\/ccbierzo.com\/gl\/","name":"Consejo Comarcal del Bierzo","description":"P\u00e1gina Oficial del Consejo Comarcal del Bierzo","potentialAction":[{"@type":"SearchAction","target":{"@type":"EntryPoint","urlTemplate":"https:\/\/ccbierzo.com\/gl\/?s={search_term_string}"},"query-input":{"@type":"PropertyValueSpecification","valueRequired":true,"valueName":"search_term_string"}}],"inLanguage":"gl-ES"},{"@type":"Person","@id":"https:\/\/ccbierzo.com\/gl\/#\/schema\/person\/4e9a8395b397b1d4b8695a5274072278","name":"Marta Vidal"}]}},"_links":{"self":[{"href":"https:\/\/ccbierzo.com\/gl\/wp-json\/wp\/v2\/posts\/125766","targetHints":{"allow":["GET"]}}],"collection":[{"href":"https:\/\/ccbierzo.com\/gl\/wp-json\/wp\/v2\/posts"}],"about":[{"href":"https:\/\/ccbierzo.com\/gl\/wp-json\/wp\/v2\/types\/post"}],"author":[{"embeddable":true,"href":"https:\/\/ccbierzo.com\/gl\/wp-json\/wp\/v2\/users\/3"}],"replies":[{"embeddable":true,"href":"https:\/\/ccbierzo.com\/gl\/wp-json\/wp\/v2\/comments?post=125766"}],"version-history":[{"count":0,"href":"https:\/\/ccbierzo.com\/gl\/wp-json\/wp\/v2\/posts\/125766\/revisions"}],"wp:featuredmedia":[{"embeddable":true,"href":"https:\/\/ccbierzo.com\/gl\/wp-json\/wp\/v2\/media\/119555"}],"wp:attachment":[{"href":"https:\/\/ccbierzo.com\/gl\/wp-json\/wp\/v2\/media?parent=125766"}],"wp:term":[{"taxonomy":"category","embeddable":true,"href":"https:\/\/ccbierzo.com\/gl\/wp-json\/wp\/v2\/categories?post=125766"},{"taxonomy":"post_tag","embeddable":true,"href":"https:\/\/ccbierzo.com\/gl\/wp-json\/wp\/v2\/tags?post=125766"}],"curies":[{"name":"wp","href":"https:\/\/api.w.org\/{rel}","templated":true}]}}