{"id":125718,"date":"2019-05-09T12:44:55","date_gmt":"2019-05-09T10:44:55","guid":{"rendered":"https:\/\/ccbierzo.com\/?p=125718"},"modified":"2019-05-09T13:58:11","modified_gmt":"2019-05-09T11:58:11","slug":"web-suelo-industrial","status":"publish","type":"post","link":"https:\/\/ccbierzo.com\/gl\/web-suelo-industrial\/","title":{"rendered":"Web Suelo Industrial"},"content":{"rendered":"<p>El presidente del Consejo Comarcal, Gerardo \u00c1lvarez Courel, el de Bierzo Pyme, \u00c1ngel Rodr\u00edguez, y el director de Keiva, Diego Fern\u00e1ndez, presentaron la web <a href=\"https:\/\/www.elbierzosueloindustrial.com\/\">elbierzosueloindustrial.com<\/a>. &#8220;La herramienta pretende ser un impulso para solucionar los problemas que m\u00e1s afectan a nuestra comarca, el desempleo y una de sus principales consecuencias, la despoblaci\u00f3n&#8221;, explic\u00f3 \u00c1lvarez Courel.<\/p>\n<p>El trabajo para materializar el proyecto surgi\u00f3 hace tres a\u00f1os, cuando la asociaci\u00f3n Bierzo Pyme propuso al Consejo Comarcal la creaci\u00f3n de una web para informar sobre el suelo industrial disponible. La idea se present\u00f3 a los ayuntamientos con pol\u00edgonos industriales. &#8220;Todos aceptaron, excepto Ponferrada&#8221;, lamentaron Gerardo \u00c1lvarez Courel y \u00c1ngel Rodr\u00edguez.<\/p>\n<p>El Consejo Comarcal ha invertido 10.000 euros en la creaci\u00f3n de la web, en la que se trabaja para recabar la m\u00e1xima informaci\u00f3n de cada uno de los pol\u00edgonos. Tanto el presidente del Consejo Comarcal como de Bierzo Pyme coincidieron en se\u00f1alar que es preciso promocionar las ventajas que supone instalar una empresa en El Bierzo como, por ejemplo, la situaci\u00f3n estrat\u00e9gica, el ahorro en los costes o la mano de obra disponible.<\/p>\n<p>\u00c1ngel Rodr\u00edguez aclar\u00f3 que &#8220;la p\u00e1gina no es un portal inmobiliario&#8221;. El objetivo es informar y vender El Bierzo como &#8220;un \u00fanico y gran pol\u00edgono industrial&#8221;, as\u00ed como ofrecer informaci\u00f3n de contacto sobre la propiedad. &#8220;<a href=\"https:\/\/www.elbierzosueloindustrial.com\/\">Elbierzosueloindustrial.com<\/a> pretende atraer a empresas, pero tambi\u00e9n es una interesante herramienta para que emprendedores de El Bierzo puedan tener acceso de una forma \u00e1gil y sencilla al suelo e instalaciones disponibles&#8221;, a\u00f1adi\u00f3 el presidente comarcal.<\/p>\n<p><img loading=\"lazy\" decoding=\"async\" class=\"aligncenter size-large wp-image-125728\" src=\"https:\/\/ccbierzo.com\/wp-content\/uploads\/2019\/05\/SUELO-INDUSTRIAL-1-1024x683.jpg\" alt=\"Presentaci\u00f3n web suelo industrial\" width=\"1024\" height=\"683\" srcset=\"https:\/\/ccbierzo.com\/wp-content\/uploads\/2019\/05\/SUELO-INDUSTRIAL-1-1024x683.jpg 1024w, https:\/\/ccbierzo.com\/wp-content\/uploads\/2019\/05\/SUELO-INDUSTRIAL-1-300x200.jpg 300w, https:\/\/ccbierzo.com\/wp-content\/uploads\/2019\/05\/SUELO-INDUSTRIAL-1-768x512.jpg 768w, https:\/\/ccbierzo.com\/wp-content\/uploads\/2019\/05\/SUELO-INDUSTRIAL-1.jpg 1500w\" sizes=\"(max-width: 1024px) 100vw, 1024px\" \/><\/p>\n<p>&nbsp;<\/p>\n","protected":false},"excerpt":{"rendered":"<p>El Consejo Comarcal y Bierzo Pyme presentan la nueva web que descubre a la comarca como &#8216;un \u00fanico y gran pol\u00edgono industrial para atraer empresas&#8217;.<\/p>\n","protected":false},"author":3,"featured_media":125719,"comment_status":"closed","ping_status":"open","sticky":false,"template":"","format":"standard","meta":{"_et_pb_use_builder":"","_et_pb_old_content":"","_et_gb_content_width":"","footnotes":""},"categories":[77],"tags":[312],"class_list":["post-125718","post","type-post","status-publish","format-standard","has-post-thumbnail","hentry","category-empleo","tag-suelo-industrial"],"yoast_head":"<!-- This site is optimized with the Yoast SEO plugin v27.3 - https:\/\/yoast.com\/product\/yoast-seo-wordpress\/ -->\n<title>Web Suelo Industrial - Consejo Comarcal del Bierzo<\/title>\n<meta name=\"robots\" content=\"index, follow, max-snippet:-1, max-image-preview:large, max-video-preview:-1\" \/>\n<link rel=\"canonical\" href=\"https:\/\/ccbierzo.com\/web-suelo-industrial\/\" \/>\n<meta property=\"og:locale\" content=\"gl_ES\" \/>\n<meta property=\"og:type\" content=\"article\" \/>\n<meta property=\"og:title\" content=\"Web Suelo Industrial - Consejo Comarcal del Bierzo\" \/>\n<meta property=\"og:description\" content=\"El Consejo Comarcal y Bierzo Pyme presentan la nueva web que descubre a la comarca como &#039;un \u00fanico y gran pol\u00edgono industrial para atraer empresas&#039;.\" \/>\n<meta property=\"og:url\" content=\"https:\/\/ccbierzo.com\/web-suelo-industrial\/\" \/>\n<meta property=\"og:site_name\" content=\"Consejo Comarcal del Bierzo\" \/>\n<meta property=\"article:published_time\" content=\"2019-05-09T10:44:55+00:00\" \/>\n<meta property=\"article:modified_time\" content=\"2019-05-09T11:58:11+00:00\" \/>\n<meta property=\"og:image\" content=\"https:\/\/ccbierzo.com\/wp-content\/uploads\/2019\/05\/suelo-industrial-2.jpg\" \/>\n\t<meta property=\"og:image:width\" content=\"1500\" \/>\n\t<meta property=\"og:image:height\" content=\"1000\" \/>\n\t<meta property=\"og:image:type\" content=\"image\/jpeg\" \/>\n<meta name=\"author\" content=\"Marta Vidal\" \/>\n<meta name=\"twitter:card\" content=\"summary_large_image\" \/>\n<meta name=\"twitter:label1\" content=\"Escrito por\" \/>\n\t<meta name=\"twitter:data1\" content=\"Marta Vidal\" \/>\n\t<meta name=\"twitter:label2\" content=\"Tempo de lectura\" \/>\n\t<meta name=\"twitter:data2\" content=\"1 minuto\" \/>\n<script type=\"application\/ld+json\" class=\"yoast-schema-graph\">{\"@context\":\"https:\\\/\\\/schema.org\",\"@graph\":[{\"@type\":\"Article\",\"@id\":\"https:\\\/\\\/ccbierzo.com\\\/web-suelo-industrial\\\/#article\",\"isPartOf\":{\"@id\":\"https:\\\/\\\/ccbierzo.com\\\/web-suelo-industrial\\\/\"},\"author\":{\"name\":\"Marta Vidal\",\"@id\":\"https:\\\/\\\/ccbierzo.com\\\/gl\\\/#\\\/schema\\\/person\\\/4e9a8395b397b1d4b8695a5274072278\"},\"headline\":\"Web Suelo Industrial\",\"datePublished\":\"2019-05-09T10:44:55+00:00\",\"dateModified\":\"2019-05-09T11:58:11+00:00\",\"mainEntityOfPage\":{\"@id\":\"https:\\\/\\\/ccbierzo.com\\\/web-suelo-industrial\\\/\"},\"wordCount\":276,\"image\":{\"@id\":\"https:\\\/\\\/ccbierzo.com\\\/web-suelo-industrial\\\/#primaryimage\"},\"thumbnailUrl\":\"https:\\\/\\\/ccbierzo.com\\\/wp-content\\\/uploads\\\/2019\\\/05\\\/suelo-industrial-2.jpg\",\"keywords\":[\"Suelo Industrial\"],\"articleSection\":[\"Empleo\"],\"inLanguage\":\"gl-ES\"},{\"@type\":\"WebPage\",\"@id\":\"https:\\\/\\\/ccbierzo.com\\\/web-suelo-industrial\\\/\",\"url\":\"https:\\\/\\\/ccbierzo.com\\\/web-suelo-industrial\\\/\",\"name\":\"Web Suelo Industrial - Consejo Comarcal del Bierzo\",\"isPartOf\":{\"@id\":\"https:\\\/\\\/ccbierzo.com\\\/gl\\\/#website\"},\"primaryImageOfPage\":{\"@id\":\"https:\\\/\\\/ccbierzo.com\\\/web-suelo-industrial\\\/#primaryimage\"},\"image\":{\"@id\":\"https:\\\/\\\/ccbierzo.com\\\/web-suelo-industrial\\\/#primaryimage\"},\"thumbnailUrl\":\"https:\\\/\\\/ccbierzo.com\\\/wp-content\\\/uploads\\\/2019\\\/05\\\/suelo-industrial-2.jpg\",\"datePublished\":\"2019-05-09T10:44:55+00:00\",\"dateModified\":\"2019-05-09T11:58:11+00:00\",\"author\":{\"@id\":\"https:\\\/\\\/ccbierzo.com\\\/gl\\\/#\\\/schema\\\/person\\\/4e9a8395b397b1d4b8695a5274072278\"},\"breadcrumb\":{\"@id\":\"https:\\\/\\\/ccbierzo.com\\\/web-suelo-industrial\\\/#breadcrumb\"},\"inLanguage\":\"gl-ES\",\"potentialAction\":[{\"@type\":\"ReadAction\",\"target\":[\"https:\\\/\\\/ccbierzo.com\\\/web-suelo-industrial\\\/\"]}]},{\"@type\":\"ImageObject\",\"inLanguage\":\"gl-ES\",\"@id\":\"https:\\\/\\\/ccbierzo.com\\\/web-suelo-industrial\\\/#primaryimage\",\"url\":\"https:\\\/\\\/ccbierzo.com\\\/wp-content\\\/uploads\\\/2019\\\/05\\\/suelo-industrial-2.jpg\",\"contentUrl\":\"https:\\\/\\\/ccbierzo.com\\\/wp-content\\\/uploads\\\/2019\\\/05\\\/suelo-industrial-2.jpg\",\"width\":1500,\"height\":1000,\"caption\":\"Presentaci\u00f3n web suelo industrial\"},{\"@type\":\"BreadcrumbList\",\"@id\":\"https:\\\/\\\/ccbierzo.com\\\/web-suelo-industrial\\\/#breadcrumb\",\"itemListElement\":[{\"@type\":\"ListItem\",\"position\":1,\"name\":\"Portada\",\"item\":\"https:\\\/\\\/ccbierzo.com\\\/gl\\\/\"},{\"@type\":\"ListItem\",\"position\":2,\"name\":\"Web Suelo Industrial\"}]},{\"@type\":\"WebSite\",\"@id\":\"https:\\\/\\\/ccbierzo.com\\\/gl\\\/#website\",\"url\":\"https:\\\/\\\/ccbierzo.com\\\/gl\\\/\",\"name\":\"Consejo Comarcal del Bierzo\",\"description\":\"P\u00e1gina Oficial del Consejo Comarcal del Bierzo\",\"potentialAction\":[{\"@type\":\"SearchAction\",\"target\":{\"@type\":\"EntryPoint\",\"urlTemplate\":\"https:\\\/\\\/ccbierzo.com\\\/gl\\\/?s={search_term_string}\"},\"query-input\":{\"@type\":\"PropertyValueSpecification\",\"valueRequired\":true,\"valueName\":\"search_term_string\"}}],\"inLanguage\":\"gl-ES\"},{\"@type\":\"Person\",\"@id\":\"https:\\\/\\\/ccbierzo.com\\\/gl\\\/#\\\/schema\\\/person\\\/4e9a8395b397b1d4b8695a5274072278\",\"name\":\"Marta Vidal\"}]}<\/script>\n<!-- \/ Yoast SEO plugin. -->","yoast_head_json":{"title":"Web Suelo Industrial - Consejo Comarcal del Bierzo","robots":{"index":"index","follow":"follow","max-snippet":"max-snippet:-1","max-image-preview":"max-image-preview:large","max-video-preview":"max-video-preview:-1"},"canonical":"https:\/\/ccbierzo.com\/web-suelo-industrial\/","og_locale":"gl_ES","og_type":"article","og_title":"Web Suelo Industrial - Consejo Comarcal del Bierzo","og_description":"El Consejo Comarcal y Bierzo Pyme presentan la nueva web que descubre a la comarca como 'un \u00fanico y gran pol\u00edgono industrial para atraer empresas'.","og_url":"https:\/\/ccbierzo.com\/web-suelo-industrial\/","og_site_name":"Consejo Comarcal del Bierzo","article_published_time":"2019-05-09T10:44:55+00:00","article_modified_time":"2019-05-09T11:58:11+00:00","og_image":[{"width":1500,"height":1000,"url":"https:\/\/ccbierzo.com\/wp-content\/uploads\/2019\/05\/suelo-industrial-2.jpg","type":"image\/jpeg"}],"author":"Marta Vidal","twitter_card":"summary_large_image","twitter_misc":{"Escrito por":"Marta Vidal","Tempo de lectura":"1 minuto"},"schema":{"@context":"https:\/\/schema.org","@graph":[{"@type":"Article","@id":"https:\/\/ccbierzo.com\/web-suelo-industrial\/#article","isPartOf":{"@id":"https:\/\/ccbierzo.com\/web-suelo-industrial\/"},"author":{"name":"Marta Vidal","@id":"https:\/\/ccbierzo.com\/gl\/#\/schema\/person\/4e9a8395b397b1d4b8695a5274072278"},"headline":"Web Suelo Industrial","datePublished":"2019-05-09T10:44:55+00:00","dateModified":"2019-05-09T11:58:11+00:00","mainEntityOfPage":{"@id":"https:\/\/ccbierzo.com\/web-suelo-industrial\/"},"wordCount":276,"image":{"@id":"https:\/\/ccbierzo.com\/web-suelo-industrial\/#primaryimage"},"thumbnailUrl":"https:\/\/ccbierzo.com\/wp-content\/uploads\/2019\/05\/suelo-industrial-2.jpg","keywords":["Suelo Industrial"],"articleSection":["Empleo"],"inLanguage":"gl-ES"},{"@type":"WebPage","@id":"https:\/\/ccbierzo.com\/web-suelo-industrial\/","url":"https:\/\/ccbierzo.com\/web-suelo-industrial\/","name":"Web Suelo Industrial - Consejo Comarcal del Bierzo","isPartOf":{"@id":"https:\/\/ccbierzo.com\/gl\/#website"},"primaryImageOfPage":{"@id":"https:\/\/ccbierzo.com\/web-suelo-industrial\/#primaryimage"},"image":{"@id":"https:\/\/ccbierzo.com\/web-suelo-industrial\/#primaryimage"},"thumbnailUrl":"https:\/\/ccbierzo.com\/wp-content\/uploads\/2019\/05\/suelo-industrial-2.jpg","datePublished":"2019-05-09T10:44:55+00:00","dateModified":"2019-05-09T11:58:11+00:00","author":{"@id":"https:\/\/ccbierzo.com\/gl\/#\/schema\/person\/4e9a8395b397b1d4b8695a5274072278"},"breadcrumb":{"@id":"https:\/\/ccbierzo.com\/web-suelo-industrial\/#breadcrumb"},"inLanguage":"gl-ES","potentialAction":[{"@type":"ReadAction","target":["https:\/\/ccbierzo.com\/web-suelo-industrial\/"]}]},{"@type":"ImageObject","inLanguage":"gl-ES","@id":"https:\/\/ccbierzo.com\/web-suelo-industrial\/#primaryimage","url":"https:\/\/ccbierzo.com\/wp-content\/uploads\/2019\/05\/suelo-industrial-2.jpg","contentUrl":"https:\/\/ccbierzo.com\/wp-content\/uploads\/2019\/05\/suelo-industrial-2.jpg","width":1500,"height":1000,"caption":"Presentaci\u00f3n web suelo industrial"},{"@type":"BreadcrumbList","@id":"https:\/\/ccbierzo.com\/web-suelo-industrial\/#breadcrumb","itemListElement":[{"@type":"ListItem","position":1,"name":"Portada","item":"https:\/\/ccbierzo.com\/gl\/"},{"@type":"ListItem","position":2,"name":"Web Suelo Industrial"}]},{"@type":"WebSite","@id":"https:\/\/ccbierzo.com\/gl\/#website","url":"https:\/\/ccbierzo.com\/gl\/","name":"Consejo Comarcal del Bierzo","description":"P\u00e1gina Oficial del Consejo Comarcal del Bierzo","potentialAction":[{"@type":"SearchAction","target":{"@type":"EntryPoint","urlTemplate":"https:\/\/ccbierzo.com\/gl\/?s={search_term_string}"},"query-input":{"@type":"PropertyValueSpecification","valueRequired":true,"valueName":"search_term_string"}}],"inLanguage":"gl-ES"},{"@type":"Person","@id":"https:\/\/ccbierzo.com\/gl\/#\/schema\/person\/4e9a8395b397b1d4b8695a5274072278","name":"Marta Vidal"}]}},"_links":{"self":[{"href":"https:\/\/ccbierzo.com\/gl\/wp-json\/wp\/v2\/posts\/125718","targetHints":{"allow":["GET"]}}],"collection":[{"href":"https:\/\/ccbierzo.com\/gl\/wp-json\/wp\/v2\/posts"}],"about":[{"href":"https:\/\/ccbierzo.com\/gl\/wp-json\/wp\/v2\/types\/post"}],"author":[{"embeddable":true,"href":"https:\/\/ccbierzo.com\/gl\/wp-json\/wp\/v2\/users\/3"}],"replies":[{"embeddable":true,"href":"https:\/\/ccbierzo.com\/gl\/wp-json\/wp\/v2\/comments?post=125718"}],"version-history":[{"count":0,"href":"https:\/\/ccbierzo.com\/gl\/wp-json\/wp\/v2\/posts\/125718\/revisions"}],"wp:featuredmedia":[{"embeddable":true,"href":"https:\/\/ccbierzo.com\/gl\/wp-json\/wp\/v2\/media\/125719"}],"wp:attachment":[{"href":"https:\/\/ccbierzo.com\/gl\/wp-json\/wp\/v2\/media?parent=125718"}],"wp:term":[{"taxonomy":"category","embeddable":true,"href":"https:\/\/ccbierzo.com\/gl\/wp-json\/wp\/v2\/categories?post=125718"},{"taxonomy":"post_tag","embeddable":true,"href":"https:\/\/ccbierzo.com\/gl\/wp-json\/wp\/v2\/tags?post=125718"}],"curies":[{"name":"wp","href":"https:\/\/api.w.org\/{rel}","templated":true}]}}