{"id":125632,"date":"2019-04-15T13:18:44","date_gmt":"2019-04-15T11:18:44","guid":{"rendered":"https:\/\/ccbierzo.com\/?p=125632"},"modified":"2019-04-15T13:29:01","modified_gmt":"2019-04-15T11:29:01","slug":"nueva-campana","status":"publish","type":"post","link":"https:\/\/ccbierzo.com\/gl\/nueva-campana\/","title":{"rendered":"Campa\u00f1a hort\u00edcola"},"content":{"rendered":"<p><strong>El Banco de Tierras realiza por cuarto a\u00f1o consecutivo una campa\u00f1a para el fomento del cultivo del pimiento y otras hortalizas con el fin de atraer a nuevos emprendedores.<\/strong><\/p>\n<p>Los otros dos objetivos de la campa\u00f1a, tal y como explic\u00f3 este lunes el presidente del Consejo Comarcal, son animar a otros agricultores a ampliar su superficie de cultivo y la captaci\u00f3n de fincas abandonadas que puedan ser aptas para el cultivo de hort\u00edcola. El Banco de Tierras ofrece, entre otras ventajas, asesoramiento jur\u00eddico y formativo, entrega de plantas aut\u00f3ctonas, pr\u00e9stamo de maquinar\u00eda agr\u00edcola y an\u00e1lisis de suelo.<\/p>\n<p>El Banco de Tierras gestiona en la actualidad 2.500 fincas, de las que 1.380 est\u00e1n cedidas y arrendadas. Aproximadamente el 25% est\u00e1n destinadas a uso hort\u00edcola. Gerardo \u00c1lvarez Courel afirm\u00f3 que el objetivo es ampliar ese procentaje &#8220;teniendo en cuenta el potencial hort\u00edcola de la comarca como generador de riqueza y empleo&#8221;.<\/p>\n<p>El director t\u00e9cnico de la IGP Pimiento Asado del Bierzo, Roberto Fuertes, y el presidente de la Asociaci\u00f3n Berciana de Agricultores, Pablo Linares, animaron a nuevos emprendedores a aprovechar la campa\u00f1a hort\u00edcola para iniciarse en la actividad. Seg\u00fan Linares, es una opci\u00f3n interesante porque este tipo de cultivos permiten obtener ingresos desde el primer a\u00f1o.<\/p>\n<p><img loading=\"lazy\" decoding=\"async\" class=\"aligncenter size-full wp-image-125641\" src=\"https:\/\/ccbierzo.com\/wp-content\/uploads\/2019\/04\/Banner-Horticola-725x475px.jpg\" alt=\"\" width=\"725\" height=\"475\" srcset=\"https:\/\/ccbierzo.com\/wp-content\/uploads\/2019\/04\/Banner-Horticola-725x475px.jpg 725w, https:\/\/ccbierzo.com\/wp-content\/uploads\/2019\/04\/Banner-Horticola-725x475px-300x197.jpg 300w\" sizes=\"(max-width: 725px) 100vw, 725px\" \/><\/p>\n","protected":false},"excerpt":{"rendered":"<p>El Banco de Tierras realiza por cuarto a\u00f1o consecutivo una campa\u00f1a para el fomento del cultivo del pimiento y otras hortalizas con el fin de atraer a nuevos emprendedores.<\/p>\n","protected":false},"author":3,"featured_media":125639,"comment_status":"closed","ping_status":"open","sticky":false,"template":"","format":"standard","meta":{"_et_pb_use_builder":"","_et_pb_old_content":"","_et_gb_content_width":"","footnotes":""},"categories":[77],"tags":[62],"class_list":["post-125632","post","type-post","status-publish","format-standard","has-post-thumbnail","hentry","category-empleo","tag-banco-de-tierras-de-el-bierzo"],"yoast_head":"<!-- This site is optimized with the Yoast SEO plugin v27.3 - https:\/\/yoast.com\/product\/yoast-seo-wordpress\/ -->\n<title>Campa\u00f1a hort\u00edcola - Consejo Comarcal del Bierzo<\/title>\n<meta name=\"robots\" content=\"index, follow, max-snippet:-1, max-image-preview:large, max-video-preview:-1\" \/>\n<link rel=\"canonical\" href=\"https:\/\/ccbierzo.com\/nueva-campana\/\" \/>\n<meta property=\"og:locale\" content=\"gl_ES\" \/>\n<meta property=\"og:type\" content=\"article\" \/>\n<meta property=\"og:title\" content=\"Campa\u00f1a hort\u00edcola - Consejo Comarcal del Bierzo\" \/>\n<meta property=\"og:description\" content=\"El Banco de Tierras realiza por cuarto a\u00f1o consecutivo una campa\u00f1a para el fomento del cultivo del pimiento y otras hortalizas con el fin de atraer a nuevos emprendedores.\" \/>\n<meta property=\"og:url\" content=\"https:\/\/ccbierzo.com\/nueva-campana\/\" \/>\n<meta property=\"og:site_name\" content=\"Consejo Comarcal del Bierzo\" \/>\n<meta property=\"article:published_time\" content=\"2019-04-15T11:18:44+00:00\" \/>\n<meta property=\"article:modified_time\" content=\"2019-04-15T11:29:01+00:00\" \/>\n<meta property=\"og:image\" content=\"https:\/\/ccbierzo.com\/wp-content\/uploads\/2019\/04\/campana-horticola.jpg\" \/>\n\t<meta property=\"og:image:width\" content=\"1500\" \/>\n\t<meta property=\"og:image:height\" content=\"1000\" \/>\n\t<meta property=\"og:image:type\" content=\"image\/jpeg\" \/>\n<meta name=\"author\" content=\"Marta Vidal\" \/>\n<meta name=\"twitter:card\" content=\"summary_large_image\" \/>\n<meta name=\"twitter:label1\" content=\"Escrito por\" \/>\n\t<meta name=\"twitter:data1\" content=\"Marta Vidal\" \/>\n\t<meta name=\"twitter:label2\" content=\"Tempo de lectura\" \/>\n\t<meta name=\"twitter:data2\" content=\"1 minuto\" \/>\n<script type=\"application\/ld+json\" class=\"yoast-schema-graph\">{\"@context\":\"https:\\\/\\\/schema.org\",\"@graph\":[{\"@type\":\"Article\",\"@id\":\"https:\\\/\\\/ccbierzo.com\\\/nueva-campana\\\/#article\",\"isPartOf\":{\"@id\":\"https:\\\/\\\/ccbierzo.com\\\/nueva-campana\\\/\"},\"author\":{\"name\":\"Marta Vidal\",\"@id\":\"https:\\\/\\\/ccbierzo.com\\\/gl\\\/#\\\/schema\\\/person\\\/4e9a8395b397b1d4b8695a5274072278\"},\"headline\":\"Campa\u00f1a hort\u00edcola\",\"datePublished\":\"2019-04-15T11:18:44+00:00\",\"dateModified\":\"2019-04-15T11:29:01+00:00\",\"mainEntityOfPage\":{\"@id\":\"https:\\\/\\\/ccbierzo.com\\\/nueva-campana\\\/\"},\"wordCount\":227,\"image\":{\"@id\":\"https:\\\/\\\/ccbierzo.com\\\/nueva-campana\\\/#primaryimage\"},\"thumbnailUrl\":\"https:\\\/\\\/ccbierzo.com\\\/wp-content\\\/uploads\\\/2019\\\/04\\\/campana-horticola.jpg\",\"keywords\":[\"Banco de Tierras de El Bierzo\"],\"articleSection\":[\"Empleo\"],\"inLanguage\":\"gl-ES\"},{\"@type\":\"WebPage\",\"@id\":\"https:\\\/\\\/ccbierzo.com\\\/nueva-campana\\\/\",\"url\":\"https:\\\/\\\/ccbierzo.com\\\/nueva-campana\\\/\",\"name\":\"Campa\u00f1a hort\u00edcola - Consejo Comarcal del Bierzo\",\"isPartOf\":{\"@id\":\"https:\\\/\\\/ccbierzo.com\\\/gl\\\/#website\"},\"primaryImageOfPage\":{\"@id\":\"https:\\\/\\\/ccbierzo.com\\\/nueva-campana\\\/#primaryimage\"},\"image\":{\"@id\":\"https:\\\/\\\/ccbierzo.com\\\/nueva-campana\\\/#primaryimage\"},\"thumbnailUrl\":\"https:\\\/\\\/ccbierzo.com\\\/wp-content\\\/uploads\\\/2019\\\/04\\\/campana-horticola.jpg\",\"datePublished\":\"2019-04-15T11:18:44+00:00\",\"dateModified\":\"2019-04-15T11:29:01+00:00\",\"author\":{\"@id\":\"https:\\\/\\\/ccbierzo.com\\\/gl\\\/#\\\/schema\\\/person\\\/4e9a8395b397b1d4b8695a5274072278\"},\"breadcrumb\":{\"@id\":\"https:\\\/\\\/ccbierzo.com\\\/nueva-campana\\\/#breadcrumb\"},\"inLanguage\":\"gl-ES\",\"potentialAction\":[{\"@type\":\"ReadAction\",\"target\":[\"https:\\\/\\\/ccbierzo.com\\\/nueva-campana\\\/\"]}]},{\"@type\":\"ImageObject\",\"inLanguage\":\"gl-ES\",\"@id\":\"https:\\\/\\\/ccbierzo.com\\\/nueva-campana\\\/#primaryimage\",\"url\":\"https:\\\/\\\/ccbierzo.com\\\/wp-content\\\/uploads\\\/2019\\\/04\\\/campana-horticola.jpg\",\"contentUrl\":\"https:\\\/\\\/ccbierzo.com\\\/wp-content\\\/uploads\\\/2019\\\/04\\\/campana-horticola.jpg\",\"width\":1500,\"height\":1000,\"caption\":\"presentaci\u00f3n de la campa\u00f1a hort\u00edcola 2019\"},{\"@type\":\"BreadcrumbList\",\"@id\":\"https:\\\/\\\/ccbierzo.com\\\/nueva-campana\\\/#breadcrumb\",\"itemListElement\":[{\"@type\":\"ListItem\",\"position\":1,\"name\":\"Portada\",\"item\":\"https:\\\/\\\/ccbierzo.com\\\/gl\\\/\"},{\"@type\":\"ListItem\",\"position\":2,\"name\":\"Campa\u00f1a hort\u00edcola\"}]},{\"@type\":\"WebSite\",\"@id\":\"https:\\\/\\\/ccbierzo.com\\\/gl\\\/#website\",\"url\":\"https:\\\/\\\/ccbierzo.com\\\/gl\\\/\",\"name\":\"Consejo Comarcal del Bierzo\",\"description\":\"P\u00e1gina Oficial del Consejo Comarcal del Bierzo\",\"potentialAction\":[{\"@type\":\"SearchAction\",\"target\":{\"@type\":\"EntryPoint\",\"urlTemplate\":\"https:\\\/\\\/ccbierzo.com\\\/gl\\\/?s={search_term_string}\"},\"query-input\":{\"@type\":\"PropertyValueSpecification\",\"valueRequired\":true,\"valueName\":\"search_term_string\"}}],\"inLanguage\":\"gl-ES\"},{\"@type\":\"Person\",\"@id\":\"https:\\\/\\\/ccbierzo.com\\\/gl\\\/#\\\/schema\\\/person\\\/4e9a8395b397b1d4b8695a5274072278\",\"name\":\"Marta Vidal\"}]}<\/script>\n<!-- \/ Yoast SEO plugin. -->","yoast_head_json":{"title":"Campa\u00f1a hort\u00edcola - Consejo Comarcal del Bierzo","robots":{"index":"index","follow":"follow","max-snippet":"max-snippet:-1","max-image-preview":"max-image-preview:large","max-video-preview":"max-video-preview:-1"},"canonical":"https:\/\/ccbierzo.com\/nueva-campana\/","og_locale":"gl_ES","og_type":"article","og_title":"Campa\u00f1a hort\u00edcola - Consejo Comarcal del Bierzo","og_description":"El Banco de Tierras realiza por cuarto a\u00f1o consecutivo una campa\u00f1a para el fomento del cultivo del pimiento y otras hortalizas con el fin de atraer a nuevos emprendedores.","og_url":"https:\/\/ccbierzo.com\/nueva-campana\/","og_site_name":"Consejo Comarcal del Bierzo","article_published_time":"2019-04-15T11:18:44+00:00","article_modified_time":"2019-04-15T11:29:01+00:00","og_image":[{"width":1500,"height":1000,"url":"https:\/\/ccbierzo.com\/wp-content\/uploads\/2019\/04\/campana-horticola.jpg","type":"image\/jpeg"}],"author":"Marta Vidal","twitter_card":"summary_large_image","twitter_misc":{"Escrito por":"Marta Vidal","Tempo de lectura":"1 minuto"},"schema":{"@context":"https:\/\/schema.org","@graph":[{"@type":"Article","@id":"https:\/\/ccbierzo.com\/nueva-campana\/#article","isPartOf":{"@id":"https:\/\/ccbierzo.com\/nueva-campana\/"},"author":{"name":"Marta Vidal","@id":"https:\/\/ccbierzo.com\/gl\/#\/schema\/person\/4e9a8395b397b1d4b8695a5274072278"},"headline":"Campa\u00f1a hort\u00edcola","datePublished":"2019-04-15T11:18:44+00:00","dateModified":"2019-04-15T11:29:01+00:00","mainEntityOfPage":{"@id":"https:\/\/ccbierzo.com\/nueva-campana\/"},"wordCount":227,"image":{"@id":"https:\/\/ccbierzo.com\/nueva-campana\/#primaryimage"},"thumbnailUrl":"https:\/\/ccbierzo.com\/wp-content\/uploads\/2019\/04\/campana-horticola.jpg","keywords":["Banco de Tierras de El Bierzo"],"articleSection":["Empleo"],"inLanguage":"gl-ES"},{"@type":"WebPage","@id":"https:\/\/ccbierzo.com\/nueva-campana\/","url":"https:\/\/ccbierzo.com\/nueva-campana\/","name":"Campa\u00f1a hort\u00edcola - Consejo Comarcal del Bierzo","isPartOf":{"@id":"https:\/\/ccbierzo.com\/gl\/#website"},"primaryImageOfPage":{"@id":"https:\/\/ccbierzo.com\/nueva-campana\/#primaryimage"},"image":{"@id":"https:\/\/ccbierzo.com\/nueva-campana\/#primaryimage"},"thumbnailUrl":"https:\/\/ccbierzo.com\/wp-content\/uploads\/2019\/04\/campana-horticola.jpg","datePublished":"2019-04-15T11:18:44+00:00","dateModified":"2019-04-15T11:29:01+00:00","author":{"@id":"https:\/\/ccbierzo.com\/gl\/#\/schema\/person\/4e9a8395b397b1d4b8695a5274072278"},"breadcrumb":{"@id":"https:\/\/ccbierzo.com\/nueva-campana\/#breadcrumb"},"inLanguage":"gl-ES","potentialAction":[{"@type":"ReadAction","target":["https:\/\/ccbierzo.com\/nueva-campana\/"]}]},{"@type":"ImageObject","inLanguage":"gl-ES","@id":"https:\/\/ccbierzo.com\/nueva-campana\/#primaryimage","url":"https:\/\/ccbierzo.com\/wp-content\/uploads\/2019\/04\/campana-horticola.jpg","contentUrl":"https:\/\/ccbierzo.com\/wp-content\/uploads\/2019\/04\/campana-horticola.jpg","width":1500,"height":1000,"caption":"presentaci\u00f3n de la campa\u00f1a hort\u00edcola 2019"},{"@type":"BreadcrumbList","@id":"https:\/\/ccbierzo.com\/nueva-campana\/#breadcrumb","itemListElement":[{"@type":"ListItem","position":1,"name":"Portada","item":"https:\/\/ccbierzo.com\/gl\/"},{"@type":"ListItem","position":2,"name":"Campa\u00f1a hort\u00edcola"}]},{"@type":"WebSite","@id":"https:\/\/ccbierzo.com\/gl\/#website","url":"https:\/\/ccbierzo.com\/gl\/","name":"Consejo Comarcal del Bierzo","description":"P\u00e1gina Oficial del Consejo Comarcal del Bierzo","potentialAction":[{"@type":"SearchAction","target":{"@type":"EntryPoint","urlTemplate":"https:\/\/ccbierzo.com\/gl\/?s={search_term_string}"},"query-input":{"@type":"PropertyValueSpecification","valueRequired":true,"valueName":"search_term_string"}}],"inLanguage":"gl-ES"},{"@type":"Person","@id":"https:\/\/ccbierzo.com\/gl\/#\/schema\/person\/4e9a8395b397b1d4b8695a5274072278","name":"Marta Vidal"}]}},"_links":{"self":[{"href":"https:\/\/ccbierzo.com\/gl\/wp-json\/wp\/v2\/posts\/125632","targetHints":{"allow":["GET"]}}],"collection":[{"href":"https:\/\/ccbierzo.com\/gl\/wp-json\/wp\/v2\/posts"}],"about":[{"href":"https:\/\/ccbierzo.com\/gl\/wp-json\/wp\/v2\/types\/post"}],"author":[{"embeddable":true,"href":"https:\/\/ccbierzo.com\/gl\/wp-json\/wp\/v2\/users\/3"}],"replies":[{"embeddable":true,"href":"https:\/\/ccbierzo.com\/gl\/wp-json\/wp\/v2\/comments?post=125632"}],"version-history":[{"count":0,"href":"https:\/\/ccbierzo.com\/gl\/wp-json\/wp\/v2\/posts\/125632\/revisions"}],"wp:featuredmedia":[{"embeddable":true,"href":"https:\/\/ccbierzo.com\/gl\/wp-json\/wp\/v2\/media\/125639"}],"wp:attachment":[{"href":"https:\/\/ccbierzo.com\/gl\/wp-json\/wp\/v2\/media?parent=125632"}],"wp:term":[{"taxonomy":"category","embeddable":true,"href":"https:\/\/ccbierzo.com\/gl\/wp-json\/wp\/v2\/categories?post=125632"},{"taxonomy":"post_tag","embeddable":true,"href":"https:\/\/ccbierzo.com\/gl\/wp-json\/wp\/v2\/tags?post=125632"}],"curies":[{"name":"wp","href":"https:\/\/api.w.org\/{rel}","templated":true}]}}