{"id":125479,"date":"2019-04-08T12:36:29","date_gmt":"2019-04-08T10:36:29","guid":{"rendered":"https:\/\/ccbierzo.com\/?p=125479"},"modified":"2019-04-08T12:36:29","modified_gmt":"2019-04-08T10:36:29","slug":"plantas-autoctonas","status":"publish","type":"post","link":"https:\/\/ccbierzo.com\/gl\/plantas-autoctonas\/","title":{"rendered":"Plantas aut\u00f3ctonas"},"content":{"rendered":"<p>La convocatoria para acceder a la concesi\u00f3n de las plantas est\u00e1 dirigida a personas que est\u00e9n en posesi\u00f3n de fincas para uso hort\u00edcola cedidas o arrendadas a trav\u00e9s del Banco de Tierras. Se entregar\u00e1n en total 15.000 plantas de pimiento ecotipo Bierzo de la IGP del Pimiento Asado, 15.000 de cebolla de Villafranca y 800 de tomate del pa\u00eds. Cada solicitante, una vez que se compruebe que cumple los requisitos, recibir\u00e1 500 plantas de cebolla, 500 de pimiento y 20 de tomate.<\/p>\n<p>Tendr\u00e1n prioridad las solicitudes de menores de 30 a\u00f1os; las de personas emprendedoras que lleven menos de cinco a\u00f1os de actividad y aquellas en las que exista un compromiso de sostenibilidad medioambiental que deber\u00e1 acreditarse mediante certificaci\u00f3n ecol\u00f3gica o declaraci\u00f3n responsable de no utilizar productos fitosanitarios.<\/p>\n<p>Las personas interesadas pueden consultar las bases y descargarse la solicitud en las p\u00e1ginas web del <a href=\"https:\/\/ccbierzo.com\/\">Consejo Comarcal <\/a>y del<a href=\"http:\/\/www.bancodetierrasdelbierzo.es\/\"> Banco de Tierras<\/a>. Deber\u00e1n presentarlas en el registro del Consejo antes del \u00a029 de abril.<\/p>\n<h6>Descarga de documentos:<\/h6>\n<p><a href=\"https:\/\/ccbierzo.com\/wp-content\/uploads\/2019\/04\/BASES.pdf\">BASES<\/a><\/p>\n<p><a href=\"https:\/\/ccbierzo.com\/wp-content\/uploads\/2019\/04\/SOLICITUD.pdf\">SOLICITUD<\/a><\/p>\n<p>&nbsp;<\/p>\n","protected":false},"excerpt":{"rendered":"<p>El Consejo Comarcal reparte 30.800 plantas de variedades hort\u00edcolas aut\u00f3ctonas de El Bierzo. Las solicitudes se pueden presentar hasta el 29 de abril.<\/p>\n","protected":false},"author":3,"featured_media":119540,"comment_status":"closed","ping_status":"open","sticky":false,"template":"","format":"standard","meta":{"_et_pb_use_builder":"","_et_pb_old_content":"","_et_gb_content_width":"","footnotes":""},"categories":[77],"tags":[62],"class_list":["post-125479","post","type-post","status-publish","format-standard","has-post-thumbnail","hentry","category-empleo","tag-banco-de-tierras-de-el-bierzo"],"yoast_head":"<!-- This site is optimized with the Yoast SEO plugin v27.3 - https:\/\/yoast.com\/product\/yoast-seo-wordpress\/ -->\n<title>Plantas aut\u00f3ctonas - Consejo Comarcal del Bierzo<\/title>\n<meta name=\"robots\" content=\"index, follow, max-snippet:-1, max-image-preview:large, max-video-preview:-1\" \/>\n<link rel=\"canonical\" href=\"https:\/\/ccbierzo.com\/plantas-autoctonas\/\" \/>\n<meta property=\"og:locale\" content=\"gl_ES\" \/>\n<meta property=\"og:type\" content=\"article\" \/>\n<meta property=\"og:title\" content=\"Plantas aut\u00f3ctonas - Consejo Comarcal del Bierzo\" \/>\n<meta property=\"og:description\" content=\"El Consejo Comarcal reparte 30.800 plantas de variedades hort\u00edcolas aut\u00f3ctonas de El Bierzo. Las solicitudes se pueden presentar hasta el 29 de abril.\" \/>\n<meta property=\"og:url\" content=\"https:\/\/ccbierzo.com\/plantas-autoctonas\/\" \/>\n<meta property=\"og:site_name\" content=\"Consejo Comarcal del Bierzo\" \/>\n<meta property=\"article:published_time\" content=\"2019-04-08T10:36:29+00:00\" \/>\n<meta property=\"og:image\" content=\"https:\/\/ccbierzo.com\/wp-content\/uploads\/2018\/05\/finca-maiz-e1620806742265.jpg\" \/>\n\t<meta property=\"og:image:width\" content=\"1500\" \/>\n\t<meta property=\"og:image:height\" content=\"1001\" \/>\n\t<meta property=\"og:image:type\" content=\"image\/jpeg\" \/>\n<meta name=\"author\" content=\"Marta Vidal\" \/>\n<meta name=\"twitter:card\" content=\"summary_large_image\" \/>\n<meta name=\"twitter:label1\" content=\"Escrito por\" \/>\n\t<meta name=\"twitter:data1\" content=\"Marta Vidal\" \/>\n\t<meta name=\"twitter:label2\" content=\"Tempo de lectura\" \/>\n\t<meta name=\"twitter:data2\" content=\"1 minuto\" \/>\n<script type=\"application\/ld+json\" class=\"yoast-schema-graph\">{\"@context\":\"https:\\\/\\\/schema.org\",\"@graph\":[{\"@type\":\"Article\",\"@id\":\"https:\\\/\\\/ccbierzo.com\\\/plantas-autoctonas\\\/#article\",\"isPartOf\":{\"@id\":\"https:\\\/\\\/ccbierzo.com\\\/plantas-autoctonas\\\/\"},\"author\":{\"name\":\"Marta Vidal\",\"@id\":\"https:\\\/\\\/ccbierzo.com\\\/gl\\\/#\\\/schema\\\/person\\\/4e9a8395b397b1d4b8695a5274072278\"},\"headline\":\"Plantas aut\u00f3ctonas\",\"datePublished\":\"2019-04-08T10:36:29+00:00\",\"mainEntityOfPage\":{\"@id\":\"https:\\\/\\\/ccbierzo.com\\\/plantas-autoctonas\\\/\"},\"wordCount\":179,\"image\":{\"@id\":\"https:\\\/\\\/ccbierzo.com\\\/plantas-autoctonas\\\/#primaryimage\"},\"thumbnailUrl\":\"https:\\\/\\\/ccbierzo.com\\\/wp-content\\\/uploads\\\/2018\\\/05\\\/finca-maiz-e1620806742265.jpg\",\"keywords\":[\"Banco de Tierras de El Bierzo\"],\"articleSection\":[\"Empleo\"],\"inLanguage\":\"gl-ES\"},{\"@type\":\"WebPage\",\"@id\":\"https:\\\/\\\/ccbierzo.com\\\/plantas-autoctonas\\\/\",\"url\":\"https:\\\/\\\/ccbierzo.com\\\/plantas-autoctonas\\\/\",\"name\":\"Plantas aut\u00f3ctonas - Consejo Comarcal del Bierzo\",\"isPartOf\":{\"@id\":\"https:\\\/\\\/ccbierzo.com\\\/gl\\\/#website\"},\"primaryImageOfPage\":{\"@id\":\"https:\\\/\\\/ccbierzo.com\\\/plantas-autoctonas\\\/#primaryimage\"},\"image\":{\"@id\":\"https:\\\/\\\/ccbierzo.com\\\/plantas-autoctonas\\\/#primaryimage\"},\"thumbnailUrl\":\"https:\\\/\\\/ccbierzo.com\\\/wp-content\\\/uploads\\\/2018\\\/05\\\/finca-maiz-e1620806742265.jpg\",\"datePublished\":\"2019-04-08T10:36:29+00:00\",\"author\":{\"@id\":\"https:\\\/\\\/ccbierzo.com\\\/gl\\\/#\\\/schema\\\/person\\\/4e9a8395b397b1d4b8695a5274072278\"},\"breadcrumb\":{\"@id\":\"https:\\\/\\\/ccbierzo.com\\\/plantas-autoctonas\\\/#breadcrumb\"},\"inLanguage\":\"gl-ES\",\"potentialAction\":[{\"@type\":\"ReadAction\",\"target\":[\"https:\\\/\\\/ccbierzo.com\\\/plantas-autoctonas\\\/\"]}]},{\"@type\":\"ImageObject\",\"inLanguage\":\"gl-ES\",\"@id\":\"https:\\\/\\\/ccbierzo.com\\\/plantas-autoctonas\\\/#primaryimage\",\"url\":\"https:\\\/\\\/ccbierzo.com\\\/wp-content\\\/uploads\\\/2018\\\/05\\\/finca-maiz-e1620806742265.jpg\",\"contentUrl\":\"https:\\\/\\\/ccbierzo.com\\\/wp-content\\\/uploads\\\/2018\\\/05\\\/finca-maiz-e1620806742265.jpg\",\"width\":1500,\"height\":1001,\"caption\":\"Plantaci\u00f3n de ma\u00edz\"},{\"@type\":\"BreadcrumbList\",\"@id\":\"https:\\\/\\\/ccbierzo.com\\\/plantas-autoctonas\\\/#breadcrumb\",\"itemListElement\":[{\"@type\":\"ListItem\",\"position\":1,\"name\":\"Portada\",\"item\":\"https:\\\/\\\/ccbierzo.com\\\/gl\\\/\"},{\"@type\":\"ListItem\",\"position\":2,\"name\":\"Plantas aut\u00f3ctonas\"}]},{\"@type\":\"WebSite\",\"@id\":\"https:\\\/\\\/ccbierzo.com\\\/gl\\\/#website\",\"url\":\"https:\\\/\\\/ccbierzo.com\\\/gl\\\/\",\"name\":\"Consejo Comarcal del Bierzo\",\"description\":\"P\u00e1gina Oficial del Consejo Comarcal del Bierzo\",\"potentialAction\":[{\"@type\":\"SearchAction\",\"target\":{\"@type\":\"EntryPoint\",\"urlTemplate\":\"https:\\\/\\\/ccbierzo.com\\\/gl\\\/?s={search_term_string}\"},\"query-input\":{\"@type\":\"PropertyValueSpecification\",\"valueRequired\":true,\"valueName\":\"search_term_string\"}}],\"inLanguage\":\"gl-ES\"},{\"@type\":\"Person\",\"@id\":\"https:\\\/\\\/ccbierzo.com\\\/gl\\\/#\\\/schema\\\/person\\\/4e9a8395b397b1d4b8695a5274072278\",\"name\":\"Marta Vidal\"}]}<\/script>\n<!-- \/ Yoast SEO plugin. -->","yoast_head_json":{"title":"Plantas aut\u00f3ctonas - Consejo Comarcal del Bierzo","robots":{"index":"index","follow":"follow","max-snippet":"max-snippet:-1","max-image-preview":"max-image-preview:large","max-video-preview":"max-video-preview:-1"},"canonical":"https:\/\/ccbierzo.com\/plantas-autoctonas\/","og_locale":"gl_ES","og_type":"article","og_title":"Plantas aut\u00f3ctonas - Consejo Comarcal del Bierzo","og_description":"El Consejo Comarcal reparte 30.800 plantas de variedades hort\u00edcolas aut\u00f3ctonas de El Bierzo. Las solicitudes se pueden presentar hasta el 29 de abril.","og_url":"https:\/\/ccbierzo.com\/plantas-autoctonas\/","og_site_name":"Consejo Comarcal del Bierzo","article_published_time":"2019-04-08T10:36:29+00:00","og_image":[{"width":1500,"height":1001,"url":"https:\/\/ccbierzo.com\/wp-content\/uploads\/2018\/05\/finca-maiz-e1620806742265.jpg","type":"image\/jpeg"}],"author":"Marta Vidal","twitter_card":"summary_large_image","twitter_misc":{"Escrito por":"Marta Vidal","Tempo de lectura":"1 minuto"},"schema":{"@context":"https:\/\/schema.org","@graph":[{"@type":"Article","@id":"https:\/\/ccbierzo.com\/plantas-autoctonas\/#article","isPartOf":{"@id":"https:\/\/ccbierzo.com\/plantas-autoctonas\/"},"author":{"name":"Marta Vidal","@id":"https:\/\/ccbierzo.com\/gl\/#\/schema\/person\/4e9a8395b397b1d4b8695a5274072278"},"headline":"Plantas aut\u00f3ctonas","datePublished":"2019-04-08T10:36:29+00:00","mainEntityOfPage":{"@id":"https:\/\/ccbierzo.com\/plantas-autoctonas\/"},"wordCount":179,"image":{"@id":"https:\/\/ccbierzo.com\/plantas-autoctonas\/#primaryimage"},"thumbnailUrl":"https:\/\/ccbierzo.com\/wp-content\/uploads\/2018\/05\/finca-maiz-e1620806742265.jpg","keywords":["Banco de Tierras de El Bierzo"],"articleSection":["Empleo"],"inLanguage":"gl-ES"},{"@type":"WebPage","@id":"https:\/\/ccbierzo.com\/plantas-autoctonas\/","url":"https:\/\/ccbierzo.com\/plantas-autoctonas\/","name":"Plantas aut\u00f3ctonas - Consejo Comarcal del Bierzo","isPartOf":{"@id":"https:\/\/ccbierzo.com\/gl\/#website"},"primaryImageOfPage":{"@id":"https:\/\/ccbierzo.com\/plantas-autoctonas\/#primaryimage"},"image":{"@id":"https:\/\/ccbierzo.com\/plantas-autoctonas\/#primaryimage"},"thumbnailUrl":"https:\/\/ccbierzo.com\/wp-content\/uploads\/2018\/05\/finca-maiz-e1620806742265.jpg","datePublished":"2019-04-08T10:36:29+00:00","author":{"@id":"https:\/\/ccbierzo.com\/gl\/#\/schema\/person\/4e9a8395b397b1d4b8695a5274072278"},"breadcrumb":{"@id":"https:\/\/ccbierzo.com\/plantas-autoctonas\/#breadcrumb"},"inLanguage":"gl-ES","potentialAction":[{"@type":"ReadAction","target":["https:\/\/ccbierzo.com\/plantas-autoctonas\/"]}]},{"@type":"ImageObject","inLanguage":"gl-ES","@id":"https:\/\/ccbierzo.com\/plantas-autoctonas\/#primaryimage","url":"https:\/\/ccbierzo.com\/wp-content\/uploads\/2018\/05\/finca-maiz-e1620806742265.jpg","contentUrl":"https:\/\/ccbierzo.com\/wp-content\/uploads\/2018\/05\/finca-maiz-e1620806742265.jpg","width":1500,"height":1001,"caption":"Plantaci\u00f3n de ma\u00edz"},{"@type":"BreadcrumbList","@id":"https:\/\/ccbierzo.com\/plantas-autoctonas\/#breadcrumb","itemListElement":[{"@type":"ListItem","position":1,"name":"Portada","item":"https:\/\/ccbierzo.com\/gl\/"},{"@type":"ListItem","position":2,"name":"Plantas aut\u00f3ctonas"}]},{"@type":"WebSite","@id":"https:\/\/ccbierzo.com\/gl\/#website","url":"https:\/\/ccbierzo.com\/gl\/","name":"Consejo Comarcal del Bierzo","description":"P\u00e1gina Oficial del Consejo Comarcal del Bierzo","potentialAction":[{"@type":"SearchAction","target":{"@type":"EntryPoint","urlTemplate":"https:\/\/ccbierzo.com\/gl\/?s={search_term_string}"},"query-input":{"@type":"PropertyValueSpecification","valueRequired":true,"valueName":"search_term_string"}}],"inLanguage":"gl-ES"},{"@type":"Person","@id":"https:\/\/ccbierzo.com\/gl\/#\/schema\/person\/4e9a8395b397b1d4b8695a5274072278","name":"Marta Vidal"}]}},"_links":{"self":[{"href":"https:\/\/ccbierzo.com\/gl\/wp-json\/wp\/v2\/posts\/125479","targetHints":{"allow":["GET"]}}],"collection":[{"href":"https:\/\/ccbierzo.com\/gl\/wp-json\/wp\/v2\/posts"}],"about":[{"href":"https:\/\/ccbierzo.com\/gl\/wp-json\/wp\/v2\/types\/post"}],"author":[{"embeddable":true,"href":"https:\/\/ccbierzo.com\/gl\/wp-json\/wp\/v2\/users\/3"}],"replies":[{"embeddable":true,"href":"https:\/\/ccbierzo.com\/gl\/wp-json\/wp\/v2\/comments?post=125479"}],"version-history":[{"count":0,"href":"https:\/\/ccbierzo.com\/gl\/wp-json\/wp\/v2\/posts\/125479\/revisions"}],"wp:featuredmedia":[{"embeddable":true,"href":"https:\/\/ccbierzo.com\/gl\/wp-json\/wp\/v2\/media\/119540"}],"wp:attachment":[{"href":"https:\/\/ccbierzo.com\/gl\/wp-json\/wp\/v2\/media?parent=125479"}],"wp:term":[{"taxonomy":"category","embeddable":true,"href":"https:\/\/ccbierzo.com\/gl\/wp-json\/wp\/v2\/categories?post=125479"},{"taxonomy":"post_tag","embeddable":true,"href":"https:\/\/ccbierzo.com\/gl\/wp-json\/wp\/v2\/tags?post=125479"}],"curies":[{"name":"wp","href":"https:\/\/api.w.org\/{rel}","templated":true}]}}