{"id":124864,"date":"2019-03-12T12:44:36","date_gmt":"2019-03-12T11:44:36","guid":{"rendered":"https:\/\/ccbierzo.com\/?p=124864"},"modified":"2019-03-12T13:33:05","modified_gmt":"2019-03-12T12:33:05","slug":"ii-premio-morales","status":"publish","type":"post","link":"https:\/\/ccbierzo.com\/gl\/ii-premio-morales\/","title":{"rendered":"II Premio Morales"},"content":{"rendered":"<p>El presidente del Consejo Comarcal del Bierzo, Gerardo \u00c1lvarez Courel, particip\u00f3 este lunes en la presentaci\u00f3n del II Premio Morales para la promoci\u00f3n de la lengua gallega en El Bierzo y Sanabria. El acto se celebr\u00f3 en Villafranca del Bierzo, donde se celebran las <em>Xornadas Mart\u00edn Sarmiento<\/em> y a \u00e9l acudieron representantes de las entidades organizadoras como el secretario xeral de Pol\u00edtica Ling\u00fc\u00edstica de la Xunta de Galicia, Valent\u00edn Garc\u00eda, y el director general de recursos humanos de la Consejer\u00eda de Educaci\u00f3n, Jes\u00fas Hurtado, adem\u00e1s de representantes del resto de organizaciones que participan.<\/p>\n<blockquote><p>El Bierzo cuenta con 927 estudiantes de gallego en Primaria y 133 en Secundaria.<\/p><\/blockquote>\n<p>Est\u00e1 previsto que m\u00e1s de 1.000 estudiantes de El Bierzo participen en la segunda edici\u00f3n del premio presentando sus trabajos, que este a\u00f1o tienen que estar relacionados con la tradici\u00f3n del filand\u00f3n bas\u00e1ndose en uno de los poemas del escritor cacabelense Antonio Fern\u00e1ndez Morales, a quien rinde homenaje el certamen. Los textos y dibujos presentados se publicar\u00e1n en forma de libro gracias a <em>Edici\u00f3ns Positivas<\/em>, tambi\u00e9n colaboradora en el evento. El a\u00f1o pasado la entrega de premios se celebr\u00f3 en Las M\u00e9dulas. Este a\u00f1o, se convocar\u00e1 a los ni\u00f1os y ni\u00f1as participantes en Corull\u00f3n.<\/p>\n<p>&nbsp;<\/p>\n","protected":false},"excerpt":{"rendered":"<p>El Consejo Comarcal del Bierzo participa por segundo a\u00f1o consecutivo en el Premio Morales para la promoci\u00f3n del gallego. En esta edici\u00f3n, la convocatoria se abre a Sanabria.<\/p>\n","protected":false},"author":3,"featured_media":124865,"comment_status":"closed","ping_status":"open","sticky":false,"template":"","format":"standard","meta":{"_et_pb_use_builder":"","_et_pb_old_content":"","_et_gb_content_width":"","footnotes":""},"categories":[22],"tags":[182],"class_list":["post-124864","post","type-post","status-publish","format-standard","has-post-thumbnail","hentry","category-cultura","tag-premios-morales"],"yoast_head":"<!-- This site is optimized with the Yoast SEO plugin v27.3 - https:\/\/yoast.com\/product\/yoast-seo-wordpress\/ -->\n<title>II Premio Morales - Consejo Comarcal del Bierzo<\/title>\n<meta name=\"robots\" content=\"index, follow, max-snippet:-1, max-image-preview:large, max-video-preview:-1\" \/>\n<link rel=\"canonical\" href=\"https:\/\/ccbierzo.com\/ii-premio-morales\/\" \/>\n<meta property=\"og:locale\" content=\"gl_ES\" \/>\n<meta property=\"og:type\" content=\"article\" \/>\n<meta property=\"og:title\" content=\"II Premio Morales - Consejo Comarcal del Bierzo\" \/>\n<meta property=\"og:description\" content=\"El Consejo Comarcal del Bierzo participa por segundo a\u00f1o consecutivo en el Premio Morales para la promoci\u00f3n del gallego. En esta edici\u00f3n, la convocatoria se abre a Sanabria.\" \/>\n<meta property=\"og:url\" content=\"https:\/\/ccbierzo.com\/ii-premio-morales\/\" \/>\n<meta property=\"og:site_name\" content=\"Consejo Comarcal del Bierzo\" \/>\n<meta property=\"article:published_time\" content=\"2019-03-12T11:44:36+00:00\" \/>\n<meta property=\"article:modified_time\" content=\"2019-03-12T12:33:05+00:00\" \/>\n<meta property=\"og:image\" content=\"https:\/\/ccbierzo.com\/wp-content\/uploads\/2019\/03\/IMG-20190311-WA0003-e1552390945227.jpg\" \/>\n\t<meta property=\"og:image:width\" content=\"1500\" \/>\n\t<meta property=\"og:image:height\" content=\"1001\" \/>\n\t<meta property=\"og:image:type\" content=\"image\/jpeg\" \/>\n<meta name=\"author\" content=\"Marta Vidal\" \/>\n<meta name=\"twitter:card\" content=\"summary_large_image\" \/>\n<meta name=\"twitter:label1\" content=\"Escrito por\" \/>\n\t<meta name=\"twitter:data1\" content=\"Marta Vidal\" \/>\n\t<meta name=\"twitter:label2\" content=\"Tempo de lectura\" \/>\n\t<meta name=\"twitter:data2\" content=\"1 minuto\" \/>\n<script type=\"application\/ld+json\" class=\"yoast-schema-graph\">{\"@context\":\"https:\\\/\\\/schema.org\",\"@graph\":[{\"@type\":\"Article\",\"@id\":\"https:\\\/\\\/ccbierzo.com\\\/ii-premio-morales\\\/#article\",\"isPartOf\":{\"@id\":\"https:\\\/\\\/ccbierzo.com\\\/ii-premio-morales\\\/\"},\"author\":{\"name\":\"Marta Vidal\",\"@id\":\"https:\\\/\\\/ccbierzo.com\\\/gl\\\/#\\\/schema\\\/person\\\/4e9a8395b397b1d4b8695a5274072278\"},\"headline\":\"II Premio Morales\",\"datePublished\":\"2019-03-12T11:44:36+00:00\",\"dateModified\":\"2019-03-12T12:33:05+00:00\",\"mainEntityOfPage\":{\"@id\":\"https:\\\/\\\/ccbierzo.com\\\/ii-premio-morales\\\/\"},\"wordCount\":229,\"image\":{\"@id\":\"https:\\\/\\\/ccbierzo.com\\\/ii-premio-morales\\\/#primaryimage\"},\"thumbnailUrl\":\"https:\\\/\\\/ccbierzo.com\\\/wp-content\\\/uploads\\\/2019\\\/03\\\/IMG-20190311-WA0003-e1552390945227.jpg\",\"keywords\":[\"Premios Morales\"],\"articleSection\":[\"Cultura\"],\"inLanguage\":\"gl-ES\"},{\"@type\":\"WebPage\",\"@id\":\"https:\\\/\\\/ccbierzo.com\\\/ii-premio-morales\\\/\",\"url\":\"https:\\\/\\\/ccbierzo.com\\\/ii-premio-morales\\\/\",\"name\":\"II Premio Morales - Consejo Comarcal del Bierzo\",\"isPartOf\":{\"@id\":\"https:\\\/\\\/ccbierzo.com\\\/gl\\\/#website\"},\"primaryImageOfPage\":{\"@id\":\"https:\\\/\\\/ccbierzo.com\\\/ii-premio-morales\\\/#primaryimage\"},\"image\":{\"@id\":\"https:\\\/\\\/ccbierzo.com\\\/ii-premio-morales\\\/#primaryimage\"},\"thumbnailUrl\":\"https:\\\/\\\/ccbierzo.com\\\/wp-content\\\/uploads\\\/2019\\\/03\\\/IMG-20190311-WA0003-e1552390945227.jpg\",\"datePublished\":\"2019-03-12T11:44:36+00:00\",\"dateModified\":\"2019-03-12T12:33:05+00:00\",\"author\":{\"@id\":\"https:\\\/\\\/ccbierzo.com\\\/gl\\\/#\\\/schema\\\/person\\\/4e9a8395b397b1d4b8695a5274072278\"},\"breadcrumb\":{\"@id\":\"https:\\\/\\\/ccbierzo.com\\\/ii-premio-morales\\\/#breadcrumb\"},\"inLanguage\":\"gl-ES\",\"potentialAction\":[{\"@type\":\"ReadAction\",\"target\":[\"https:\\\/\\\/ccbierzo.com\\\/ii-premio-morales\\\/\"]}]},{\"@type\":\"ImageObject\",\"inLanguage\":\"gl-ES\",\"@id\":\"https:\\\/\\\/ccbierzo.com\\\/ii-premio-morales\\\/#primaryimage\",\"url\":\"https:\\\/\\\/ccbierzo.com\\\/wp-content\\\/uploads\\\/2019\\\/03\\\/IMG-20190311-WA0003-e1552390945227.jpg\",\"contentUrl\":\"https:\\\/\\\/ccbierzo.com\\\/wp-content\\\/uploads\\\/2019\\\/03\\\/IMG-20190311-WA0003-e1552390945227.jpg\",\"width\":1500,\"height\":1001},{\"@type\":\"BreadcrumbList\",\"@id\":\"https:\\\/\\\/ccbierzo.com\\\/ii-premio-morales\\\/#breadcrumb\",\"itemListElement\":[{\"@type\":\"ListItem\",\"position\":1,\"name\":\"Portada\",\"item\":\"https:\\\/\\\/ccbierzo.com\\\/gl\\\/\"},{\"@type\":\"ListItem\",\"position\":2,\"name\":\"II Premio Morales\"}]},{\"@type\":\"WebSite\",\"@id\":\"https:\\\/\\\/ccbierzo.com\\\/gl\\\/#website\",\"url\":\"https:\\\/\\\/ccbierzo.com\\\/gl\\\/\",\"name\":\"Consejo Comarcal del Bierzo\",\"description\":\"P\u00e1gina Oficial del Consejo Comarcal del Bierzo\",\"potentialAction\":[{\"@type\":\"SearchAction\",\"target\":{\"@type\":\"EntryPoint\",\"urlTemplate\":\"https:\\\/\\\/ccbierzo.com\\\/gl\\\/?s={search_term_string}\"},\"query-input\":{\"@type\":\"PropertyValueSpecification\",\"valueRequired\":true,\"valueName\":\"search_term_string\"}}],\"inLanguage\":\"gl-ES\"},{\"@type\":\"Person\",\"@id\":\"https:\\\/\\\/ccbierzo.com\\\/gl\\\/#\\\/schema\\\/person\\\/4e9a8395b397b1d4b8695a5274072278\",\"name\":\"Marta Vidal\"}]}<\/script>\n<!-- \/ Yoast SEO plugin. -->","yoast_head_json":{"title":"II Premio Morales - Consejo Comarcal del Bierzo","robots":{"index":"index","follow":"follow","max-snippet":"max-snippet:-1","max-image-preview":"max-image-preview:large","max-video-preview":"max-video-preview:-1"},"canonical":"https:\/\/ccbierzo.com\/ii-premio-morales\/","og_locale":"gl_ES","og_type":"article","og_title":"II Premio Morales - Consejo Comarcal del Bierzo","og_description":"El Consejo Comarcal del Bierzo participa por segundo a\u00f1o consecutivo en el Premio Morales para la promoci\u00f3n del gallego. En esta edici\u00f3n, la convocatoria se abre a Sanabria.","og_url":"https:\/\/ccbierzo.com\/ii-premio-morales\/","og_site_name":"Consejo Comarcal del Bierzo","article_published_time":"2019-03-12T11:44:36+00:00","article_modified_time":"2019-03-12T12:33:05+00:00","og_image":[{"width":1500,"height":1001,"url":"https:\/\/ccbierzo.com\/wp-content\/uploads\/2019\/03\/IMG-20190311-WA0003-e1552390945227.jpg","type":"image\/jpeg"}],"author":"Marta Vidal","twitter_card":"summary_large_image","twitter_misc":{"Escrito por":"Marta Vidal","Tempo de lectura":"1 minuto"},"schema":{"@context":"https:\/\/schema.org","@graph":[{"@type":"Article","@id":"https:\/\/ccbierzo.com\/ii-premio-morales\/#article","isPartOf":{"@id":"https:\/\/ccbierzo.com\/ii-premio-morales\/"},"author":{"name":"Marta Vidal","@id":"https:\/\/ccbierzo.com\/gl\/#\/schema\/person\/4e9a8395b397b1d4b8695a5274072278"},"headline":"II Premio Morales","datePublished":"2019-03-12T11:44:36+00:00","dateModified":"2019-03-12T12:33:05+00:00","mainEntityOfPage":{"@id":"https:\/\/ccbierzo.com\/ii-premio-morales\/"},"wordCount":229,"image":{"@id":"https:\/\/ccbierzo.com\/ii-premio-morales\/#primaryimage"},"thumbnailUrl":"https:\/\/ccbierzo.com\/wp-content\/uploads\/2019\/03\/IMG-20190311-WA0003-e1552390945227.jpg","keywords":["Premios Morales"],"articleSection":["Cultura"],"inLanguage":"gl-ES"},{"@type":"WebPage","@id":"https:\/\/ccbierzo.com\/ii-premio-morales\/","url":"https:\/\/ccbierzo.com\/ii-premio-morales\/","name":"II Premio Morales - Consejo Comarcal del Bierzo","isPartOf":{"@id":"https:\/\/ccbierzo.com\/gl\/#website"},"primaryImageOfPage":{"@id":"https:\/\/ccbierzo.com\/ii-premio-morales\/#primaryimage"},"image":{"@id":"https:\/\/ccbierzo.com\/ii-premio-morales\/#primaryimage"},"thumbnailUrl":"https:\/\/ccbierzo.com\/wp-content\/uploads\/2019\/03\/IMG-20190311-WA0003-e1552390945227.jpg","datePublished":"2019-03-12T11:44:36+00:00","dateModified":"2019-03-12T12:33:05+00:00","author":{"@id":"https:\/\/ccbierzo.com\/gl\/#\/schema\/person\/4e9a8395b397b1d4b8695a5274072278"},"breadcrumb":{"@id":"https:\/\/ccbierzo.com\/ii-premio-morales\/#breadcrumb"},"inLanguage":"gl-ES","potentialAction":[{"@type":"ReadAction","target":["https:\/\/ccbierzo.com\/ii-premio-morales\/"]}]},{"@type":"ImageObject","inLanguage":"gl-ES","@id":"https:\/\/ccbierzo.com\/ii-premio-morales\/#primaryimage","url":"https:\/\/ccbierzo.com\/wp-content\/uploads\/2019\/03\/IMG-20190311-WA0003-e1552390945227.jpg","contentUrl":"https:\/\/ccbierzo.com\/wp-content\/uploads\/2019\/03\/IMG-20190311-WA0003-e1552390945227.jpg","width":1500,"height":1001},{"@type":"BreadcrumbList","@id":"https:\/\/ccbierzo.com\/ii-premio-morales\/#breadcrumb","itemListElement":[{"@type":"ListItem","position":1,"name":"Portada","item":"https:\/\/ccbierzo.com\/gl\/"},{"@type":"ListItem","position":2,"name":"II Premio Morales"}]},{"@type":"WebSite","@id":"https:\/\/ccbierzo.com\/gl\/#website","url":"https:\/\/ccbierzo.com\/gl\/","name":"Consejo Comarcal del Bierzo","description":"P\u00e1gina Oficial del Consejo Comarcal del Bierzo","potentialAction":[{"@type":"SearchAction","target":{"@type":"EntryPoint","urlTemplate":"https:\/\/ccbierzo.com\/gl\/?s={search_term_string}"},"query-input":{"@type":"PropertyValueSpecification","valueRequired":true,"valueName":"search_term_string"}}],"inLanguage":"gl-ES"},{"@type":"Person","@id":"https:\/\/ccbierzo.com\/gl\/#\/schema\/person\/4e9a8395b397b1d4b8695a5274072278","name":"Marta Vidal"}]}},"_links":{"self":[{"href":"https:\/\/ccbierzo.com\/gl\/wp-json\/wp\/v2\/posts\/124864","targetHints":{"allow":["GET"]}}],"collection":[{"href":"https:\/\/ccbierzo.com\/gl\/wp-json\/wp\/v2\/posts"}],"about":[{"href":"https:\/\/ccbierzo.com\/gl\/wp-json\/wp\/v2\/types\/post"}],"author":[{"embeddable":true,"href":"https:\/\/ccbierzo.com\/gl\/wp-json\/wp\/v2\/users\/3"}],"replies":[{"embeddable":true,"href":"https:\/\/ccbierzo.com\/gl\/wp-json\/wp\/v2\/comments?post=124864"}],"version-history":[{"count":0,"href":"https:\/\/ccbierzo.com\/gl\/wp-json\/wp\/v2\/posts\/124864\/revisions"}],"wp:featuredmedia":[{"embeddable":true,"href":"https:\/\/ccbierzo.com\/gl\/wp-json\/wp\/v2\/media\/124865"}],"wp:attachment":[{"href":"https:\/\/ccbierzo.com\/gl\/wp-json\/wp\/v2\/media?parent=124864"}],"wp:term":[{"taxonomy":"category","embeddable":true,"href":"https:\/\/ccbierzo.com\/gl\/wp-json\/wp\/v2\/categories?post=124864"},{"taxonomy":"post_tag","embeddable":true,"href":"https:\/\/ccbierzo.com\/gl\/wp-json\/wp\/v2\/tags?post=124864"}],"curies":[{"name":"wp","href":"https:\/\/api.w.org\/{rel}","templated":true}]}}