{"id":124558,"date":"2019-01-24T13:25:00","date_gmt":"2019-01-24T12:25:00","guid":{"rendered":"https:\/\/ccbierzo.com\/?p=124558"},"modified":"2019-02-02T14:34:23","modified_gmt":"2019-02-02T13:34:23","slug":"fitur-2019","status":"publish","type":"post","link":"https:\/\/ccbierzo.com\/gl\/fitur-2019\/","title":{"rendered":"Fitur 2019"},"content":{"rendered":"<p><strong>Turismo de El Bierzo presenta este viernes en Fitur el v\u00eddeo &#8216;El Bierzo en 38 maravillas&#8217;, un recorrido por los 38 municipios de la comarca.<\/strong><\/p>\n<p>El presidente del Consejo Comarcal, Gerardo \u00c1lvarez Courel, present\u00f3 este jueves la campa\u00f1a promocional de El Bierzo en la Feria Internacional de Turismo, Fitur, que comenz\u00f3 el mi\u00e9rcoles en Madrid. Bajo el lema &#8216;El Bierzo, Camino y tradiciones ancestrales&#8217; se presenta un v\u00eddeo en el que se realiza un recorrido por los 38 municipios bercianos.<\/p>\n<p>\u00c1lvarez Courel explic\u00f3 que, para su realizaci\u00f3n, se ha contado con la colaboraci\u00f3n de los ayuntamientos, que &#8220;han indicado cu\u00e1les eran los atractivos tur\u00edsticos que quer\u00edan resaltar&#8221;.\u00a0El v\u00eddeo se titula &#8220;<a href=\"https:\/\/youtu.be\/YElE0v7Of2I\">El Bierzo en 38 maravillas<\/a>&#8221; y cuenta con una versi\u00f3n impresa, un folleto del que se han editado 5.000 ejemplares.<\/p>\n<p>La imagen que preside el estand de El Bierzo en Fitur es de los danzantes de Fornela. El presidente comarcal se\u00f1al\u00f3 que su elecci\u00f3n es un reconocimiento a una de las tradiciones m\u00e1s antiguas de la comarca, que lleva a\u00f1os optando al t\u00edtulo de Fiesta de Inter\u00e9s Tur\u00edstico Regional.<\/p>\n<p>El acto de presentaci\u00f3n de la campa\u00f1a promocional de El Bierzo se celebra ma\u00f1ana viernes a las 16:30 horas en el estand de la Junta de Castilla y Le\u00f3n.<\/p>\n<p><img loading=\"lazy\" decoding=\"async\" class=\"aligncenter size-large wp-image-124559\" src=\"https:\/\/ccbierzo.com\/wp-content\/uploads\/2019\/01\/fitur-2019-danzas-fornela-p\u00e1gina-765x1024.jpg\" alt=\"Campa\u00f1a de El Bierzo en Fitur 2019\" width=\"765\" height=\"1024\" srcset=\"https:\/\/ccbierzo.com\/wp-content\/uploads\/2019\/01\/fitur-2019-danzas-fornela-p\u00e1gina-765x1024.jpg 765w, https:\/\/ccbierzo.com\/wp-content\/uploads\/2019\/01\/fitur-2019-danzas-fornela-p\u00e1gina-224x300.jpg 224w, https:\/\/ccbierzo.com\/wp-content\/uploads\/2019\/01\/fitur-2019-danzas-fornela-p\u00e1gina-768x1028.jpg 768w, https:\/\/ccbierzo.com\/wp-content\/uploads\/2019\/01\/fitur-2019-danzas-fornela-p\u00e1gina.jpg 1500w\" sizes=\"(max-width: 765px) 100vw, 765px\" \/><\/p>\n<p><iframe loading=\"lazy\" width=\"1080\" height=\"608\" src=\"https:\/\/www.youtube.com\/embed\/YElE0v7Of2I?feature=oembed\" frameborder=\"0\" allow=\"accelerometer; autoplay; encrypted-media; gyroscope; picture-in-picture\" allowfullscreen><\/iframe><\/p>\n","protected":false},"excerpt":{"rendered":"<p>Turismo de El Bierzo presenta este viernes en Fitur el v\u00eddeo &#8216;El Bierzo en 38 maravillas&#8217;, un recorrido por los 38 municipios de la comarca.<\/p>\n","protected":false},"author":3,"featured_media":124670,"comment_status":"closed","ping_status":"open","sticky":false,"template":"","format":"standard","meta":{"_et_pb_use_builder":"","_et_pb_old_content":"","_et_gb_content_width":"","footnotes":""},"categories":[25],"tags":[228,67],"class_list":["post-124558","post","type-post","status-publish","format-standard","has-post-thumbnail","hentry","category-turismo","tag-fitur-2019","tag-turismo-de-el-bierzo"],"yoast_head":"<!-- This site is optimized with the Yoast SEO plugin v27.3 - https:\/\/yoast.com\/product\/yoast-seo-wordpress\/ -->\n<title>Fitur 2019 - Consejo Comarcal del Bierzo<\/title>\n<meta name=\"robots\" content=\"index, follow, max-snippet:-1, max-image-preview:large, max-video-preview:-1\" \/>\n<link rel=\"canonical\" href=\"https:\/\/ccbierzo.com\/fitur-2019\/\" \/>\n<meta property=\"og:locale\" content=\"gl_ES\" \/>\n<meta property=\"og:type\" content=\"article\" \/>\n<meta property=\"og:title\" content=\"Fitur 2019 - Consejo Comarcal del Bierzo\" \/>\n<meta property=\"og:description\" content=\"Turismo de El Bierzo presenta este viernes en Fitur el v\u00eddeo &#039;El Bierzo en 38 maravillas&#039;, un recorrido por los 38 municipios de la comarca.\" \/>\n<meta property=\"og:url\" content=\"https:\/\/ccbierzo.com\/fitur-2019\/\" \/>\n<meta property=\"og:site_name\" content=\"Consejo Comarcal del Bierzo\" \/>\n<meta property=\"article:published_time\" content=\"2019-01-24T12:25:00+00:00\" \/>\n<meta property=\"article:modified_time\" content=\"2019-02-02T13:34:23+00:00\" \/>\n<meta property=\"og:image\" content=\"https:\/\/ccbierzo.com\/wp-content\/uploads\/2019\/01\/presentacion-fitur-consejo-comarcal-bierzo.jpg\" \/>\n\t<meta property=\"og:image:width\" content=\"1500\" \/>\n\t<meta property=\"og:image:height\" content=\"1000\" \/>\n\t<meta property=\"og:image:type\" content=\"image\/jpeg\" \/>\n<meta name=\"author\" content=\"Marta Vidal\" \/>\n<meta name=\"twitter:card\" content=\"summary_large_image\" \/>\n<meta name=\"twitter:label1\" content=\"Escrito por\" \/>\n\t<meta name=\"twitter:data1\" content=\"Marta Vidal\" \/>\n\t<meta name=\"twitter:label2\" content=\"Tempo de lectura\" \/>\n\t<meta name=\"twitter:data2\" content=\"1 minuto\" \/>\n<script type=\"application\/ld+json\" class=\"yoast-schema-graph\">{\"@context\":\"https:\\\/\\\/schema.org\",\"@graph\":[{\"@type\":\"Article\",\"@id\":\"https:\\\/\\\/ccbierzo.com\\\/fitur-2019\\\/#article\",\"isPartOf\":{\"@id\":\"https:\\\/\\\/ccbierzo.com\\\/fitur-2019\\\/\"},\"author\":{\"name\":\"Marta Vidal\",\"@id\":\"https:\\\/\\\/ccbierzo.com\\\/gl\\\/#\\\/schema\\\/person\\\/4e9a8395b397b1d4b8695a5274072278\"},\"headline\":\"Fitur 2019\",\"datePublished\":\"2019-01-24T12:25:00+00:00\",\"dateModified\":\"2019-02-02T13:34:23+00:00\",\"mainEntityOfPage\":{\"@id\":\"https:\\\/\\\/ccbierzo.com\\\/fitur-2019\\\/\"},\"wordCount\":235,\"image\":{\"@id\":\"https:\\\/\\\/ccbierzo.com\\\/fitur-2019\\\/#primaryimage\"},\"thumbnailUrl\":\"https:\\\/\\\/ccbierzo.com\\\/wp-content\\\/uploads\\\/2019\\\/01\\\/presentacion-fitur-consejo-comarcal-bierzo.jpg\",\"keywords\":[\"Fitur 2019\",\"Turismo de El Bierzo\"],\"articleSection\":[\"Turismo\"],\"inLanguage\":\"gl-ES\"},{\"@type\":\"WebPage\",\"@id\":\"https:\\\/\\\/ccbierzo.com\\\/fitur-2019\\\/\",\"url\":\"https:\\\/\\\/ccbierzo.com\\\/fitur-2019\\\/\",\"name\":\"Fitur 2019 - Consejo Comarcal del Bierzo\",\"isPartOf\":{\"@id\":\"https:\\\/\\\/ccbierzo.com\\\/gl\\\/#website\"},\"primaryImageOfPage\":{\"@id\":\"https:\\\/\\\/ccbierzo.com\\\/fitur-2019\\\/#primaryimage\"},\"image\":{\"@id\":\"https:\\\/\\\/ccbierzo.com\\\/fitur-2019\\\/#primaryimage\"},\"thumbnailUrl\":\"https:\\\/\\\/ccbierzo.com\\\/wp-content\\\/uploads\\\/2019\\\/01\\\/presentacion-fitur-consejo-comarcal-bierzo.jpg\",\"datePublished\":\"2019-01-24T12:25:00+00:00\",\"dateModified\":\"2019-02-02T13:34:23+00:00\",\"author\":{\"@id\":\"https:\\\/\\\/ccbierzo.com\\\/gl\\\/#\\\/schema\\\/person\\\/4e9a8395b397b1d4b8695a5274072278\"},\"breadcrumb\":{\"@id\":\"https:\\\/\\\/ccbierzo.com\\\/fitur-2019\\\/#breadcrumb\"},\"inLanguage\":\"gl-ES\",\"potentialAction\":[{\"@type\":\"ReadAction\",\"target\":[\"https:\\\/\\\/ccbierzo.com\\\/fitur-2019\\\/\"]}]},{\"@type\":\"ImageObject\",\"inLanguage\":\"gl-ES\",\"@id\":\"https:\\\/\\\/ccbierzo.com\\\/fitur-2019\\\/#primaryimage\",\"url\":\"https:\\\/\\\/ccbierzo.com\\\/wp-content\\\/uploads\\\/2019\\\/01\\\/presentacion-fitur-consejo-comarcal-bierzo.jpg\",\"contentUrl\":\"https:\\\/\\\/ccbierzo.com\\\/wp-content\\\/uploads\\\/2019\\\/01\\\/presentacion-fitur-consejo-comarcal-bierzo.jpg\",\"width\":1500,\"height\":1000,\"caption\":\"Presentaci\u00f3n campa\u00f1a de Fitur\"},{\"@type\":\"BreadcrumbList\",\"@id\":\"https:\\\/\\\/ccbierzo.com\\\/fitur-2019\\\/#breadcrumb\",\"itemListElement\":[{\"@type\":\"ListItem\",\"position\":1,\"name\":\"Portada\",\"item\":\"https:\\\/\\\/ccbierzo.com\\\/gl\\\/\"},{\"@type\":\"ListItem\",\"position\":2,\"name\":\"Fitur 2019\"}]},{\"@type\":\"WebSite\",\"@id\":\"https:\\\/\\\/ccbierzo.com\\\/gl\\\/#website\",\"url\":\"https:\\\/\\\/ccbierzo.com\\\/gl\\\/\",\"name\":\"Consejo Comarcal del Bierzo\",\"description\":\"P\u00e1gina Oficial del Consejo Comarcal del Bierzo\",\"potentialAction\":[{\"@type\":\"SearchAction\",\"target\":{\"@type\":\"EntryPoint\",\"urlTemplate\":\"https:\\\/\\\/ccbierzo.com\\\/gl\\\/?s={search_term_string}\"},\"query-input\":{\"@type\":\"PropertyValueSpecification\",\"valueRequired\":true,\"valueName\":\"search_term_string\"}}],\"inLanguage\":\"gl-ES\"},{\"@type\":\"Person\",\"@id\":\"https:\\\/\\\/ccbierzo.com\\\/gl\\\/#\\\/schema\\\/person\\\/4e9a8395b397b1d4b8695a5274072278\",\"name\":\"Marta Vidal\"}]}<\/script>\n<!-- \/ Yoast SEO plugin. -->","yoast_head_json":{"title":"Fitur 2019 - Consejo Comarcal del Bierzo","robots":{"index":"index","follow":"follow","max-snippet":"max-snippet:-1","max-image-preview":"max-image-preview:large","max-video-preview":"max-video-preview:-1"},"canonical":"https:\/\/ccbierzo.com\/fitur-2019\/","og_locale":"gl_ES","og_type":"article","og_title":"Fitur 2019 - Consejo Comarcal del Bierzo","og_description":"Turismo de El Bierzo presenta este viernes en Fitur el v\u00eddeo 'El Bierzo en 38 maravillas', un recorrido por los 38 municipios de la comarca.","og_url":"https:\/\/ccbierzo.com\/fitur-2019\/","og_site_name":"Consejo Comarcal del Bierzo","article_published_time":"2019-01-24T12:25:00+00:00","article_modified_time":"2019-02-02T13:34:23+00:00","og_image":[{"width":1500,"height":1000,"url":"https:\/\/ccbierzo.com\/wp-content\/uploads\/2019\/01\/presentacion-fitur-consejo-comarcal-bierzo.jpg","type":"image\/jpeg"}],"author":"Marta Vidal","twitter_card":"summary_large_image","twitter_misc":{"Escrito por":"Marta Vidal","Tempo de lectura":"1 minuto"},"schema":{"@context":"https:\/\/schema.org","@graph":[{"@type":"Article","@id":"https:\/\/ccbierzo.com\/fitur-2019\/#article","isPartOf":{"@id":"https:\/\/ccbierzo.com\/fitur-2019\/"},"author":{"name":"Marta Vidal","@id":"https:\/\/ccbierzo.com\/gl\/#\/schema\/person\/4e9a8395b397b1d4b8695a5274072278"},"headline":"Fitur 2019","datePublished":"2019-01-24T12:25:00+00:00","dateModified":"2019-02-02T13:34:23+00:00","mainEntityOfPage":{"@id":"https:\/\/ccbierzo.com\/fitur-2019\/"},"wordCount":235,"image":{"@id":"https:\/\/ccbierzo.com\/fitur-2019\/#primaryimage"},"thumbnailUrl":"https:\/\/ccbierzo.com\/wp-content\/uploads\/2019\/01\/presentacion-fitur-consejo-comarcal-bierzo.jpg","keywords":["Fitur 2019","Turismo de El Bierzo"],"articleSection":["Turismo"],"inLanguage":"gl-ES"},{"@type":"WebPage","@id":"https:\/\/ccbierzo.com\/fitur-2019\/","url":"https:\/\/ccbierzo.com\/fitur-2019\/","name":"Fitur 2019 - Consejo Comarcal del Bierzo","isPartOf":{"@id":"https:\/\/ccbierzo.com\/gl\/#website"},"primaryImageOfPage":{"@id":"https:\/\/ccbierzo.com\/fitur-2019\/#primaryimage"},"image":{"@id":"https:\/\/ccbierzo.com\/fitur-2019\/#primaryimage"},"thumbnailUrl":"https:\/\/ccbierzo.com\/wp-content\/uploads\/2019\/01\/presentacion-fitur-consejo-comarcal-bierzo.jpg","datePublished":"2019-01-24T12:25:00+00:00","dateModified":"2019-02-02T13:34:23+00:00","author":{"@id":"https:\/\/ccbierzo.com\/gl\/#\/schema\/person\/4e9a8395b397b1d4b8695a5274072278"},"breadcrumb":{"@id":"https:\/\/ccbierzo.com\/fitur-2019\/#breadcrumb"},"inLanguage":"gl-ES","potentialAction":[{"@type":"ReadAction","target":["https:\/\/ccbierzo.com\/fitur-2019\/"]}]},{"@type":"ImageObject","inLanguage":"gl-ES","@id":"https:\/\/ccbierzo.com\/fitur-2019\/#primaryimage","url":"https:\/\/ccbierzo.com\/wp-content\/uploads\/2019\/01\/presentacion-fitur-consejo-comarcal-bierzo.jpg","contentUrl":"https:\/\/ccbierzo.com\/wp-content\/uploads\/2019\/01\/presentacion-fitur-consejo-comarcal-bierzo.jpg","width":1500,"height":1000,"caption":"Presentaci\u00f3n campa\u00f1a de Fitur"},{"@type":"BreadcrumbList","@id":"https:\/\/ccbierzo.com\/fitur-2019\/#breadcrumb","itemListElement":[{"@type":"ListItem","position":1,"name":"Portada","item":"https:\/\/ccbierzo.com\/gl\/"},{"@type":"ListItem","position":2,"name":"Fitur 2019"}]},{"@type":"WebSite","@id":"https:\/\/ccbierzo.com\/gl\/#website","url":"https:\/\/ccbierzo.com\/gl\/","name":"Consejo Comarcal del Bierzo","description":"P\u00e1gina Oficial del Consejo Comarcal del Bierzo","potentialAction":[{"@type":"SearchAction","target":{"@type":"EntryPoint","urlTemplate":"https:\/\/ccbierzo.com\/gl\/?s={search_term_string}"},"query-input":{"@type":"PropertyValueSpecification","valueRequired":true,"valueName":"search_term_string"}}],"inLanguage":"gl-ES"},{"@type":"Person","@id":"https:\/\/ccbierzo.com\/gl\/#\/schema\/person\/4e9a8395b397b1d4b8695a5274072278","name":"Marta Vidal"}]}},"_links":{"self":[{"href":"https:\/\/ccbierzo.com\/gl\/wp-json\/wp\/v2\/posts\/124558","targetHints":{"allow":["GET"]}}],"collection":[{"href":"https:\/\/ccbierzo.com\/gl\/wp-json\/wp\/v2\/posts"}],"about":[{"href":"https:\/\/ccbierzo.com\/gl\/wp-json\/wp\/v2\/types\/post"}],"author":[{"embeddable":true,"href":"https:\/\/ccbierzo.com\/gl\/wp-json\/wp\/v2\/users\/3"}],"replies":[{"embeddable":true,"href":"https:\/\/ccbierzo.com\/gl\/wp-json\/wp\/v2\/comments?post=124558"}],"version-history":[{"count":0,"href":"https:\/\/ccbierzo.com\/gl\/wp-json\/wp\/v2\/posts\/124558\/revisions"}],"wp:featuredmedia":[{"embeddable":true,"href":"https:\/\/ccbierzo.com\/gl\/wp-json\/wp\/v2\/media\/124670"}],"wp:attachment":[{"href":"https:\/\/ccbierzo.com\/gl\/wp-json\/wp\/v2\/media?parent=124558"}],"wp:term":[{"taxonomy":"category","embeddable":true,"href":"https:\/\/ccbierzo.com\/gl\/wp-json\/wp\/v2\/categories?post=124558"},{"taxonomy":"post_tag","embeddable":true,"href":"https:\/\/ccbierzo.com\/gl\/wp-json\/wp\/v2\/tags?post=124558"}],"curies":[{"name":"wp","href":"https:\/\/api.w.org\/{rel}","templated":true}]}}