{"id":124159,"date":"2018-11-20T12:31:37","date_gmt":"2018-11-20T11:31:37","guid":{"rendered":"https:\/\/ccbierzo.com\/?p=124159"},"modified":"2018-11-20T12:35:03","modified_gmt":"2018-11-20T11:35:03","slug":"intur-2018","status":"publish","type":"post","link":"https:\/\/ccbierzo.com\/gl\/intur-2018\/","title":{"rendered":"Intur 2018"},"content":{"rendered":"<p>Los \u00e1rboles tallados en El Bierzo protagonizan la campa\u00f1a que el Patronato de Turismo presentar\u00e1 en la Feria Internacional de Turismo de Interior (Intur), que se celebra en Valladolid desde este jueves hasta el domingo.<\/p>\n<p>Un v\u00eddeo de una duraci\u00f3n de algo m\u00e1s de seis minutos es el principal atractivo con el que Turismo de El Bierzo se presenta este a\u00f1o en Intur. El presidente del Consejo Comarcal, Gerardo \u00c1lvarez Courel, explic\u00f3 este martes en la presentaci\u00f3n que se ha optado por el formato audiovisual debido al \u00e9xito cosechado en campa\u00f1as recientes. &#8220;V\u00eddeos como <em>Me gusta El Bierzo;<\/em>\u00a0<em>El Bierzo, cruce de caminos<\/em> y <em>La senda del oro<\/em> suman casi medio mill\u00f3n de reproducciones en Facebook y Youtube. Una cifra que nos demuestra la enorme repercusi\u00f3n de las redes sociales y especialmente del fomato audiovisual&#8221;, se\u00f1al\u00f3.<\/p>\n<p>El v\u00eddeo, producido por Bierzotv.com, se divide en cinco partes, con una introducci\u00f3n y cuatro bloques en los que se muestran los \u00e1rboles dependiedo de su tem\u00e1tica. El director de Bierzotv.com, Ra\u00fal Ca\u00f1as, explic\u00f3 que para redactar el gui\u00f3n se baso en el tr\u00edptico de la campa\u00f1a sobre los \u00e1rboles tallados que present\u00f3 el Patronato en mayo. &#8220;Para la grabaci\u00f3n se ha utilizado dron, gimbal y glidetrack para buscar continuidad y enlazar las im\u00e1genes en moviemiento&#8221;. explic\u00f3.<\/p>\n<p>El documental finaliza con un texto redactado por el escultor Rixo, autor de la mayor\u00eda de las obras, quien no pudo evitar emocionarse durante la proyecci\u00f3n en el Consejo Comarcal.<\/p>\n<p><img loading=\"lazy\" decoding=\"async\" class=\"aligncenter wp-image-124164 size-medium\" src=\"https:\/\/ccbierzo.com\/wp-content\/uploads\/2018\/11\/rixo-300x200.jpg\" alt=\"Escultor Rixo\" width=\"300\" height=\"200\" srcset=\"https:\/\/ccbierzo.com\/wp-content\/uploads\/2018\/11\/rixo-300x200.jpg 300w, https:\/\/ccbierzo.com\/wp-content\/uploads\/2018\/11\/rixo-768x512.jpg 768w, https:\/\/ccbierzo.com\/wp-content\/uploads\/2018\/11\/rixo-1024x683.jpg 1024w, https:\/\/ccbierzo.com\/wp-content\/uploads\/2018\/11\/rixo.jpg 1500w\" sizes=\"(max-width: 300px) 100vw, 300px\" \/><\/p>\n<p>El v\u00eddeo se presentar\u00e1 en Intur el jueves a las 17:30 horas.<\/p>\n<p><iframe loading=\"lazy\" width=\"1080\" height=\"608\" src=\"https:\/\/www.youtube.com\/embed\/BxayKxFPlgg?feature=oembed\" frameborder=\"0\" allow=\"accelerometer; autoplay; encrypted-media; gyroscope; picture-in-picture\" allowfullscreen><\/iframe><\/p>\n<p>&nbsp;<\/p>\n<p>&nbsp;<\/p>\n<p>.<\/p>\n<p>&nbsp;<\/p>\n","protected":false},"excerpt":{"rendered":"<p>Los \u00e1rboles tallados en El Bierzo protagonizan la campa\u00f1a que el Patronato de Turismo presentar\u00e1 en la Feria Internacional de Turismo de Interior (Intur), que se celebra en Valladolid desde este jueves hasta el domingo.<\/p>\n","protected":false},"author":3,"featured_media":124161,"comment_status":"closed","ping_status":"open","sticky":false,"template":"","format":"standard","meta":{"_et_pb_use_builder":"","_et_pb_old_content":"","_et_gb_content_width":"","footnotes":""},"categories":[25],"tags":[198,196,67],"class_list":["post-124159","post","type-post","status-publish","format-standard","has-post-thumbnail","hentry","category-turismo","tag-arboles-tallados-de-el-bierzo","tag-intur","tag-turismo-de-el-bierzo"],"yoast_head":"<!-- This site is optimized with the Yoast SEO plugin v27.3 - https:\/\/yoast.com\/product\/yoast-seo-wordpress\/ -->\n<title>Intur 2018 - Consejo Comarcal del Bierzo<\/title>\n<meta name=\"robots\" content=\"index, follow, max-snippet:-1, max-image-preview:large, max-video-preview:-1\" \/>\n<link rel=\"canonical\" href=\"https:\/\/ccbierzo.com\/intur-2018\/\" \/>\n<meta property=\"og:locale\" content=\"gl_ES\" \/>\n<meta property=\"og:type\" content=\"article\" \/>\n<meta property=\"og:title\" content=\"Intur 2018 - Consejo Comarcal del Bierzo\" \/>\n<meta property=\"og:description\" content=\"Los \u00e1rboles tallados en El Bierzo protagonizan la campa\u00f1a que el Patronato de Turismo presentar\u00e1 en la Feria Internacional de Turismo de Interior (Intur), que se celebra en Valladolid desde este jueves hasta el domingo.\" \/>\n<meta property=\"og:url\" content=\"https:\/\/ccbierzo.com\/intur-2018\/\" \/>\n<meta property=\"og:site_name\" content=\"Consejo Comarcal del Bierzo\" \/>\n<meta property=\"article:published_time\" content=\"2018-11-20T11:31:37+00:00\" \/>\n<meta property=\"article:modified_time\" content=\"2018-11-20T11:35:03+00:00\" \/>\n<meta property=\"og:image\" content=\"https:\/\/ccbierzo.com\/wp-content\/uploads\/2018\/11\/presentacion-arboles.jpg\" \/>\n\t<meta property=\"og:image:width\" content=\"1500\" \/>\n\t<meta property=\"og:image:height\" content=\"989\" \/>\n\t<meta property=\"og:image:type\" content=\"image\/jpeg\" \/>\n<meta name=\"author\" content=\"Marta Vidal\" \/>\n<meta name=\"twitter:card\" content=\"summary_large_image\" \/>\n<meta name=\"twitter:label1\" content=\"Escrito por\" \/>\n\t<meta name=\"twitter:data1\" content=\"Marta Vidal\" \/>\n\t<meta name=\"twitter:label2\" content=\"Tempo de lectura\" \/>\n\t<meta name=\"twitter:data2\" content=\"1 minuto\" \/>\n<script type=\"application\/ld+json\" class=\"yoast-schema-graph\">{\"@context\":\"https:\\\/\\\/schema.org\",\"@graph\":[{\"@type\":\"Article\",\"@id\":\"https:\\\/\\\/ccbierzo.com\\\/intur-2018\\\/#article\",\"isPartOf\":{\"@id\":\"https:\\\/\\\/ccbierzo.com\\\/intur-2018\\\/\"},\"author\":{\"name\":\"Marta Vidal\",\"@id\":\"https:\\\/\\\/ccbierzo.com\\\/gl\\\/#\\\/schema\\\/person\\\/4e9a8395b397b1d4b8695a5274072278\"},\"headline\":\"Intur 2018\",\"datePublished\":\"2018-11-20T11:31:37+00:00\",\"dateModified\":\"2018-11-20T11:35:03+00:00\",\"mainEntityOfPage\":{\"@id\":\"https:\\\/\\\/ccbierzo.com\\\/intur-2018\\\/\"},\"wordCount\":290,\"image\":{\"@id\":\"https:\\\/\\\/ccbierzo.com\\\/intur-2018\\\/#primaryimage\"},\"thumbnailUrl\":\"https:\\\/\\\/ccbierzo.com\\\/wp-content\\\/uploads\\\/2018\\\/11\\\/presentacion-arboles.jpg\",\"keywords\":[\"\u00c1rboles tallados de El Bierzo\",\"Intur\",\"Turismo de El Bierzo\"],\"articleSection\":[\"Turismo\"],\"inLanguage\":\"gl-ES\"},{\"@type\":\"WebPage\",\"@id\":\"https:\\\/\\\/ccbierzo.com\\\/intur-2018\\\/\",\"url\":\"https:\\\/\\\/ccbierzo.com\\\/intur-2018\\\/\",\"name\":\"Intur 2018 - Consejo Comarcal del Bierzo\",\"isPartOf\":{\"@id\":\"https:\\\/\\\/ccbierzo.com\\\/gl\\\/#website\"},\"primaryImageOfPage\":{\"@id\":\"https:\\\/\\\/ccbierzo.com\\\/intur-2018\\\/#primaryimage\"},\"image\":{\"@id\":\"https:\\\/\\\/ccbierzo.com\\\/intur-2018\\\/#primaryimage\"},\"thumbnailUrl\":\"https:\\\/\\\/ccbierzo.com\\\/wp-content\\\/uploads\\\/2018\\\/11\\\/presentacion-arboles.jpg\",\"datePublished\":\"2018-11-20T11:31:37+00:00\",\"dateModified\":\"2018-11-20T11:35:03+00:00\",\"author\":{\"@id\":\"https:\\\/\\\/ccbierzo.com\\\/gl\\\/#\\\/schema\\\/person\\\/4e9a8395b397b1d4b8695a5274072278\"},\"breadcrumb\":{\"@id\":\"https:\\\/\\\/ccbierzo.com\\\/intur-2018\\\/#breadcrumb\"},\"inLanguage\":\"gl-ES\",\"potentialAction\":[{\"@type\":\"ReadAction\",\"target\":[\"https:\\\/\\\/ccbierzo.com\\\/intur-2018\\\/\"]}]},{\"@type\":\"ImageObject\",\"inLanguage\":\"gl-ES\",\"@id\":\"https:\\\/\\\/ccbierzo.com\\\/intur-2018\\\/#primaryimage\",\"url\":\"https:\\\/\\\/ccbierzo.com\\\/wp-content\\\/uploads\\\/2018\\\/11\\\/presentacion-arboles.jpg\",\"contentUrl\":\"https:\\\/\\\/ccbierzo.com\\\/wp-content\\\/uploads\\\/2018\\\/11\\\/presentacion-arboles.jpg\",\"width\":1500,\"height\":989,\"caption\":\"Presentaci\u00f3n de la campa\u00f1a de Intur 2018\"},{\"@type\":\"BreadcrumbList\",\"@id\":\"https:\\\/\\\/ccbierzo.com\\\/intur-2018\\\/#breadcrumb\",\"itemListElement\":[{\"@type\":\"ListItem\",\"position\":1,\"name\":\"Portada\",\"item\":\"https:\\\/\\\/ccbierzo.com\\\/gl\\\/\"},{\"@type\":\"ListItem\",\"position\":2,\"name\":\"Intur 2018\"}]},{\"@type\":\"WebSite\",\"@id\":\"https:\\\/\\\/ccbierzo.com\\\/gl\\\/#website\",\"url\":\"https:\\\/\\\/ccbierzo.com\\\/gl\\\/\",\"name\":\"Consejo Comarcal del Bierzo\",\"description\":\"P\u00e1gina Oficial del Consejo Comarcal del Bierzo\",\"potentialAction\":[{\"@type\":\"SearchAction\",\"target\":{\"@type\":\"EntryPoint\",\"urlTemplate\":\"https:\\\/\\\/ccbierzo.com\\\/gl\\\/?s={search_term_string}\"},\"query-input\":{\"@type\":\"PropertyValueSpecification\",\"valueRequired\":true,\"valueName\":\"search_term_string\"}}],\"inLanguage\":\"gl-ES\"},{\"@type\":\"Person\",\"@id\":\"https:\\\/\\\/ccbierzo.com\\\/gl\\\/#\\\/schema\\\/person\\\/4e9a8395b397b1d4b8695a5274072278\",\"name\":\"Marta Vidal\"}]}<\/script>\n<!-- \/ Yoast SEO plugin. -->","yoast_head_json":{"title":"Intur 2018 - Consejo Comarcal del Bierzo","robots":{"index":"index","follow":"follow","max-snippet":"max-snippet:-1","max-image-preview":"max-image-preview:large","max-video-preview":"max-video-preview:-1"},"canonical":"https:\/\/ccbierzo.com\/intur-2018\/","og_locale":"gl_ES","og_type":"article","og_title":"Intur 2018 - Consejo Comarcal del Bierzo","og_description":"Los \u00e1rboles tallados en El Bierzo protagonizan la campa\u00f1a que el Patronato de Turismo presentar\u00e1 en la Feria Internacional de Turismo de Interior (Intur), que se celebra en Valladolid desde este jueves hasta el domingo.","og_url":"https:\/\/ccbierzo.com\/intur-2018\/","og_site_name":"Consejo Comarcal del Bierzo","article_published_time":"2018-11-20T11:31:37+00:00","article_modified_time":"2018-11-20T11:35:03+00:00","og_image":[{"width":1500,"height":989,"url":"https:\/\/ccbierzo.com\/wp-content\/uploads\/2018\/11\/presentacion-arboles.jpg","type":"image\/jpeg"}],"author":"Marta Vidal","twitter_card":"summary_large_image","twitter_misc":{"Escrito por":"Marta Vidal","Tempo de lectura":"1 minuto"},"schema":{"@context":"https:\/\/schema.org","@graph":[{"@type":"Article","@id":"https:\/\/ccbierzo.com\/intur-2018\/#article","isPartOf":{"@id":"https:\/\/ccbierzo.com\/intur-2018\/"},"author":{"name":"Marta Vidal","@id":"https:\/\/ccbierzo.com\/gl\/#\/schema\/person\/4e9a8395b397b1d4b8695a5274072278"},"headline":"Intur 2018","datePublished":"2018-11-20T11:31:37+00:00","dateModified":"2018-11-20T11:35:03+00:00","mainEntityOfPage":{"@id":"https:\/\/ccbierzo.com\/intur-2018\/"},"wordCount":290,"image":{"@id":"https:\/\/ccbierzo.com\/intur-2018\/#primaryimage"},"thumbnailUrl":"https:\/\/ccbierzo.com\/wp-content\/uploads\/2018\/11\/presentacion-arboles.jpg","keywords":["\u00c1rboles tallados de El Bierzo","Intur","Turismo de El Bierzo"],"articleSection":["Turismo"],"inLanguage":"gl-ES"},{"@type":"WebPage","@id":"https:\/\/ccbierzo.com\/intur-2018\/","url":"https:\/\/ccbierzo.com\/intur-2018\/","name":"Intur 2018 - Consejo Comarcal del Bierzo","isPartOf":{"@id":"https:\/\/ccbierzo.com\/gl\/#website"},"primaryImageOfPage":{"@id":"https:\/\/ccbierzo.com\/intur-2018\/#primaryimage"},"image":{"@id":"https:\/\/ccbierzo.com\/intur-2018\/#primaryimage"},"thumbnailUrl":"https:\/\/ccbierzo.com\/wp-content\/uploads\/2018\/11\/presentacion-arboles.jpg","datePublished":"2018-11-20T11:31:37+00:00","dateModified":"2018-11-20T11:35:03+00:00","author":{"@id":"https:\/\/ccbierzo.com\/gl\/#\/schema\/person\/4e9a8395b397b1d4b8695a5274072278"},"breadcrumb":{"@id":"https:\/\/ccbierzo.com\/intur-2018\/#breadcrumb"},"inLanguage":"gl-ES","potentialAction":[{"@type":"ReadAction","target":["https:\/\/ccbierzo.com\/intur-2018\/"]}]},{"@type":"ImageObject","inLanguage":"gl-ES","@id":"https:\/\/ccbierzo.com\/intur-2018\/#primaryimage","url":"https:\/\/ccbierzo.com\/wp-content\/uploads\/2018\/11\/presentacion-arboles.jpg","contentUrl":"https:\/\/ccbierzo.com\/wp-content\/uploads\/2018\/11\/presentacion-arboles.jpg","width":1500,"height":989,"caption":"Presentaci\u00f3n de la campa\u00f1a de Intur 2018"},{"@type":"BreadcrumbList","@id":"https:\/\/ccbierzo.com\/intur-2018\/#breadcrumb","itemListElement":[{"@type":"ListItem","position":1,"name":"Portada","item":"https:\/\/ccbierzo.com\/gl\/"},{"@type":"ListItem","position":2,"name":"Intur 2018"}]},{"@type":"WebSite","@id":"https:\/\/ccbierzo.com\/gl\/#website","url":"https:\/\/ccbierzo.com\/gl\/","name":"Consejo Comarcal del Bierzo","description":"P\u00e1gina Oficial del Consejo Comarcal del Bierzo","potentialAction":[{"@type":"SearchAction","target":{"@type":"EntryPoint","urlTemplate":"https:\/\/ccbierzo.com\/gl\/?s={search_term_string}"},"query-input":{"@type":"PropertyValueSpecification","valueRequired":true,"valueName":"search_term_string"}}],"inLanguage":"gl-ES"},{"@type":"Person","@id":"https:\/\/ccbierzo.com\/gl\/#\/schema\/person\/4e9a8395b397b1d4b8695a5274072278","name":"Marta Vidal"}]}},"_links":{"self":[{"href":"https:\/\/ccbierzo.com\/gl\/wp-json\/wp\/v2\/posts\/124159","targetHints":{"allow":["GET"]}}],"collection":[{"href":"https:\/\/ccbierzo.com\/gl\/wp-json\/wp\/v2\/posts"}],"about":[{"href":"https:\/\/ccbierzo.com\/gl\/wp-json\/wp\/v2\/types\/post"}],"author":[{"embeddable":true,"href":"https:\/\/ccbierzo.com\/gl\/wp-json\/wp\/v2\/users\/3"}],"replies":[{"embeddable":true,"href":"https:\/\/ccbierzo.com\/gl\/wp-json\/wp\/v2\/comments?post=124159"}],"version-history":[{"count":0,"href":"https:\/\/ccbierzo.com\/gl\/wp-json\/wp\/v2\/posts\/124159\/revisions"}],"wp:featuredmedia":[{"embeddable":true,"href":"https:\/\/ccbierzo.com\/gl\/wp-json\/wp\/v2\/media\/124161"}],"wp:attachment":[{"href":"https:\/\/ccbierzo.com\/gl\/wp-json\/wp\/v2\/media?parent=124159"}],"wp:term":[{"taxonomy":"category","embeddable":true,"href":"https:\/\/ccbierzo.com\/gl\/wp-json\/wp\/v2\/categories?post=124159"},{"taxonomy":"post_tag","embeddable":true,"href":"https:\/\/ccbierzo.com\/gl\/wp-json\/wp\/v2\/tags?post=124159"}],"curies":[{"name":"wp","href":"https:\/\/api.w.org\/{rel}","templated":true}]}}