{"id":124082,"date":"2018-11-06T11:32:20","date_gmt":"2018-11-06T10:32:20","guid":{"rendered":"http:\/\/ccbierzo.com\/?p=124082"},"modified":"2018-11-06T11:32:20","modified_gmt":"2018-11-06T10:32:20","slug":"apoyo-a-las-auxiliares","status":"publish","type":"post","link":"https:\/\/ccbierzo.com\/gl\/apoyo-a-las-auxiliares\/","title":{"rendered":"Apoyo a las auxiliares"},"content":{"rendered":"<p><strong>Representantes de las plantillas de las empresas auxiliares de Endesa participaron este lunes en la reuni\u00f3n de la Mesa por el Futuro de El Bierzo para solicitar su apoyo ante el anuncio de cierre de la central.<\/strong><\/p>\n<p>El presidente del Consejo Comarcal, Gerardo \u00c1lvarez Courel, inform\u00f3 de las medidas acordadas en la reuni\u00f3n. Una de ellas ser\u00e1 exigir al Gobierno que obligue a Endesa a invertir en la central t\u00e9rmica de Compostilla. Tambi\u00e9n se pedir\u00e1 la creaci\u00f3n de un plan espec\u00edfico para promover una transici\u00f3n justa e incluir a las empresas auxiliares en la misma.<\/p>\n<p>La Mesa por El Futuro de El Bierzo considera que Endesa debe garantizar las recolocaciones y prejubilaciones, en los casos en los que se puedan dar.<\/p>\n<p>Las propuestas se enviar\u00e1n al Ministerio para la Transici\u00f3n Ecol\u00f3gica.<\/p>\n","protected":false},"excerpt":{"rendered":"<p>Representantes de las plantillas de las empresas auxiliares de Endesa participaron este lunes en la reuni\u00f3n de la Mesa por el Futuro de El Bierzo para solicitar su apoyo ante el anuncio de cierre de la central.<\/p>\n","protected":false},"author":3,"featured_media":124089,"comment_status":"closed","ping_status":"open","sticky":false,"template":"","format":"standard","meta":{"_et_pb_use_builder":"","_et_pb_old_content":"","_et_gb_content_width":"","footnotes":""},"categories":[77],"tags":[193,126],"class_list":["post-124082","post","type-post","status-publish","format-standard","has-post-thumbnail","hentry","category-empleo","tag-central-termica-de-compostilla","tag-mesa-por-el-futuro-de-el-bierzo"],"yoast_head":"<!-- This site is optimized with the Yoast SEO plugin v27.3 - https:\/\/yoast.com\/product\/yoast-seo-wordpress\/ -->\n<title>Apoyo a las auxiliares - Consejo Comarcal del Bierzo<\/title>\n<meta name=\"robots\" content=\"index, follow, max-snippet:-1, max-image-preview:large, max-video-preview:-1\" \/>\n<link rel=\"canonical\" href=\"https:\/\/ccbierzo.com\/apoyo-a-las-auxiliares\/\" \/>\n<meta property=\"og:locale\" content=\"gl_ES\" \/>\n<meta property=\"og:type\" content=\"article\" \/>\n<meta property=\"og:title\" content=\"Apoyo a las auxiliares - Consejo Comarcal del Bierzo\" \/>\n<meta property=\"og:description\" content=\"Representantes de las plantillas de las empresas auxiliares de Endesa participaron este lunes en la reuni\u00f3n de la Mesa por el Futuro de El Bierzo para solicitar su apoyo ante el anuncio de cierre de la central.\" \/>\n<meta property=\"og:url\" content=\"https:\/\/ccbierzo.com\/apoyo-a-las-auxiliares\/\" \/>\n<meta property=\"og:site_name\" content=\"Consejo Comarcal del Bierzo\" \/>\n<meta property=\"article:published_time\" content=\"2018-11-06T10:32:20+00:00\" \/>\n<meta property=\"og:image\" content=\"https:\/\/ccbierzo.com\/wp-content\/uploads\/2018\/11\/mesa-energia-1.jpg\" \/>\n\t<meta property=\"og:image:width\" content=\"1500\" \/>\n\t<meta property=\"og:image:height\" content=\"1001\" \/>\n\t<meta property=\"og:image:type\" content=\"image\/jpeg\" \/>\n<meta name=\"author\" content=\"Marta Vidal\" \/>\n<meta name=\"twitter:card\" content=\"summary_large_image\" \/>\n<meta name=\"twitter:label1\" content=\"Escrito por\" \/>\n\t<meta name=\"twitter:data1\" content=\"Marta Vidal\" \/>\n\t<meta name=\"twitter:label2\" content=\"Tempo de lectura\" \/>\n\t<meta name=\"twitter:data2\" content=\"1 minuto\" \/>\n<script type=\"application\/ld+json\" class=\"yoast-schema-graph\">{\"@context\":\"https:\\\/\\\/schema.org\",\"@graph\":[{\"@type\":\"Article\",\"@id\":\"https:\\\/\\\/ccbierzo.com\\\/apoyo-a-las-auxiliares\\\/#article\",\"isPartOf\":{\"@id\":\"https:\\\/\\\/ccbierzo.com\\\/apoyo-a-las-auxiliares\\\/\"},\"author\":{\"name\":\"Marta Vidal\",\"@id\":\"https:\\\/\\\/ccbierzo.com\\\/gl\\\/#\\\/schema\\\/person\\\/4e9a8395b397b1d4b8695a5274072278\"},\"headline\":\"Apoyo a las auxiliares\",\"datePublished\":\"2018-11-06T10:32:20+00:00\",\"mainEntityOfPage\":{\"@id\":\"https:\\\/\\\/ccbierzo.com\\\/apoyo-a-las-auxiliares\\\/\"},\"wordCount\":145,\"image\":{\"@id\":\"https:\\\/\\\/ccbierzo.com\\\/apoyo-a-las-auxiliares\\\/#primaryimage\"},\"thumbnailUrl\":\"https:\\\/\\\/ccbierzo.com\\\/wp-content\\\/uploads\\\/2018\\\/11\\\/mesa-energia-1.jpg\",\"keywords\":[\"Central t\u00e9rmica de Compostilla\",\"Mesa por el futuro de El Bierzo\"],\"articleSection\":[\"Empleo\"],\"inLanguage\":\"gl-ES\"},{\"@type\":\"WebPage\",\"@id\":\"https:\\\/\\\/ccbierzo.com\\\/apoyo-a-las-auxiliares\\\/\",\"url\":\"https:\\\/\\\/ccbierzo.com\\\/apoyo-a-las-auxiliares\\\/\",\"name\":\"Apoyo a las auxiliares - Consejo Comarcal del Bierzo\",\"isPartOf\":{\"@id\":\"https:\\\/\\\/ccbierzo.com\\\/gl\\\/#website\"},\"primaryImageOfPage\":{\"@id\":\"https:\\\/\\\/ccbierzo.com\\\/apoyo-a-las-auxiliares\\\/#primaryimage\"},\"image\":{\"@id\":\"https:\\\/\\\/ccbierzo.com\\\/apoyo-a-las-auxiliares\\\/#primaryimage\"},\"thumbnailUrl\":\"https:\\\/\\\/ccbierzo.com\\\/wp-content\\\/uploads\\\/2018\\\/11\\\/mesa-energia-1.jpg\",\"datePublished\":\"2018-11-06T10:32:20+00:00\",\"author\":{\"@id\":\"https:\\\/\\\/ccbierzo.com\\\/gl\\\/#\\\/schema\\\/person\\\/4e9a8395b397b1d4b8695a5274072278\"},\"breadcrumb\":{\"@id\":\"https:\\\/\\\/ccbierzo.com\\\/apoyo-a-las-auxiliares\\\/#breadcrumb\"},\"inLanguage\":\"gl-ES\",\"potentialAction\":[{\"@type\":\"ReadAction\",\"target\":[\"https:\\\/\\\/ccbierzo.com\\\/apoyo-a-las-auxiliares\\\/\"]}]},{\"@type\":\"ImageObject\",\"inLanguage\":\"gl-ES\",\"@id\":\"https:\\\/\\\/ccbierzo.com\\\/apoyo-a-las-auxiliares\\\/#primaryimage\",\"url\":\"https:\\\/\\\/ccbierzo.com\\\/wp-content\\\/uploads\\\/2018\\\/11\\\/mesa-energia-1.jpg\",\"contentUrl\":\"https:\\\/\\\/ccbierzo.com\\\/wp-content\\\/uploads\\\/2018\\\/11\\\/mesa-energia-1.jpg\",\"width\":1500,\"height\":1001,\"caption\":\"Reuni\u00f3n de la Mesa por el Futuro de El Bierzo\"},{\"@type\":\"BreadcrumbList\",\"@id\":\"https:\\\/\\\/ccbierzo.com\\\/apoyo-a-las-auxiliares\\\/#breadcrumb\",\"itemListElement\":[{\"@type\":\"ListItem\",\"position\":1,\"name\":\"Portada\",\"item\":\"https:\\\/\\\/ccbierzo.com\\\/gl\\\/\"},{\"@type\":\"ListItem\",\"position\":2,\"name\":\"Apoyo a las auxiliares\"}]},{\"@type\":\"WebSite\",\"@id\":\"https:\\\/\\\/ccbierzo.com\\\/gl\\\/#website\",\"url\":\"https:\\\/\\\/ccbierzo.com\\\/gl\\\/\",\"name\":\"Consejo Comarcal del Bierzo\",\"description\":\"P\u00e1gina Oficial del Consejo Comarcal del Bierzo\",\"potentialAction\":[{\"@type\":\"SearchAction\",\"target\":{\"@type\":\"EntryPoint\",\"urlTemplate\":\"https:\\\/\\\/ccbierzo.com\\\/gl\\\/?s={search_term_string}\"},\"query-input\":{\"@type\":\"PropertyValueSpecification\",\"valueRequired\":true,\"valueName\":\"search_term_string\"}}],\"inLanguage\":\"gl-ES\"},{\"@type\":\"Person\",\"@id\":\"https:\\\/\\\/ccbierzo.com\\\/gl\\\/#\\\/schema\\\/person\\\/4e9a8395b397b1d4b8695a5274072278\",\"name\":\"Marta Vidal\"}]}<\/script>\n<!-- \/ Yoast SEO plugin. -->","yoast_head_json":{"title":"Apoyo a las auxiliares - Consejo Comarcal del Bierzo","robots":{"index":"index","follow":"follow","max-snippet":"max-snippet:-1","max-image-preview":"max-image-preview:large","max-video-preview":"max-video-preview:-1"},"canonical":"https:\/\/ccbierzo.com\/apoyo-a-las-auxiliares\/","og_locale":"gl_ES","og_type":"article","og_title":"Apoyo a las auxiliares - Consejo Comarcal del Bierzo","og_description":"Representantes de las plantillas de las empresas auxiliares de Endesa participaron este lunes en la reuni\u00f3n de la Mesa por el Futuro de El Bierzo para solicitar su apoyo ante el anuncio de cierre de la central.","og_url":"https:\/\/ccbierzo.com\/apoyo-a-las-auxiliares\/","og_site_name":"Consejo Comarcal del Bierzo","article_published_time":"2018-11-06T10:32:20+00:00","og_image":[{"width":1500,"height":1001,"url":"https:\/\/ccbierzo.com\/wp-content\/uploads\/2018\/11\/mesa-energia-1.jpg","type":"image\/jpeg"}],"author":"Marta Vidal","twitter_card":"summary_large_image","twitter_misc":{"Escrito por":"Marta Vidal","Tempo de lectura":"1 minuto"},"schema":{"@context":"https:\/\/schema.org","@graph":[{"@type":"Article","@id":"https:\/\/ccbierzo.com\/apoyo-a-las-auxiliares\/#article","isPartOf":{"@id":"https:\/\/ccbierzo.com\/apoyo-a-las-auxiliares\/"},"author":{"name":"Marta Vidal","@id":"https:\/\/ccbierzo.com\/gl\/#\/schema\/person\/4e9a8395b397b1d4b8695a5274072278"},"headline":"Apoyo a las auxiliares","datePublished":"2018-11-06T10:32:20+00:00","mainEntityOfPage":{"@id":"https:\/\/ccbierzo.com\/apoyo-a-las-auxiliares\/"},"wordCount":145,"image":{"@id":"https:\/\/ccbierzo.com\/apoyo-a-las-auxiliares\/#primaryimage"},"thumbnailUrl":"https:\/\/ccbierzo.com\/wp-content\/uploads\/2018\/11\/mesa-energia-1.jpg","keywords":["Central t\u00e9rmica de Compostilla","Mesa por el futuro de El Bierzo"],"articleSection":["Empleo"],"inLanguage":"gl-ES"},{"@type":"WebPage","@id":"https:\/\/ccbierzo.com\/apoyo-a-las-auxiliares\/","url":"https:\/\/ccbierzo.com\/apoyo-a-las-auxiliares\/","name":"Apoyo a las auxiliares - Consejo Comarcal del Bierzo","isPartOf":{"@id":"https:\/\/ccbierzo.com\/gl\/#website"},"primaryImageOfPage":{"@id":"https:\/\/ccbierzo.com\/apoyo-a-las-auxiliares\/#primaryimage"},"image":{"@id":"https:\/\/ccbierzo.com\/apoyo-a-las-auxiliares\/#primaryimage"},"thumbnailUrl":"https:\/\/ccbierzo.com\/wp-content\/uploads\/2018\/11\/mesa-energia-1.jpg","datePublished":"2018-11-06T10:32:20+00:00","author":{"@id":"https:\/\/ccbierzo.com\/gl\/#\/schema\/person\/4e9a8395b397b1d4b8695a5274072278"},"breadcrumb":{"@id":"https:\/\/ccbierzo.com\/apoyo-a-las-auxiliares\/#breadcrumb"},"inLanguage":"gl-ES","potentialAction":[{"@type":"ReadAction","target":["https:\/\/ccbierzo.com\/apoyo-a-las-auxiliares\/"]}]},{"@type":"ImageObject","inLanguage":"gl-ES","@id":"https:\/\/ccbierzo.com\/apoyo-a-las-auxiliares\/#primaryimage","url":"https:\/\/ccbierzo.com\/wp-content\/uploads\/2018\/11\/mesa-energia-1.jpg","contentUrl":"https:\/\/ccbierzo.com\/wp-content\/uploads\/2018\/11\/mesa-energia-1.jpg","width":1500,"height":1001,"caption":"Reuni\u00f3n de la Mesa por el Futuro de El Bierzo"},{"@type":"BreadcrumbList","@id":"https:\/\/ccbierzo.com\/apoyo-a-las-auxiliares\/#breadcrumb","itemListElement":[{"@type":"ListItem","position":1,"name":"Portada","item":"https:\/\/ccbierzo.com\/gl\/"},{"@type":"ListItem","position":2,"name":"Apoyo a las auxiliares"}]},{"@type":"WebSite","@id":"https:\/\/ccbierzo.com\/gl\/#website","url":"https:\/\/ccbierzo.com\/gl\/","name":"Consejo Comarcal del Bierzo","description":"P\u00e1gina Oficial del Consejo Comarcal del Bierzo","potentialAction":[{"@type":"SearchAction","target":{"@type":"EntryPoint","urlTemplate":"https:\/\/ccbierzo.com\/gl\/?s={search_term_string}"},"query-input":{"@type":"PropertyValueSpecification","valueRequired":true,"valueName":"search_term_string"}}],"inLanguage":"gl-ES"},{"@type":"Person","@id":"https:\/\/ccbierzo.com\/gl\/#\/schema\/person\/4e9a8395b397b1d4b8695a5274072278","name":"Marta Vidal"}]}},"_links":{"self":[{"href":"https:\/\/ccbierzo.com\/gl\/wp-json\/wp\/v2\/posts\/124082","targetHints":{"allow":["GET"]}}],"collection":[{"href":"https:\/\/ccbierzo.com\/gl\/wp-json\/wp\/v2\/posts"}],"about":[{"href":"https:\/\/ccbierzo.com\/gl\/wp-json\/wp\/v2\/types\/post"}],"author":[{"embeddable":true,"href":"https:\/\/ccbierzo.com\/gl\/wp-json\/wp\/v2\/users\/3"}],"replies":[{"embeddable":true,"href":"https:\/\/ccbierzo.com\/gl\/wp-json\/wp\/v2\/comments?post=124082"}],"version-history":[{"count":0,"href":"https:\/\/ccbierzo.com\/gl\/wp-json\/wp\/v2\/posts\/124082\/revisions"}],"wp:featuredmedia":[{"embeddable":true,"href":"https:\/\/ccbierzo.com\/gl\/wp-json\/wp\/v2\/media\/124089"}],"wp:attachment":[{"href":"https:\/\/ccbierzo.com\/gl\/wp-json\/wp\/v2\/media?parent=124082"}],"wp:term":[{"taxonomy":"category","embeddable":true,"href":"https:\/\/ccbierzo.com\/gl\/wp-json\/wp\/v2\/categories?post=124082"},{"taxonomy":"post_tag","embeddable":true,"href":"https:\/\/ccbierzo.com\/gl\/wp-json\/wp\/v2\/tags?post=124082"}],"curies":[{"name":"wp","href":"https:\/\/api.w.org\/{rel}","templated":true}]}}