{"id":124037,"date":"2018-10-31T18:30:50","date_gmt":"2018-10-31T17:30:50","guid":{"rendered":"http:\/\/ccbierzo.com\/?p=124037"},"modified":"2018-11-06T09:57:31","modified_gmt":"2018-11-06T08:57:31","slug":"el-tiempo-de-la-minero","status":"publish","type":"post","link":"https:\/\/ccbierzo.com\/gl\/el-tiempo-de-la-minero\/","title":{"rendered":"Tiempo de la Minero"},"content":{"rendered":"<p><strong>Estaci\u00f3n Arte, en Ponferrada, acogi\u00f3 la presentaci\u00f3n del libro sobre la historia de la MSP y como esta empresa cambi\u00f3 el rumbo de las comarcas de El Bierzo y de Laciana. Escrito por V\u00edctor del Reguero y Jes\u00fas \u00c1lvarez Courel, la obra ha sido subvencionada por el Consejo, entre otras entidades.<\/strong><\/p>\n<p>El presidente del Consejo Comarcal, Gerardo \u00c1lvarez Courel, asisti\u00f3 este mi\u00e9rcoles a la presentaci\u00f3n del libro <em>El tiempo de la Minero<\/em>, un libro que cuenta con el patrocinio de la instituci\u00f3n y que hace un repaso por la historia de la MSP desde su constituci\u00f3n hasta la actualidad, pasando por la desaparici\u00f3n de la monta\u00f1a de carb\u00f3n o la apertura del Museo de la Energ\u00eda.<\/p>\n<p>La obra cuenta con un importante material fotogr\u00e1fico in\u00e9dito. Un ejemplo es su portada. Durante la presentaci\u00f3n, su autor, V\u00edctor del Reguero, mostr\u00f3 el negativo de la fotograf\u00eda tomada en Villablino a principios del siglo XX.<\/p>\n<p>El libro, de venta en librer\u00edas y museos de Ponferrada, explica c\u00f3mo la llegada de la MSP cambi\u00f3 radicalmente la vida de las comarcas de El Bierzo y de Laciana, &#8220;afectando a todo&#8221;, aseguraron sus autores. El Bierzo pas\u00f3 de ser una comarca con una econom\u00eda basada en la agricultura a despegar como motor industrial de la provincia.<\/p>\n<p>El acto de presentaci\u00f3n forma parte de los actos conmemorativos del centenario de la Minero Sider\u00fargica de Ponferrada que lleg\u00f3 a contar con 70.000 empleados. En Estaci\u00f3n Arte se puede visitar durante este mes una muestra de objetos, maquetas y documentos de la historia de la empresa.<\/p>\n<div id=\"attachment_124046\" style=\"width: 1034px\" class=\"wp-caption aligncenter\"><img loading=\"lazy\" decoding=\"async\" aria-describedby=\"caption-attachment-124046\" class=\"wp-image-124046 size-full\" src=\"https:\/\/ccbierzo.com\/wp-content\/uploads\/2018\/10\/IMG-20181031-WA0027.jpg\" alt=\"Negativo\" width=\"1024\" height=\"684\" srcset=\"https:\/\/ccbierzo.com\/wp-content\/uploads\/2018\/10\/IMG-20181031-WA0027.jpg 1024w, https:\/\/ccbierzo.com\/wp-content\/uploads\/2018\/10\/IMG-20181031-WA0027-300x200.jpg 300w, https:\/\/ccbierzo.com\/wp-content\/uploads\/2018\/10\/IMG-20181031-WA0027-768x513.jpg 768w\" sizes=\"(max-width: 1024px) 100vw, 1024px\" \/><p id=\"caption-attachment-124046\" class=\"wp-caption-text\">Negativo de la fotograf\u00eda de la portada.<\/p><\/div>\n<div id=\"attachment_124048\" style=\"width: 1034px\" class=\"wp-caption aligncenter\"><img loading=\"lazy\" decoding=\"async\" aria-describedby=\"caption-attachment-124048\" class=\"size-large wp-image-124048\" src=\"https:\/\/ccbierzo.com\/wp-content\/uploads\/2018\/10\/IMG-20181031-WA0026-1024x684.jpg\" alt=\"Presentaci\u00f3n del libro El tiempo de la minero\" width=\"1024\" height=\"684\" srcset=\"https:\/\/ccbierzo.com\/wp-content\/uploads\/2018\/10\/IMG-20181031-WA0026.jpg 1024w, https:\/\/ccbierzo.com\/wp-content\/uploads\/2018\/10\/IMG-20181031-WA0026-300x200.jpg 300w, https:\/\/ccbierzo.com\/wp-content\/uploads\/2018\/10\/IMG-20181031-WA0026-768x513.jpg 768w\" sizes=\"(max-width: 1024px) 100vw, 1024px\" \/><p id=\"caption-attachment-124048\" class=\"wp-caption-text\">Estaci\u00f3n Arte, en Ponferrada, acogi\u00f3 la presentaci\u00f3n del libro.<\/p><\/div>\n<p>&nbsp;<\/p>\n","protected":false},"excerpt":{"rendered":"<p>El Consejo Comarcal es una de las entidades que subvenciona la obra. Escrito por V\u00edctor del Reguero y Jes\u00fas \u00c1lvarez Courel, la obra narra la historia de la Minero Sider\u00fargica de Ponferrada.<\/p>\n","protected":false},"author":3,"featured_media":124039,"comment_status":"closed","ping_status":"open","sticky":false,"template":"","format":"standard","meta":{"_et_pb_use_builder":"","_et_pb_old_content":"","_et_gb_content_width":"","footnotes":""},"categories":[22],"tags":[188],"class_list":["post-124037","post","type-post","status-publish","format-standard","has-post-thumbnail","hentry","category-cultura","tag-el-tiempo-de-la-minero"],"yoast_head":"<!-- This site is optimized with the Yoast SEO plugin v27.3 - https:\/\/yoast.com\/product\/yoast-seo-wordpress\/ -->\n<title>Tiempo de la Minero - Consejo Comarcal del Bierzo<\/title>\n<meta name=\"robots\" content=\"index, follow, max-snippet:-1, max-image-preview:large, max-video-preview:-1\" \/>\n<link rel=\"canonical\" href=\"https:\/\/ccbierzo.com\/el-tiempo-de-la-minero\/\" \/>\n<meta property=\"og:locale\" content=\"gl_ES\" \/>\n<meta property=\"og:type\" content=\"article\" \/>\n<meta property=\"og:title\" content=\"Tiempo de la Minero - Consejo Comarcal del Bierzo\" \/>\n<meta property=\"og:description\" content=\"El Consejo Comarcal es una de las entidades que subvenciona la obra. Escrito por V\u00edctor del Reguero y Jes\u00fas \u00c1lvarez Courel, la obra narra la historia de la Minero Sider\u00fargica de Ponferrada.\" \/>\n<meta property=\"og:url\" content=\"https:\/\/ccbierzo.com\/el-tiempo-de-la-minero\/\" \/>\n<meta property=\"og:site_name\" content=\"Consejo Comarcal del Bierzo\" \/>\n<meta property=\"article:published_time\" content=\"2018-10-31T17:30:50+00:00\" \/>\n<meta property=\"article:modified_time\" content=\"2018-11-06T08:57:31+00:00\" \/>\n<meta property=\"og:image\" content=\"https:\/\/ccbierzo.com\/wp-content\/uploads\/2018\/10\/la-minero.jpg\" \/>\n\t<meta property=\"og:image:width\" content=\"1500\" \/>\n\t<meta property=\"og:image:height\" content=\"1000\" \/>\n\t<meta property=\"og:image:type\" content=\"image\/jpeg\" \/>\n<meta name=\"author\" content=\"Marta Vidal\" \/>\n<meta name=\"twitter:card\" content=\"summary_large_image\" \/>\n<meta name=\"twitter:label1\" content=\"Escrito por\" \/>\n\t<meta name=\"twitter:data1\" content=\"Marta Vidal\" \/>\n\t<meta name=\"twitter:label2\" content=\"Tempo de lectura\" \/>\n\t<meta name=\"twitter:data2\" content=\"2 minutos\" \/>\n<script type=\"application\/ld+json\" class=\"yoast-schema-graph\">{\"@context\":\"https:\\\/\\\/schema.org\",\"@graph\":[{\"@type\":\"Article\",\"@id\":\"https:\\\/\\\/ccbierzo.com\\\/el-tiempo-de-la-minero\\\/#article\",\"isPartOf\":{\"@id\":\"https:\\\/\\\/ccbierzo.com\\\/el-tiempo-de-la-minero\\\/\"},\"author\":{\"name\":\"Marta Vidal\",\"@id\":\"https:\\\/\\\/ccbierzo.com\\\/gl\\\/#\\\/schema\\\/person\\\/4e9a8395b397b1d4b8695a5274072278\"},\"headline\":\"Tiempo de la Minero\",\"datePublished\":\"2018-10-31T17:30:50+00:00\",\"dateModified\":\"2018-11-06T08:57:31+00:00\",\"mainEntityOfPage\":{\"@id\":\"https:\\\/\\\/ccbierzo.com\\\/el-tiempo-de-la-minero\\\/\"},\"wordCount\":317,\"image\":{\"@id\":\"https:\\\/\\\/ccbierzo.com\\\/el-tiempo-de-la-minero\\\/#primaryimage\"},\"thumbnailUrl\":\"https:\\\/\\\/ccbierzo.com\\\/wp-content\\\/uploads\\\/2018\\\/10\\\/la-minero.jpg\",\"keywords\":[\"El tiempo de la minero\"],\"articleSection\":[\"Cultura\"],\"inLanguage\":\"gl-ES\"},{\"@type\":\"WebPage\",\"@id\":\"https:\\\/\\\/ccbierzo.com\\\/el-tiempo-de-la-minero\\\/\",\"url\":\"https:\\\/\\\/ccbierzo.com\\\/el-tiempo-de-la-minero\\\/\",\"name\":\"Tiempo de la Minero - Consejo Comarcal del Bierzo\",\"isPartOf\":{\"@id\":\"https:\\\/\\\/ccbierzo.com\\\/gl\\\/#website\"},\"primaryImageOfPage\":{\"@id\":\"https:\\\/\\\/ccbierzo.com\\\/el-tiempo-de-la-minero\\\/#primaryimage\"},\"image\":{\"@id\":\"https:\\\/\\\/ccbierzo.com\\\/el-tiempo-de-la-minero\\\/#primaryimage\"},\"thumbnailUrl\":\"https:\\\/\\\/ccbierzo.com\\\/wp-content\\\/uploads\\\/2018\\\/10\\\/la-minero.jpg\",\"datePublished\":\"2018-10-31T17:30:50+00:00\",\"dateModified\":\"2018-11-06T08:57:31+00:00\",\"author\":{\"@id\":\"https:\\\/\\\/ccbierzo.com\\\/gl\\\/#\\\/schema\\\/person\\\/4e9a8395b397b1d4b8695a5274072278\"},\"breadcrumb\":{\"@id\":\"https:\\\/\\\/ccbierzo.com\\\/el-tiempo-de-la-minero\\\/#breadcrumb\"},\"inLanguage\":\"gl-ES\",\"potentialAction\":[{\"@type\":\"ReadAction\",\"target\":[\"https:\\\/\\\/ccbierzo.com\\\/el-tiempo-de-la-minero\\\/\"]}]},{\"@type\":\"ImageObject\",\"inLanguage\":\"gl-ES\",\"@id\":\"https:\\\/\\\/ccbierzo.com\\\/el-tiempo-de-la-minero\\\/#primaryimage\",\"url\":\"https:\\\/\\\/ccbierzo.com\\\/wp-content\\\/uploads\\\/2018\\\/10\\\/la-minero.jpg\",\"contentUrl\":\"https:\\\/\\\/ccbierzo.com\\\/wp-content\\\/uploads\\\/2018\\\/10\\\/la-minero.jpg\",\"width\":1500,\"height\":1000,\"caption\":\"El tiempo de la minero\"},{\"@type\":\"BreadcrumbList\",\"@id\":\"https:\\\/\\\/ccbierzo.com\\\/el-tiempo-de-la-minero\\\/#breadcrumb\",\"itemListElement\":[{\"@type\":\"ListItem\",\"position\":1,\"name\":\"Portada\",\"item\":\"https:\\\/\\\/ccbierzo.com\\\/gl\\\/\"},{\"@type\":\"ListItem\",\"position\":2,\"name\":\"Tiempo de la Minero\"}]},{\"@type\":\"WebSite\",\"@id\":\"https:\\\/\\\/ccbierzo.com\\\/gl\\\/#website\",\"url\":\"https:\\\/\\\/ccbierzo.com\\\/gl\\\/\",\"name\":\"Consejo Comarcal del Bierzo\",\"description\":\"P\u00e1gina Oficial del Consejo Comarcal del Bierzo\",\"potentialAction\":[{\"@type\":\"SearchAction\",\"target\":{\"@type\":\"EntryPoint\",\"urlTemplate\":\"https:\\\/\\\/ccbierzo.com\\\/gl\\\/?s={search_term_string}\"},\"query-input\":{\"@type\":\"PropertyValueSpecification\",\"valueRequired\":true,\"valueName\":\"search_term_string\"}}],\"inLanguage\":\"gl-ES\"},{\"@type\":\"Person\",\"@id\":\"https:\\\/\\\/ccbierzo.com\\\/gl\\\/#\\\/schema\\\/person\\\/4e9a8395b397b1d4b8695a5274072278\",\"name\":\"Marta Vidal\"}]}<\/script>\n<!-- \/ Yoast SEO plugin. -->","yoast_head_json":{"title":"Tiempo de la Minero - Consejo Comarcal del Bierzo","robots":{"index":"index","follow":"follow","max-snippet":"max-snippet:-1","max-image-preview":"max-image-preview:large","max-video-preview":"max-video-preview:-1"},"canonical":"https:\/\/ccbierzo.com\/el-tiempo-de-la-minero\/","og_locale":"gl_ES","og_type":"article","og_title":"Tiempo de la Minero - Consejo Comarcal del Bierzo","og_description":"El Consejo Comarcal es una de las entidades que subvenciona la obra. Escrito por V\u00edctor del Reguero y Jes\u00fas \u00c1lvarez Courel, la obra narra la historia de la Minero Sider\u00fargica de Ponferrada.","og_url":"https:\/\/ccbierzo.com\/el-tiempo-de-la-minero\/","og_site_name":"Consejo Comarcal del Bierzo","article_published_time":"2018-10-31T17:30:50+00:00","article_modified_time":"2018-11-06T08:57:31+00:00","og_image":[{"width":1500,"height":1000,"url":"https:\/\/ccbierzo.com\/wp-content\/uploads\/2018\/10\/la-minero.jpg","type":"image\/jpeg"}],"author":"Marta Vidal","twitter_card":"summary_large_image","twitter_misc":{"Escrito por":"Marta Vidal","Tempo de lectura":"2 minutos"},"schema":{"@context":"https:\/\/schema.org","@graph":[{"@type":"Article","@id":"https:\/\/ccbierzo.com\/el-tiempo-de-la-minero\/#article","isPartOf":{"@id":"https:\/\/ccbierzo.com\/el-tiempo-de-la-minero\/"},"author":{"name":"Marta Vidal","@id":"https:\/\/ccbierzo.com\/gl\/#\/schema\/person\/4e9a8395b397b1d4b8695a5274072278"},"headline":"Tiempo de la Minero","datePublished":"2018-10-31T17:30:50+00:00","dateModified":"2018-11-06T08:57:31+00:00","mainEntityOfPage":{"@id":"https:\/\/ccbierzo.com\/el-tiempo-de-la-minero\/"},"wordCount":317,"image":{"@id":"https:\/\/ccbierzo.com\/el-tiempo-de-la-minero\/#primaryimage"},"thumbnailUrl":"https:\/\/ccbierzo.com\/wp-content\/uploads\/2018\/10\/la-minero.jpg","keywords":["El tiempo de la minero"],"articleSection":["Cultura"],"inLanguage":"gl-ES"},{"@type":"WebPage","@id":"https:\/\/ccbierzo.com\/el-tiempo-de-la-minero\/","url":"https:\/\/ccbierzo.com\/el-tiempo-de-la-minero\/","name":"Tiempo de la Minero - Consejo Comarcal del Bierzo","isPartOf":{"@id":"https:\/\/ccbierzo.com\/gl\/#website"},"primaryImageOfPage":{"@id":"https:\/\/ccbierzo.com\/el-tiempo-de-la-minero\/#primaryimage"},"image":{"@id":"https:\/\/ccbierzo.com\/el-tiempo-de-la-minero\/#primaryimage"},"thumbnailUrl":"https:\/\/ccbierzo.com\/wp-content\/uploads\/2018\/10\/la-minero.jpg","datePublished":"2018-10-31T17:30:50+00:00","dateModified":"2018-11-06T08:57:31+00:00","author":{"@id":"https:\/\/ccbierzo.com\/gl\/#\/schema\/person\/4e9a8395b397b1d4b8695a5274072278"},"breadcrumb":{"@id":"https:\/\/ccbierzo.com\/el-tiempo-de-la-minero\/#breadcrumb"},"inLanguage":"gl-ES","potentialAction":[{"@type":"ReadAction","target":["https:\/\/ccbierzo.com\/el-tiempo-de-la-minero\/"]}]},{"@type":"ImageObject","inLanguage":"gl-ES","@id":"https:\/\/ccbierzo.com\/el-tiempo-de-la-minero\/#primaryimage","url":"https:\/\/ccbierzo.com\/wp-content\/uploads\/2018\/10\/la-minero.jpg","contentUrl":"https:\/\/ccbierzo.com\/wp-content\/uploads\/2018\/10\/la-minero.jpg","width":1500,"height":1000,"caption":"El tiempo de la minero"},{"@type":"BreadcrumbList","@id":"https:\/\/ccbierzo.com\/el-tiempo-de-la-minero\/#breadcrumb","itemListElement":[{"@type":"ListItem","position":1,"name":"Portada","item":"https:\/\/ccbierzo.com\/gl\/"},{"@type":"ListItem","position":2,"name":"Tiempo de la Minero"}]},{"@type":"WebSite","@id":"https:\/\/ccbierzo.com\/gl\/#website","url":"https:\/\/ccbierzo.com\/gl\/","name":"Consejo Comarcal del Bierzo","description":"P\u00e1gina Oficial del Consejo Comarcal del Bierzo","potentialAction":[{"@type":"SearchAction","target":{"@type":"EntryPoint","urlTemplate":"https:\/\/ccbierzo.com\/gl\/?s={search_term_string}"},"query-input":{"@type":"PropertyValueSpecification","valueRequired":true,"valueName":"search_term_string"}}],"inLanguage":"gl-ES"},{"@type":"Person","@id":"https:\/\/ccbierzo.com\/gl\/#\/schema\/person\/4e9a8395b397b1d4b8695a5274072278","name":"Marta Vidal"}]}},"_links":{"self":[{"href":"https:\/\/ccbierzo.com\/gl\/wp-json\/wp\/v2\/posts\/124037","targetHints":{"allow":["GET"]}}],"collection":[{"href":"https:\/\/ccbierzo.com\/gl\/wp-json\/wp\/v2\/posts"}],"about":[{"href":"https:\/\/ccbierzo.com\/gl\/wp-json\/wp\/v2\/types\/post"}],"author":[{"embeddable":true,"href":"https:\/\/ccbierzo.com\/gl\/wp-json\/wp\/v2\/users\/3"}],"replies":[{"embeddable":true,"href":"https:\/\/ccbierzo.com\/gl\/wp-json\/wp\/v2\/comments?post=124037"}],"version-history":[{"count":0,"href":"https:\/\/ccbierzo.com\/gl\/wp-json\/wp\/v2\/posts\/124037\/revisions"}],"wp:featuredmedia":[{"embeddable":true,"href":"https:\/\/ccbierzo.com\/gl\/wp-json\/wp\/v2\/media\/124039"}],"wp:attachment":[{"href":"https:\/\/ccbierzo.com\/gl\/wp-json\/wp\/v2\/media?parent=124037"}],"wp:term":[{"taxonomy":"category","embeddable":true,"href":"https:\/\/ccbierzo.com\/gl\/wp-json\/wp\/v2\/categories?post=124037"},{"taxonomy":"post_tag","embeddable":true,"href":"https:\/\/ccbierzo.com\/gl\/wp-json\/wp\/v2\/tags?post=124037"}],"curies":[{"name":"wp","href":"https:\/\/api.w.org\/{rel}","templated":true}]}}