{"id":123050,"date":"2018-09-27T12:20:13","date_gmt":"2018-09-27T10:20:13","guid":{"rendered":"http:\/\/ccbierzo.com\/?p=123050"},"modified":"2018-09-27T12:24:53","modified_gmt":"2018-09-27T10:24:53","slug":"mesa-de-la-energia-2","status":"publish","type":"post","link":"https:\/\/ccbierzo.com\/gl\/mesa-de-la-energia-2\/","title":{"rendered":"Mesa de la Energ\u00eda"},"content":{"rendered":"<p>El Consejo Comarcal convoc\u00f3 este mi\u00e9rcoles a la Mesa de la energ\u00eda o Mesa por el futuro de El Bierzo para informar del documento aprobado por la comisi\u00f3n de seguimiento del Plan de dinamizaci\u00f3n de las cuencas mineras, en el que se ha tenido en cuenta la petici\u00f3n realizada por la mesa para incluir a Ciuden como un proyecto de desarrollo y de creaci\u00f3n de puestos de trabajo en la comarca.<\/p>\n<p>El presidente del Consejo Comarcal, Gerardo \u00c1lvarez Courel, destac\u00f3 algunos de los puntos clave del documento. Entre ellos, la demanda de que existan alternativas antes del cierre definitivo de minas y centrales t\u00e9rmicas y que ese cierre se aplace hasta 2030, fecha en la que tendr\u00e1 que tendr\u00e1 que ser definitivo.<\/p>\n<p>\u00c1lvarez Courel inform\u00f3 de que se han enviado cartas a la ministra de Transici\u00f3n Ecol\u00f3gica, Teresa Ribera, y al ministro de Fomento, Jos\u00e9 Luis \u00c1balos, para que visiten El Bierzo y conozcan la situaci\u00f3n por la que atraviesa la comarca y tambi\u00e9n las necesidades en materia de infraestructuras.<\/p>\n","protected":false},"excerpt":{"rendered":"<p>Reuni\u00f3n para conocer el documento aprobado por la comisi\u00f3n se seguimiento del Plan de dinamizaci\u00f3n de las cuencas mineras.<\/p>\n","protected":false},"author":3,"featured_media":123052,"comment_status":"closed","ping_status":"open","sticky":false,"template":"","format":"standard","meta":{"_et_pb_use_builder":"","_et_pb_old_content":"","_et_gb_content_width":"","footnotes":""},"categories":[26,77],"tags":[126],"class_list":["post-123050","post","type-post","status-publish","format-standard","has-post-thumbnail","hentry","category-administracion","category-empleo","tag-mesa-por-el-futuro-de-el-bierzo"],"yoast_head":"<!-- This site is optimized with the Yoast SEO plugin v27.3 - https:\/\/yoast.com\/product\/yoast-seo-wordpress\/ -->\n<title>Mesa de la Energ\u00eda - Consejo Comarcal del Bierzo<\/title>\n<meta name=\"robots\" content=\"index, follow, max-snippet:-1, max-image-preview:large, max-video-preview:-1\" \/>\n<link rel=\"canonical\" href=\"https:\/\/ccbierzo.com\/mesa-de-la-energia-2\/\" \/>\n<meta property=\"og:locale\" content=\"gl_ES\" \/>\n<meta property=\"og:type\" content=\"article\" \/>\n<meta property=\"og:title\" content=\"Mesa de la Energ\u00eda - Consejo Comarcal del Bierzo\" \/>\n<meta property=\"og:description\" content=\"Reuni\u00f3n para conocer el documento aprobado por la comisi\u00f3n se seguimiento del Plan de dinamizaci\u00f3n de las cuencas mineras.\" \/>\n<meta property=\"og:url\" content=\"https:\/\/ccbierzo.com\/mesa-de-la-energia-2\/\" \/>\n<meta property=\"og:site_name\" content=\"Consejo Comarcal del Bierzo\" \/>\n<meta property=\"article:published_time\" content=\"2018-09-27T10:20:13+00:00\" \/>\n<meta property=\"article:modified_time\" content=\"2018-09-27T10:24:53+00:00\" \/>\n<meta property=\"og:image\" content=\"https:\/\/ccbierzo.com\/wp-content\/uploads\/2018\/09\/mesa-energia-1.jpg\" \/>\n\t<meta property=\"og:image:width\" content=\"1500\" \/>\n\t<meta property=\"og:image:height\" content=\"1001\" \/>\n\t<meta property=\"og:image:type\" content=\"image\/jpeg\" \/>\n<meta name=\"author\" content=\"Marta Vidal\" \/>\n<meta name=\"twitter:card\" content=\"summary_large_image\" \/>\n<meta name=\"twitter:label1\" content=\"Escrito por\" \/>\n\t<meta name=\"twitter:data1\" content=\"Marta Vidal\" \/>\n\t<meta name=\"twitter:label2\" content=\"Tempo de lectura\" \/>\n\t<meta name=\"twitter:data2\" content=\"1 minuto\" \/>\n<script type=\"application\/ld+json\" class=\"yoast-schema-graph\">{\"@context\":\"https:\\\/\\\/schema.org\",\"@graph\":[{\"@type\":\"Article\",\"@id\":\"https:\\\/\\\/ccbierzo.com\\\/mesa-de-la-energia-2\\\/#article\",\"isPartOf\":{\"@id\":\"https:\\\/\\\/ccbierzo.com\\\/mesa-de-la-energia-2\\\/\"},\"author\":{\"name\":\"Marta Vidal\",\"@id\":\"https:\\\/\\\/ccbierzo.com\\\/gl\\\/#\\\/schema\\\/person\\\/4e9a8395b397b1d4b8695a5274072278\"},\"headline\":\"Mesa de la Energ\u00eda\",\"datePublished\":\"2018-09-27T10:20:13+00:00\",\"dateModified\":\"2018-09-27T10:24:53+00:00\",\"mainEntityOfPage\":{\"@id\":\"https:\\\/\\\/ccbierzo.com\\\/mesa-de-la-energia-2\\\/\"},\"wordCount\":185,\"image\":{\"@id\":\"https:\\\/\\\/ccbierzo.com\\\/mesa-de-la-energia-2\\\/#primaryimage\"},\"thumbnailUrl\":\"https:\\\/\\\/ccbierzo.com\\\/wp-content\\\/uploads\\\/2018\\\/09\\\/mesa-energia-1.jpg\",\"keywords\":[\"Mesa por el futuro de El Bierzo\"],\"articleSection\":[\"Administraci\u00f3n\",\"Empleo\"],\"inLanguage\":\"gl-ES\"},{\"@type\":\"WebPage\",\"@id\":\"https:\\\/\\\/ccbierzo.com\\\/mesa-de-la-energia-2\\\/\",\"url\":\"https:\\\/\\\/ccbierzo.com\\\/mesa-de-la-energia-2\\\/\",\"name\":\"Mesa de la Energ\u00eda - Consejo Comarcal del Bierzo\",\"isPartOf\":{\"@id\":\"https:\\\/\\\/ccbierzo.com\\\/gl\\\/#website\"},\"primaryImageOfPage\":{\"@id\":\"https:\\\/\\\/ccbierzo.com\\\/mesa-de-la-energia-2\\\/#primaryimage\"},\"image\":{\"@id\":\"https:\\\/\\\/ccbierzo.com\\\/mesa-de-la-energia-2\\\/#primaryimage\"},\"thumbnailUrl\":\"https:\\\/\\\/ccbierzo.com\\\/wp-content\\\/uploads\\\/2018\\\/09\\\/mesa-energia-1.jpg\",\"datePublished\":\"2018-09-27T10:20:13+00:00\",\"dateModified\":\"2018-09-27T10:24:53+00:00\",\"author\":{\"@id\":\"https:\\\/\\\/ccbierzo.com\\\/gl\\\/#\\\/schema\\\/person\\\/4e9a8395b397b1d4b8695a5274072278\"},\"breadcrumb\":{\"@id\":\"https:\\\/\\\/ccbierzo.com\\\/mesa-de-la-energia-2\\\/#breadcrumb\"},\"inLanguage\":\"gl-ES\",\"potentialAction\":[{\"@type\":\"ReadAction\",\"target\":[\"https:\\\/\\\/ccbierzo.com\\\/mesa-de-la-energia-2\\\/\"]}]},{\"@type\":\"ImageObject\",\"inLanguage\":\"gl-ES\",\"@id\":\"https:\\\/\\\/ccbierzo.com\\\/mesa-de-la-energia-2\\\/#primaryimage\",\"url\":\"https:\\\/\\\/ccbierzo.com\\\/wp-content\\\/uploads\\\/2018\\\/09\\\/mesa-energia-1.jpg\",\"contentUrl\":\"https:\\\/\\\/ccbierzo.com\\\/wp-content\\\/uploads\\\/2018\\\/09\\\/mesa-energia-1.jpg\",\"width\":1500,\"height\":1001,\"caption\":\"Reuni\u00f3n Mesa de la Energ\u00eda\"},{\"@type\":\"BreadcrumbList\",\"@id\":\"https:\\\/\\\/ccbierzo.com\\\/mesa-de-la-energia-2\\\/#breadcrumb\",\"itemListElement\":[{\"@type\":\"ListItem\",\"position\":1,\"name\":\"Portada\",\"item\":\"https:\\\/\\\/ccbierzo.com\\\/gl\\\/\"},{\"@type\":\"ListItem\",\"position\":2,\"name\":\"Mesa de la Energ\u00eda\"}]},{\"@type\":\"WebSite\",\"@id\":\"https:\\\/\\\/ccbierzo.com\\\/gl\\\/#website\",\"url\":\"https:\\\/\\\/ccbierzo.com\\\/gl\\\/\",\"name\":\"Consejo Comarcal del Bierzo\",\"description\":\"P\u00e1gina Oficial del Consejo Comarcal del Bierzo\",\"potentialAction\":[{\"@type\":\"SearchAction\",\"target\":{\"@type\":\"EntryPoint\",\"urlTemplate\":\"https:\\\/\\\/ccbierzo.com\\\/gl\\\/?s={search_term_string}\"},\"query-input\":{\"@type\":\"PropertyValueSpecification\",\"valueRequired\":true,\"valueName\":\"search_term_string\"}}],\"inLanguage\":\"gl-ES\"},{\"@type\":\"Person\",\"@id\":\"https:\\\/\\\/ccbierzo.com\\\/gl\\\/#\\\/schema\\\/person\\\/4e9a8395b397b1d4b8695a5274072278\",\"name\":\"Marta Vidal\"}]}<\/script>\n<!-- \/ Yoast SEO plugin. -->","yoast_head_json":{"title":"Mesa de la Energ\u00eda - Consejo Comarcal del Bierzo","robots":{"index":"index","follow":"follow","max-snippet":"max-snippet:-1","max-image-preview":"max-image-preview:large","max-video-preview":"max-video-preview:-1"},"canonical":"https:\/\/ccbierzo.com\/mesa-de-la-energia-2\/","og_locale":"gl_ES","og_type":"article","og_title":"Mesa de la Energ\u00eda - Consejo Comarcal del Bierzo","og_description":"Reuni\u00f3n para conocer el documento aprobado por la comisi\u00f3n se seguimiento del Plan de dinamizaci\u00f3n de las cuencas mineras.","og_url":"https:\/\/ccbierzo.com\/mesa-de-la-energia-2\/","og_site_name":"Consejo Comarcal del Bierzo","article_published_time":"2018-09-27T10:20:13+00:00","article_modified_time":"2018-09-27T10:24:53+00:00","og_image":[{"width":1500,"height":1001,"url":"https:\/\/ccbierzo.com\/wp-content\/uploads\/2018\/09\/mesa-energia-1.jpg","type":"image\/jpeg"}],"author":"Marta Vidal","twitter_card":"summary_large_image","twitter_misc":{"Escrito por":"Marta Vidal","Tempo de lectura":"1 minuto"},"schema":{"@context":"https:\/\/schema.org","@graph":[{"@type":"Article","@id":"https:\/\/ccbierzo.com\/mesa-de-la-energia-2\/#article","isPartOf":{"@id":"https:\/\/ccbierzo.com\/mesa-de-la-energia-2\/"},"author":{"name":"Marta Vidal","@id":"https:\/\/ccbierzo.com\/gl\/#\/schema\/person\/4e9a8395b397b1d4b8695a5274072278"},"headline":"Mesa de la Energ\u00eda","datePublished":"2018-09-27T10:20:13+00:00","dateModified":"2018-09-27T10:24:53+00:00","mainEntityOfPage":{"@id":"https:\/\/ccbierzo.com\/mesa-de-la-energia-2\/"},"wordCount":185,"image":{"@id":"https:\/\/ccbierzo.com\/mesa-de-la-energia-2\/#primaryimage"},"thumbnailUrl":"https:\/\/ccbierzo.com\/wp-content\/uploads\/2018\/09\/mesa-energia-1.jpg","keywords":["Mesa por el futuro de El Bierzo"],"articleSection":["Administraci\u00f3n","Empleo"],"inLanguage":"gl-ES"},{"@type":"WebPage","@id":"https:\/\/ccbierzo.com\/mesa-de-la-energia-2\/","url":"https:\/\/ccbierzo.com\/mesa-de-la-energia-2\/","name":"Mesa de la Energ\u00eda - Consejo Comarcal del Bierzo","isPartOf":{"@id":"https:\/\/ccbierzo.com\/gl\/#website"},"primaryImageOfPage":{"@id":"https:\/\/ccbierzo.com\/mesa-de-la-energia-2\/#primaryimage"},"image":{"@id":"https:\/\/ccbierzo.com\/mesa-de-la-energia-2\/#primaryimage"},"thumbnailUrl":"https:\/\/ccbierzo.com\/wp-content\/uploads\/2018\/09\/mesa-energia-1.jpg","datePublished":"2018-09-27T10:20:13+00:00","dateModified":"2018-09-27T10:24:53+00:00","author":{"@id":"https:\/\/ccbierzo.com\/gl\/#\/schema\/person\/4e9a8395b397b1d4b8695a5274072278"},"breadcrumb":{"@id":"https:\/\/ccbierzo.com\/mesa-de-la-energia-2\/#breadcrumb"},"inLanguage":"gl-ES","potentialAction":[{"@type":"ReadAction","target":["https:\/\/ccbierzo.com\/mesa-de-la-energia-2\/"]}]},{"@type":"ImageObject","inLanguage":"gl-ES","@id":"https:\/\/ccbierzo.com\/mesa-de-la-energia-2\/#primaryimage","url":"https:\/\/ccbierzo.com\/wp-content\/uploads\/2018\/09\/mesa-energia-1.jpg","contentUrl":"https:\/\/ccbierzo.com\/wp-content\/uploads\/2018\/09\/mesa-energia-1.jpg","width":1500,"height":1001,"caption":"Reuni\u00f3n Mesa de la Energ\u00eda"},{"@type":"BreadcrumbList","@id":"https:\/\/ccbierzo.com\/mesa-de-la-energia-2\/#breadcrumb","itemListElement":[{"@type":"ListItem","position":1,"name":"Portada","item":"https:\/\/ccbierzo.com\/gl\/"},{"@type":"ListItem","position":2,"name":"Mesa de la Energ\u00eda"}]},{"@type":"WebSite","@id":"https:\/\/ccbierzo.com\/gl\/#website","url":"https:\/\/ccbierzo.com\/gl\/","name":"Consejo Comarcal del Bierzo","description":"P\u00e1gina Oficial del Consejo Comarcal del Bierzo","potentialAction":[{"@type":"SearchAction","target":{"@type":"EntryPoint","urlTemplate":"https:\/\/ccbierzo.com\/gl\/?s={search_term_string}"},"query-input":{"@type":"PropertyValueSpecification","valueRequired":true,"valueName":"search_term_string"}}],"inLanguage":"gl-ES"},{"@type":"Person","@id":"https:\/\/ccbierzo.com\/gl\/#\/schema\/person\/4e9a8395b397b1d4b8695a5274072278","name":"Marta Vidal"}]}},"_links":{"self":[{"href":"https:\/\/ccbierzo.com\/gl\/wp-json\/wp\/v2\/posts\/123050","targetHints":{"allow":["GET"]}}],"collection":[{"href":"https:\/\/ccbierzo.com\/gl\/wp-json\/wp\/v2\/posts"}],"about":[{"href":"https:\/\/ccbierzo.com\/gl\/wp-json\/wp\/v2\/types\/post"}],"author":[{"embeddable":true,"href":"https:\/\/ccbierzo.com\/gl\/wp-json\/wp\/v2\/users\/3"}],"replies":[{"embeddable":true,"href":"https:\/\/ccbierzo.com\/gl\/wp-json\/wp\/v2\/comments?post=123050"}],"version-history":[{"count":0,"href":"https:\/\/ccbierzo.com\/gl\/wp-json\/wp\/v2\/posts\/123050\/revisions"}],"wp:featuredmedia":[{"embeddable":true,"href":"https:\/\/ccbierzo.com\/gl\/wp-json\/wp\/v2\/media\/123052"}],"wp:attachment":[{"href":"https:\/\/ccbierzo.com\/gl\/wp-json\/wp\/v2\/media?parent=123050"}],"wp:term":[{"taxonomy":"category","embeddable":true,"href":"https:\/\/ccbierzo.com\/gl\/wp-json\/wp\/v2\/categories?post=123050"},{"taxonomy":"post_tag","embeddable":true,"href":"https:\/\/ccbierzo.com\/gl\/wp-json\/wp\/v2\/tags?post=123050"}],"curies":[{"name":"wp","href":"https:\/\/api.w.org\/{rel}","templated":true}]}}