{"id":122925,"date":"2018-09-12T12:31:53","date_gmt":"2018-09-12T10:31:53","guid":{"rendered":"http:\/\/ccbierzo.com\/?p=122925"},"modified":"2018-09-12T12:35:00","modified_gmt":"2018-09-12T10:35:00","slug":"ruta-del-pimiento","status":"publish","type":"post","link":"https:\/\/ccbierzo.com\/gl\/ruta-del-pimiento\/","title":{"rendered":"Ruta del pimiento"},"content":{"rendered":"<p>Carracedelo acoge el domingo 23 de septiembre la &#8216;Ruta del pimiento&#8217;. El itinerario, apto para todos los p\u00fablicos, recorre 6 kil\u00f3metros para visitar las principales plantaciones, que ahora se encuentran en plena producci\u00f3n.<\/p>\n<p>El presidente del Consejo Comarcal, Gerardo \u00c1lvarez Courel, el director t\u00e9cnico de la IGP &#8216;Pimiento Asado de El Bierzo&#8217;, Roberto Fuertes, y el concejal de Medio Ambiente del Ayuntamiento de Carracedelo, Daniel Franco, presentaron esta ma\u00f1ana la tercera ruta de las cinco programadas por el Banco de Tierras para este a\u00f1o. En este caso, se trata de una ruta circular que partir\u00e1 a las 10:30 horas de la sede de los sellos de calidad.<\/p>\n<p>T\u00e9cnicos de la Indicaci\u00f3n Geogr\u00e1fica Protegida har\u00e1n de gu\u00edas y explicar\u00e1n sobre el terreno las peculiaridades de este cultivo con los objetivos de difundir los valores y caracter\u00edsticas del pimiento y fomentar su cultivo como generador de riqueza y empleo.<\/p>\n<p>Las personas interesadas en participan deben inscribirse en las oficinas del Banco de Tierras, en el Consejo Comarcal, o en Bierzo Natura, empresa encargada de la organizaci\u00f3n. El precio de la inscripci\u00f3n es de 2 euros para personas adultas. Los ni\u00f1os y ni\u00f1as est\u00e1n exentos del pago.<\/p>\n<p><img loading=\"lazy\" decoding=\"async\" class=\"size-medium wp-image-122929 aligncenter\" src=\"https:\/\/ccbierzo.com\/wp-content\/uploads\/2018\/09\/CARTEL-PIMIENTO-jpg-209x300.jpg\" alt=\"\" width=\"209\" height=\"300\" \/><\/p>\n","protected":false},"excerpt":{"rendered":"<p>Carracedelo acoge el domingo 23 de septiembre la &#8216;Ruta del pimiento&#8217;. El itinerario, apto para todos los p\u00fablicos, recorre 6 kil\u00f3metros para visitar las principales plantaciones, que ahora se encuentran en plena producci\u00f3n.<\/p>\n","protected":false},"author":3,"featured_media":122927,"comment_status":"closed","ping_status":"open","sticky":false,"template":"","format":"standard","meta":{"_et_pb_use_builder":"","_et_pb_old_content":"","_et_gb_content_width":"","footnotes":""},"categories":[77,19],"tags":[125,165,166],"class_list":["post-122925","post","type-post","status-publish","format-standard","has-post-thumbnail","hentry","category-empleo","category-social","tag-banco-de-tierras","tag-ruta-del-pimiento","tag-rutas-por-la-calidad"],"yoast_head":"<!-- This site is optimized with the Yoast SEO plugin v27.3 - https:\/\/yoast.com\/product\/yoast-seo-wordpress\/ -->\n<title>Ruta del pimiento - Consejo Comarcal del Bierzo<\/title>\n<meta name=\"robots\" content=\"index, follow, max-snippet:-1, max-image-preview:large, max-video-preview:-1\" \/>\n<link rel=\"canonical\" href=\"https:\/\/ccbierzo.com\/ruta-del-pimiento\/\" \/>\n<meta property=\"og:locale\" content=\"gl_ES\" \/>\n<meta property=\"og:type\" content=\"article\" \/>\n<meta property=\"og:title\" content=\"Ruta del pimiento - Consejo Comarcal del Bierzo\" \/>\n<meta property=\"og:description\" content=\"Carracedelo acoge el domingo 23 de septiembre la &#039;Ruta del pimiento&#039;. El itinerario, apto para todos los p\u00fablicos, recorre 6 kil\u00f3metros para visitar las principales plantaciones, que ahora se encuentran en plena producci\u00f3n.\" \/>\n<meta property=\"og:url\" content=\"https:\/\/ccbierzo.com\/ruta-del-pimiento\/\" \/>\n<meta property=\"og:site_name\" content=\"Consejo Comarcal del Bierzo\" \/>\n<meta property=\"article:published_time\" content=\"2018-09-12T10:31:53+00:00\" \/>\n<meta property=\"article:modified_time\" content=\"2018-09-12T10:35:00+00:00\" \/>\n<meta property=\"og:image\" content=\"https:\/\/ccbierzo.com\/wp-content\/uploads\/2018\/09\/rp-ruta-pimiento.jpg\" \/>\n\t<meta property=\"og:image:width\" content=\"1306\" \/>\n\t<meta property=\"og:image:height\" content=\"885\" \/>\n\t<meta property=\"og:image:type\" content=\"image\/jpeg\" \/>\n<meta name=\"author\" content=\"Marta Vidal\" \/>\n<meta name=\"twitter:card\" content=\"summary_large_image\" \/>\n<meta name=\"twitter:label1\" content=\"Escrito por\" \/>\n\t<meta name=\"twitter:data1\" content=\"Marta Vidal\" \/>\n\t<meta name=\"twitter:label2\" content=\"Tempo de lectura\" \/>\n\t<meta name=\"twitter:data2\" content=\"1 minuto\" \/>\n<script type=\"application\/ld+json\" class=\"yoast-schema-graph\">{\"@context\":\"https:\\\/\\\/schema.org\",\"@graph\":[{\"@type\":\"Article\",\"@id\":\"https:\\\/\\\/ccbierzo.com\\\/ruta-del-pimiento\\\/#article\",\"isPartOf\":{\"@id\":\"https:\\\/\\\/ccbierzo.com\\\/ruta-del-pimiento\\\/\"},\"author\":{\"name\":\"Marta Vidal\",\"@id\":\"https:\\\/\\\/ccbierzo.com\\\/gl\\\/#\\\/schema\\\/person\\\/4e9a8395b397b1d4b8695a5274072278\"},\"headline\":\"Ruta del pimiento\",\"datePublished\":\"2018-09-12T10:31:53+00:00\",\"dateModified\":\"2018-09-12T10:35:00+00:00\",\"mainEntityOfPage\":{\"@id\":\"https:\\\/\\\/ccbierzo.com\\\/ruta-del-pimiento\\\/\"},\"wordCount\":211,\"image\":{\"@id\":\"https:\\\/\\\/ccbierzo.com\\\/ruta-del-pimiento\\\/#primaryimage\"},\"thumbnailUrl\":\"https:\\\/\\\/ccbierzo.com\\\/wp-content\\\/uploads\\\/2018\\\/09\\\/rp-ruta-pimiento.jpg\",\"keywords\":[\"Banco de Tierras\",\"Ruta del pimiento\",\"Rutas por la calidad\"],\"articleSection\":[\"Empleo\",\"Social\"],\"inLanguage\":\"gl-ES\"},{\"@type\":\"WebPage\",\"@id\":\"https:\\\/\\\/ccbierzo.com\\\/ruta-del-pimiento\\\/\",\"url\":\"https:\\\/\\\/ccbierzo.com\\\/ruta-del-pimiento\\\/\",\"name\":\"Ruta del pimiento - Consejo Comarcal del Bierzo\",\"isPartOf\":{\"@id\":\"https:\\\/\\\/ccbierzo.com\\\/gl\\\/#website\"},\"primaryImageOfPage\":{\"@id\":\"https:\\\/\\\/ccbierzo.com\\\/ruta-del-pimiento\\\/#primaryimage\"},\"image\":{\"@id\":\"https:\\\/\\\/ccbierzo.com\\\/ruta-del-pimiento\\\/#primaryimage\"},\"thumbnailUrl\":\"https:\\\/\\\/ccbierzo.com\\\/wp-content\\\/uploads\\\/2018\\\/09\\\/rp-ruta-pimiento.jpg\",\"datePublished\":\"2018-09-12T10:31:53+00:00\",\"dateModified\":\"2018-09-12T10:35:00+00:00\",\"author\":{\"@id\":\"https:\\\/\\\/ccbierzo.com\\\/gl\\\/#\\\/schema\\\/person\\\/4e9a8395b397b1d4b8695a5274072278\"},\"breadcrumb\":{\"@id\":\"https:\\\/\\\/ccbierzo.com\\\/ruta-del-pimiento\\\/#breadcrumb\"},\"inLanguage\":\"gl-ES\",\"potentialAction\":[{\"@type\":\"ReadAction\",\"target\":[\"https:\\\/\\\/ccbierzo.com\\\/ruta-del-pimiento\\\/\"]}]},{\"@type\":\"ImageObject\",\"inLanguage\":\"gl-ES\",\"@id\":\"https:\\\/\\\/ccbierzo.com\\\/ruta-del-pimiento\\\/#primaryimage\",\"url\":\"https:\\\/\\\/ccbierzo.com\\\/wp-content\\\/uploads\\\/2018\\\/09\\\/rp-ruta-pimiento.jpg\",\"contentUrl\":\"https:\\\/\\\/ccbierzo.com\\\/wp-content\\\/uploads\\\/2018\\\/09\\\/rp-ruta-pimiento.jpg\",\"width\":1306,\"height\":885,\"caption\":\"Rueda de prensa de la presentaci\u00f3n de la ruta del pimiento\"},{\"@type\":\"BreadcrumbList\",\"@id\":\"https:\\\/\\\/ccbierzo.com\\\/ruta-del-pimiento\\\/#breadcrumb\",\"itemListElement\":[{\"@type\":\"ListItem\",\"position\":1,\"name\":\"Portada\",\"item\":\"https:\\\/\\\/ccbierzo.com\\\/gl\\\/\"},{\"@type\":\"ListItem\",\"position\":2,\"name\":\"Ruta del pimiento\"}]},{\"@type\":\"WebSite\",\"@id\":\"https:\\\/\\\/ccbierzo.com\\\/gl\\\/#website\",\"url\":\"https:\\\/\\\/ccbierzo.com\\\/gl\\\/\",\"name\":\"Consejo Comarcal del Bierzo\",\"description\":\"P\u00e1gina Oficial del Consejo Comarcal del Bierzo\",\"potentialAction\":[{\"@type\":\"SearchAction\",\"target\":{\"@type\":\"EntryPoint\",\"urlTemplate\":\"https:\\\/\\\/ccbierzo.com\\\/gl\\\/?s={search_term_string}\"},\"query-input\":{\"@type\":\"PropertyValueSpecification\",\"valueRequired\":true,\"valueName\":\"search_term_string\"}}],\"inLanguage\":\"gl-ES\"},{\"@type\":\"Person\",\"@id\":\"https:\\\/\\\/ccbierzo.com\\\/gl\\\/#\\\/schema\\\/person\\\/4e9a8395b397b1d4b8695a5274072278\",\"name\":\"Marta Vidal\"}]}<\/script>\n<!-- \/ Yoast SEO plugin. -->","yoast_head_json":{"title":"Ruta del pimiento - Consejo Comarcal del Bierzo","robots":{"index":"index","follow":"follow","max-snippet":"max-snippet:-1","max-image-preview":"max-image-preview:large","max-video-preview":"max-video-preview:-1"},"canonical":"https:\/\/ccbierzo.com\/ruta-del-pimiento\/","og_locale":"gl_ES","og_type":"article","og_title":"Ruta del pimiento - Consejo Comarcal del Bierzo","og_description":"Carracedelo acoge el domingo 23 de septiembre la 'Ruta del pimiento'. El itinerario, apto para todos los p\u00fablicos, recorre 6 kil\u00f3metros para visitar las principales plantaciones, que ahora se encuentran en plena producci\u00f3n.","og_url":"https:\/\/ccbierzo.com\/ruta-del-pimiento\/","og_site_name":"Consejo Comarcal del Bierzo","article_published_time":"2018-09-12T10:31:53+00:00","article_modified_time":"2018-09-12T10:35:00+00:00","og_image":[{"width":1306,"height":885,"url":"https:\/\/ccbierzo.com\/wp-content\/uploads\/2018\/09\/rp-ruta-pimiento.jpg","type":"image\/jpeg"}],"author":"Marta Vidal","twitter_card":"summary_large_image","twitter_misc":{"Escrito por":"Marta Vidal","Tempo de lectura":"1 minuto"},"schema":{"@context":"https:\/\/schema.org","@graph":[{"@type":"Article","@id":"https:\/\/ccbierzo.com\/ruta-del-pimiento\/#article","isPartOf":{"@id":"https:\/\/ccbierzo.com\/ruta-del-pimiento\/"},"author":{"name":"Marta Vidal","@id":"https:\/\/ccbierzo.com\/gl\/#\/schema\/person\/4e9a8395b397b1d4b8695a5274072278"},"headline":"Ruta del pimiento","datePublished":"2018-09-12T10:31:53+00:00","dateModified":"2018-09-12T10:35:00+00:00","mainEntityOfPage":{"@id":"https:\/\/ccbierzo.com\/ruta-del-pimiento\/"},"wordCount":211,"image":{"@id":"https:\/\/ccbierzo.com\/ruta-del-pimiento\/#primaryimage"},"thumbnailUrl":"https:\/\/ccbierzo.com\/wp-content\/uploads\/2018\/09\/rp-ruta-pimiento.jpg","keywords":["Banco de Tierras","Ruta del pimiento","Rutas por la calidad"],"articleSection":["Empleo","Social"],"inLanguage":"gl-ES"},{"@type":"WebPage","@id":"https:\/\/ccbierzo.com\/ruta-del-pimiento\/","url":"https:\/\/ccbierzo.com\/ruta-del-pimiento\/","name":"Ruta del pimiento - Consejo Comarcal del Bierzo","isPartOf":{"@id":"https:\/\/ccbierzo.com\/gl\/#website"},"primaryImageOfPage":{"@id":"https:\/\/ccbierzo.com\/ruta-del-pimiento\/#primaryimage"},"image":{"@id":"https:\/\/ccbierzo.com\/ruta-del-pimiento\/#primaryimage"},"thumbnailUrl":"https:\/\/ccbierzo.com\/wp-content\/uploads\/2018\/09\/rp-ruta-pimiento.jpg","datePublished":"2018-09-12T10:31:53+00:00","dateModified":"2018-09-12T10:35:00+00:00","author":{"@id":"https:\/\/ccbierzo.com\/gl\/#\/schema\/person\/4e9a8395b397b1d4b8695a5274072278"},"breadcrumb":{"@id":"https:\/\/ccbierzo.com\/ruta-del-pimiento\/#breadcrumb"},"inLanguage":"gl-ES","potentialAction":[{"@type":"ReadAction","target":["https:\/\/ccbierzo.com\/ruta-del-pimiento\/"]}]},{"@type":"ImageObject","inLanguage":"gl-ES","@id":"https:\/\/ccbierzo.com\/ruta-del-pimiento\/#primaryimage","url":"https:\/\/ccbierzo.com\/wp-content\/uploads\/2018\/09\/rp-ruta-pimiento.jpg","contentUrl":"https:\/\/ccbierzo.com\/wp-content\/uploads\/2018\/09\/rp-ruta-pimiento.jpg","width":1306,"height":885,"caption":"Rueda de prensa de la presentaci\u00f3n de la ruta del pimiento"},{"@type":"BreadcrumbList","@id":"https:\/\/ccbierzo.com\/ruta-del-pimiento\/#breadcrumb","itemListElement":[{"@type":"ListItem","position":1,"name":"Portada","item":"https:\/\/ccbierzo.com\/gl\/"},{"@type":"ListItem","position":2,"name":"Ruta del pimiento"}]},{"@type":"WebSite","@id":"https:\/\/ccbierzo.com\/gl\/#website","url":"https:\/\/ccbierzo.com\/gl\/","name":"Consejo Comarcal del Bierzo","description":"P\u00e1gina Oficial del Consejo Comarcal del Bierzo","potentialAction":[{"@type":"SearchAction","target":{"@type":"EntryPoint","urlTemplate":"https:\/\/ccbierzo.com\/gl\/?s={search_term_string}"},"query-input":{"@type":"PropertyValueSpecification","valueRequired":true,"valueName":"search_term_string"}}],"inLanguage":"gl-ES"},{"@type":"Person","@id":"https:\/\/ccbierzo.com\/gl\/#\/schema\/person\/4e9a8395b397b1d4b8695a5274072278","name":"Marta Vidal"}]}},"_links":{"self":[{"href":"https:\/\/ccbierzo.com\/gl\/wp-json\/wp\/v2\/posts\/122925","targetHints":{"allow":["GET"]}}],"collection":[{"href":"https:\/\/ccbierzo.com\/gl\/wp-json\/wp\/v2\/posts"}],"about":[{"href":"https:\/\/ccbierzo.com\/gl\/wp-json\/wp\/v2\/types\/post"}],"author":[{"embeddable":true,"href":"https:\/\/ccbierzo.com\/gl\/wp-json\/wp\/v2\/users\/3"}],"replies":[{"embeddable":true,"href":"https:\/\/ccbierzo.com\/gl\/wp-json\/wp\/v2\/comments?post=122925"}],"version-history":[{"count":0,"href":"https:\/\/ccbierzo.com\/gl\/wp-json\/wp\/v2\/posts\/122925\/revisions"}],"wp:featuredmedia":[{"embeddable":true,"href":"https:\/\/ccbierzo.com\/gl\/wp-json\/wp\/v2\/media\/122927"}],"wp:attachment":[{"href":"https:\/\/ccbierzo.com\/gl\/wp-json\/wp\/v2\/media?parent=122925"}],"wp:term":[{"taxonomy":"category","embeddable":true,"href":"https:\/\/ccbierzo.com\/gl\/wp-json\/wp\/v2\/categories?post=122925"},{"taxonomy":"post_tag","embeddable":true,"href":"https:\/\/ccbierzo.com\/gl\/wp-json\/wp\/v2\/tags?post=122925"}],"curies":[{"name":"wp","href":"https:\/\/api.w.org\/{rel}","templated":true}]}}