{"id":122621,"date":"2018-08-01T10:59:19","date_gmt":"2018-08-01T08:59:19","guid":{"rendered":"http:\/\/ccbierzo.com\/?p=122621"},"modified":"2018-08-01T11:01:43","modified_gmt":"2018-08-01T09:01:43","slug":"pleno-extraordinario","status":"publish","type":"post","link":"https:\/\/ccbierzo.com\/gl\/pleno-extraordinario\/","title":{"rendered":"Pleno extraordinario"},"content":{"rendered":"<p>La instituci\u00f3n solicitar\u00e1 a la Junta de Castilla y Le\u00f3n el informe que desaconseja el traslado de la Cruz de Pe\u00f1alba a El Bierzo. Los grupos votaron mayoritariamente a favor de las mociones presentadas por Coalici\u00f3n para El Bierzo tras la pol\u00e9mica suscitada por las declaraciones de la consejera de Cultura, Josefa Cirac, sobre los motivos por los que no era posible el cambio de la pieza del Museo de Le\u00f3n al de Ponferrada. El Pleno tambi\u00e9n acord\u00f3 instar al Ministerio de Cultura a realizar una investigaci\u00f3n sobre el estado de conservaci\u00f3n de la Cruz.<\/p>\n<p>La sesi\u00f3n tambi\u00e9n sirvi\u00f3 para aprobar la ordenanza que regular\u00e1 el t\u00edtulo de &#8216;Fiesta de Inter\u00e9s Comarcal&#8217;, con el que se pretende dar relevancia a las citas festivas m\u00e1s destacadas de El Bierzo y fomentar su promoci\u00f3n tur\u00edstica.<\/p>\n<p><img loading=\"lazy\" decoding=\"async\" class=\"aligncenter wp-image-122622 size-medium\" src=\"https:\/\/ccbierzo.com\/wp-content\/uploads\/2018\/08\/pleno-consejo-2-300x200.jpg\" alt=\"David Voces, Gerado \u00c1lvarez Courel e Iv\u00e1n Alonso\" width=\"300\" height=\"200\" srcset=\"https:\/\/ccbierzo.com\/wp-content\/uploads\/2018\/08\/pleno-consejo-2-300x200.jpg 300w, https:\/\/ccbierzo.com\/wp-content\/uploads\/2018\/08\/pleno-consejo-2-768x512.jpg 768w, https:\/\/ccbierzo.com\/wp-content\/uploads\/2018\/08\/pleno-consejo-2-1024x683.jpg 1024w, https:\/\/ccbierzo.com\/wp-content\/uploads\/2018\/08\/pleno-consejo-2.jpg 1500w\" sizes=\"(max-width: 300px) 100vw, 300px\" \/><\/p>\n<p><img loading=\"lazy\" decoding=\"async\" class=\"aligncenter wp-image-122625 size-medium\" src=\"https:\/\/ccbierzo.com\/wp-content\/uploads\/2018\/08\/pleno-consejo-3-300x200.jpg\" alt=\"Miguel \u00c1ngel Fern\u00e1ndez y Rosa Luna\" width=\"300\" height=\"200\" srcset=\"https:\/\/ccbierzo.com\/wp-content\/uploads\/2018\/08\/pleno-consejo-3-300x200.jpg 300w, https:\/\/ccbierzo.com\/wp-content\/uploads\/2018\/08\/pleno-consejo-3-768x512.jpg 768w, https:\/\/ccbierzo.com\/wp-content\/uploads\/2018\/08\/pleno-consejo-3-1024x683.jpg 1024w, https:\/\/ccbierzo.com\/wp-content\/uploads\/2018\/08\/pleno-consejo-3.jpg 1500w\" sizes=\"(max-width: 300px) 100vw, 300px\" \/><\/p>\n<p><img loading=\"lazy\" decoding=\"async\" class=\"wp-image-122628 size-medium aligncenter\" src=\"https:\/\/ccbierzo.com\/wp-content\/uploads\/2018\/08\/pleno-consejo-4-300x200.jpg\" alt=\"Samuel Folgueral, Adolfo Canedo y Julio Arias\" width=\"300\" height=\"200\" srcset=\"https:\/\/ccbierzo.com\/wp-content\/uploads\/2018\/08\/pleno-consejo-4-300x200.jpg 300w, https:\/\/ccbierzo.com\/wp-content\/uploads\/2018\/08\/pleno-consejo-4-768x512.jpg 768w, https:\/\/ccbierzo.com\/wp-content\/uploads\/2018\/08\/pleno-consejo-4-1024x683.jpg 1024w, https:\/\/ccbierzo.com\/wp-content\/uploads\/2018\/08\/pleno-consejo-4.jpg 1500w\" sizes=\"(max-width: 300px) 100vw, 300px\" \/><\/p>\n","protected":false},"excerpt":{"rendered":"<p>El Consejo aprueba la ordenanza reguladora de las fiestas de inter\u00e9s comarcal y solicitar los informes que desaconsejan el traslado de la Cruz de Pe\u00f1alba a El Bierzo.<\/p>\n","protected":false},"author":3,"featured_media":122632,"comment_status":"closed","ping_status":"open","sticky":false,"template":"","format":"standard","meta":{"_et_pb_use_builder":"","_et_pb_old_content":"","_et_gb_content_width":"","footnotes":""},"categories":[26],"tags":[129,130],"class_list":["post-122621","post","type-post","status-publish","format-standard","has-post-thumbnail","hentry","category-administracion","tag-cruz-de-penalba","tag-fiesta-de-interes-comarcal"],"yoast_head":"<!-- This site is optimized with the Yoast SEO plugin v27.3 - https:\/\/yoast.com\/product\/yoast-seo-wordpress\/ -->\n<title>Pleno extraordinario - Consejo Comarcal del Bierzo<\/title>\n<meta name=\"robots\" content=\"index, follow, max-snippet:-1, max-image-preview:large, max-video-preview:-1\" \/>\n<link rel=\"canonical\" href=\"https:\/\/ccbierzo.com\/pleno-extraordinario\/\" \/>\n<meta property=\"og:locale\" content=\"gl_ES\" \/>\n<meta property=\"og:type\" content=\"article\" \/>\n<meta property=\"og:title\" content=\"Pleno extraordinario - Consejo Comarcal del Bierzo\" \/>\n<meta property=\"og:description\" content=\"El Consejo aprueba la ordenanza reguladora de las fiestas de inter\u00e9s comarcal y solicitar los informes que desaconsejan el traslado de la Cruz de Pe\u00f1alba a El Bierzo.\" \/>\n<meta property=\"og:url\" content=\"https:\/\/ccbierzo.com\/pleno-extraordinario\/\" \/>\n<meta property=\"og:site_name\" content=\"Consejo Comarcal del Bierzo\" \/>\n<meta property=\"article:published_time\" content=\"2018-08-01T08:59:19+00:00\" \/>\n<meta property=\"article:modified_time\" content=\"2018-08-01T09:01:43+00:00\" \/>\n<meta property=\"og:image\" content=\"https:\/\/ccbierzo.com\/wp-content\/uploads\/2018\/08\/pleno-consejo-1.jpg\" \/>\n\t<meta property=\"og:image:width\" content=\"1500\" \/>\n\t<meta property=\"og:image:height\" content=\"1000\" \/>\n\t<meta property=\"og:image:type\" content=\"image\/jpeg\" \/>\n<meta name=\"author\" content=\"Marta Vidal\" \/>\n<meta name=\"twitter:card\" content=\"summary_large_image\" \/>\n<meta name=\"twitter:label1\" content=\"Escrito por\" \/>\n\t<meta name=\"twitter:data1\" content=\"Marta Vidal\" \/>\n\t<meta name=\"twitter:label2\" content=\"Tempo de lectura\" \/>\n\t<meta name=\"twitter:data2\" content=\"1 minuto\" \/>\n<script type=\"application\/ld+json\" class=\"yoast-schema-graph\">{\"@context\":\"https:\\\/\\\/schema.org\",\"@graph\":[{\"@type\":\"Article\",\"@id\":\"https:\\\/\\\/ccbierzo.com\\\/pleno-extraordinario\\\/#article\",\"isPartOf\":{\"@id\":\"https:\\\/\\\/ccbierzo.com\\\/pleno-extraordinario\\\/\"},\"author\":{\"name\":\"Marta Vidal\",\"@id\":\"https:\\\/\\\/ccbierzo.com\\\/gl\\\/#\\\/schema\\\/person\\\/4e9a8395b397b1d4b8695a5274072278\"},\"headline\":\"Pleno extraordinario\",\"datePublished\":\"2018-08-01T08:59:19+00:00\",\"dateModified\":\"2018-08-01T09:01:43+00:00\",\"mainEntityOfPage\":{\"@id\":\"https:\\\/\\\/ccbierzo.com\\\/pleno-extraordinario\\\/\"},\"wordCount\":151,\"image\":{\"@id\":\"https:\\\/\\\/ccbierzo.com\\\/pleno-extraordinario\\\/#primaryimage\"},\"thumbnailUrl\":\"https:\\\/\\\/ccbierzo.com\\\/wp-content\\\/uploads\\\/2018\\\/08\\\/pleno-consejo-1.jpg\",\"keywords\":[\"Cruz de Pe\u00f1alba\",\"Fiesta de Inter\u00e9s Comarcal\"],\"articleSection\":[\"Administraci\u00f3n\"],\"inLanguage\":\"gl-ES\"},{\"@type\":\"WebPage\",\"@id\":\"https:\\\/\\\/ccbierzo.com\\\/pleno-extraordinario\\\/\",\"url\":\"https:\\\/\\\/ccbierzo.com\\\/pleno-extraordinario\\\/\",\"name\":\"Pleno extraordinario - Consejo Comarcal del Bierzo\",\"isPartOf\":{\"@id\":\"https:\\\/\\\/ccbierzo.com\\\/gl\\\/#website\"},\"primaryImageOfPage\":{\"@id\":\"https:\\\/\\\/ccbierzo.com\\\/pleno-extraordinario\\\/#primaryimage\"},\"image\":{\"@id\":\"https:\\\/\\\/ccbierzo.com\\\/pleno-extraordinario\\\/#primaryimage\"},\"thumbnailUrl\":\"https:\\\/\\\/ccbierzo.com\\\/wp-content\\\/uploads\\\/2018\\\/08\\\/pleno-consejo-1.jpg\",\"datePublished\":\"2018-08-01T08:59:19+00:00\",\"dateModified\":\"2018-08-01T09:01:43+00:00\",\"author\":{\"@id\":\"https:\\\/\\\/ccbierzo.com\\\/gl\\\/#\\\/schema\\\/person\\\/4e9a8395b397b1d4b8695a5274072278\"},\"breadcrumb\":{\"@id\":\"https:\\\/\\\/ccbierzo.com\\\/pleno-extraordinario\\\/#breadcrumb\"},\"inLanguage\":\"gl-ES\",\"potentialAction\":[{\"@type\":\"ReadAction\",\"target\":[\"https:\\\/\\\/ccbierzo.com\\\/pleno-extraordinario\\\/\"]}]},{\"@type\":\"ImageObject\",\"inLanguage\":\"gl-ES\",\"@id\":\"https:\\\/\\\/ccbierzo.com\\\/pleno-extraordinario\\\/#primaryimage\",\"url\":\"https:\\\/\\\/ccbierzo.com\\\/wp-content\\\/uploads\\\/2018\\\/08\\\/pleno-consejo-1.jpg\",\"contentUrl\":\"https:\\\/\\\/ccbierzo.com\\\/wp-content\\\/uploads\\\/2018\\\/08\\\/pleno-consejo-1.jpg\",\"width\":1500,\"height\":1000,\"caption\":\"Pleno del Consejo Comarcal\"},{\"@type\":\"BreadcrumbList\",\"@id\":\"https:\\\/\\\/ccbierzo.com\\\/pleno-extraordinario\\\/#breadcrumb\",\"itemListElement\":[{\"@type\":\"ListItem\",\"position\":1,\"name\":\"Portada\",\"item\":\"https:\\\/\\\/ccbierzo.com\\\/gl\\\/\"},{\"@type\":\"ListItem\",\"position\":2,\"name\":\"Pleno extraordinario\"}]},{\"@type\":\"WebSite\",\"@id\":\"https:\\\/\\\/ccbierzo.com\\\/gl\\\/#website\",\"url\":\"https:\\\/\\\/ccbierzo.com\\\/gl\\\/\",\"name\":\"Consejo Comarcal del Bierzo\",\"description\":\"P\u00e1gina Oficial del Consejo Comarcal del Bierzo\",\"potentialAction\":[{\"@type\":\"SearchAction\",\"target\":{\"@type\":\"EntryPoint\",\"urlTemplate\":\"https:\\\/\\\/ccbierzo.com\\\/gl\\\/?s={search_term_string}\"},\"query-input\":{\"@type\":\"PropertyValueSpecification\",\"valueRequired\":true,\"valueName\":\"search_term_string\"}}],\"inLanguage\":\"gl-ES\"},{\"@type\":\"Person\",\"@id\":\"https:\\\/\\\/ccbierzo.com\\\/gl\\\/#\\\/schema\\\/person\\\/4e9a8395b397b1d4b8695a5274072278\",\"name\":\"Marta Vidal\"}]}<\/script>\n<!-- \/ Yoast SEO plugin. -->","yoast_head_json":{"title":"Pleno extraordinario - Consejo Comarcal del Bierzo","robots":{"index":"index","follow":"follow","max-snippet":"max-snippet:-1","max-image-preview":"max-image-preview:large","max-video-preview":"max-video-preview:-1"},"canonical":"https:\/\/ccbierzo.com\/pleno-extraordinario\/","og_locale":"gl_ES","og_type":"article","og_title":"Pleno extraordinario - Consejo Comarcal del Bierzo","og_description":"El Consejo aprueba la ordenanza reguladora de las fiestas de inter\u00e9s comarcal y solicitar los informes que desaconsejan el traslado de la Cruz de Pe\u00f1alba a El Bierzo.","og_url":"https:\/\/ccbierzo.com\/pleno-extraordinario\/","og_site_name":"Consejo Comarcal del Bierzo","article_published_time":"2018-08-01T08:59:19+00:00","article_modified_time":"2018-08-01T09:01:43+00:00","og_image":[{"width":1500,"height":1000,"url":"https:\/\/ccbierzo.com\/wp-content\/uploads\/2018\/08\/pleno-consejo-1.jpg","type":"image\/jpeg"}],"author":"Marta Vidal","twitter_card":"summary_large_image","twitter_misc":{"Escrito por":"Marta Vidal","Tempo de lectura":"1 minuto"},"schema":{"@context":"https:\/\/schema.org","@graph":[{"@type":"Article","@id":"https:\/\/ccbierzo.com\/pleno-extraordinario\/#article","isPartOf":{"@id":"https:\/\/ccbierzo.com\/pleno-extraordinario\/"},"author":{"name":"Marta Vidal","@id":"https:\/\/ccbierzo.com\/gl\/#\/schema\/person\/4e9a8395b397b1d4b8695a5274072278"},"headline":"Pleno extraordinario","datePublished":"2018-08-01T08:59:19+00:00","dateModified":"2018-08-01T09:01:43+00:00","mainEntityOfPage":{"@id":"https:\/\/ccbierzo.com\/pleno-extraordinario\/"},"wordCount":151,"image":{"@id":"https:\/\/ccbierzo.com\/pleno-extraordinario\/#primaryimage"},"thumbnailUrl":"https:\/\/ccbierzo.com\/wp-content\/uploads\/2018\/08\/pleno-consejo-1.jpg","keywords":["Cruz de Pe\u00f1alba","Fiesta de Inter\u00e9s Comarcal"],"articleSection":["Administraci\u00f3n"],"inLanguage":"gl-ES"},{"@type":"WebPage","@id":"https:\/\/ccbierzo.com\/pleno-extraordinario\/","url":"https:\/\/ccbierzo.com\/pleno-extraordinario\/","name":"Pleno extraordinario - Consejo Comarcal del Bierzo","isPartOf":{"@id":"https:\/\/ccbierzo.com\/gl\/#website"},"primaryImageOfPage":{"@id":"https:\/\/ccbierzo.com\/pleno-extraordinario\/#primaryimage"},"image":{"@id":"https:\/\/ccbierzo.com\/pleno-extraordinario\/#primaryimage"},"thumbnailUrl":"https:\/\/ccbierzo.com\/wp-content\/uploads\/2018\/08\/pleno-consejo-1.jpg","datePublished":"2018-08-01T08:59:19+00:00","dateModified":"2018-08-01T09:01:43+00:00","author":{"@id":"https:\/\/ccbierzo.com\/gl\/#\/schema\/person\/4e9a8395b397b1d4b8695a5274072278"},"breadcrumb":{"@id":"https:\/\/ccbierzo.com\/pleno-extraordinario\/#breadcrumb"},"inLanguage":"gl-ES","potentialAction":[{"@type":"ReadAction","target":["https:\/\/ccbierzo.com\/pleno-extraordinario\/"]}]},{"@type":"ImageObject","inLanguage":"gl-ES","@id":"https:\/\/ccbierzo.com\/pleno-extraordinario\/#primaryimage","url":"https:\/\/ccbierzo.com\/wp-content\/uploads\/2018\/08\/pleno-consejo-1.jpg","contentUrl":"https:\/\/ccbierzo.com\/wp-content\/uploads\/2018\/08\/pleno-consejo-1.jpg","width":1500,"height":1000,"caption":"Pleno del Consejo Comarcal"},{"@type":"BreadcrumbList","@id":"https:\/\/ccbierzo.com\/pleno-extraordinario\/#breadcrumb","itemListElement":[{"@type":"ListItem","position":1,"name":"Portada","item":"https:\/\/ccbierzo.com\/gl\/"},{"@type":"ListItem","position":2,"name":"Pleno extraordinario"}]},{"@type":"WebSite","@id":"https:\/\/ccbierzo.com\/gl\/#website","url":"https:\/\/ccbierzo.com\/gl\/","name":"Consejo Comarcal del Bierzo","description":"P\u00e1gina Oficial del Consejo Comarcal del Bierzo","potentialAction":[{"@type":"SearchAction","target":{"@type":"EntryPoint","urlTemplate":"https:\/\/ccbierzo.com\/gl\/?s={search_term_string}"},"query-input":{"@type":"PropertyValueSpecification","valueRequired":true,"valueName":"search_term_string"}}],"inLanguage":"gl-ES"},{"@type":"Person","@id":"https:\/\/ccbierzo.com\/gl\/#\/schema\/person\/4e9a8395b397b1d4b8695a5274072278","name":"Marta Vidal"}]}},"_links":{"self":[{"href":"https:\/\/ccbierzo.com\/gl\/wp-json\/wp\/v2\/posts\/122621","targetHints":{"allow":["GET"]}}],"collection":[{"href":"https:\/\/ccbierzo.com\/gl\/wp-json\/wp\/v2\/posts"}],"about":[{"href":"https:\/\/ccbierzo.com\/gl\/wp-json\/wp\/v2\/types\/post"}],"author":[{"embeddable":true,"href":"https:\/\/ccbierzo.com\/gl\/wp-json\/wp\/v2\/users\/3"}],"replies":[{"embeddable":true,"href":"https:\/\/ccbierzo.com\/gl\/wp-json\/wp\/v2\/comments?post=122621"}],"version-history":[{"count":0,"href":"https:\/\/ccbierzo.com\/gl\/wp-json\/wp\/v2\/posts\/122621\/revisions"}],"wp:featuredmedia":[{"embeddable":true,"href":"https:\/\/ccbierzo.com\/gl\/wp-json\/wp\/v2\/media\/122632"}],"wp:attachment":[{"href":"https:\/\/ccbierzo.com\/gl\/wp-json\/wp\/v2\/media?parent=122621"}],"wp:term":[{"taxonomy":"category","embeddable":true,"href":"https:\/\/ccbierzo.com\/gl\/wp-json\/wp\/v2\/categories?post=122621"},{"taxonomy":"post_tag","embeddable":true,"href":"https:\/\/ccbierzo.com\/gl\/wp-json\/wp\/v2\/tags?post=122621"}],"curies":[{"name":"wp","href":"https:\/\/api.w.org\/{rel}","templated":true}]}}