{"id":122600,"date":"2018-07-26T12:54:27","date_gmt":"2018-07-26T10:54:27","guid":{"rendered":"http:\/\/ccbierzo.com\/?p=122600"},"modified":"2018-07-31T13:19:52","modified_gmt":"2018-07-31T11:19:52","slug":"ferias-agroalimentarias","status":"publish","type":"post","link":"https:\/\/ccbierzo.com\/gl\/ferias-agroalimentarias\/","title":{"rendered":"Ferias agroalimentarias"},"content":{"rendered":"<p>P\u00e1ramo del Sil, Molinaseca y Toral de los Vados acogen las ferias agroalimentarias que organiza el Consejo Comarcal, a trav\u00e9s del Banco de Tierras. Forman parte de la campa\u00f1a de fomento del cultivo hort\u00edcola &#8216;Apostando por El Bierzo. Naturalmente&#8217; y el objetivo es poner en valor los productos agroalimentarios de la comarca y aumentar su consumo.<\/p>\n<p>La primera cita ser\u00e1 el domingo 5 de agosto en Anllares del Sil, en el municipio de P\u00e1ramo del Sil, coincidiendo con la Romer\u00eda de la Virgen de las Nieves.\u00a0 Se celebrar\u00e1 en horario de ma\u00f1ana, de 10:00 a 14:00 horas. El 12 de agosto, la feria se traslada a los alrededores de Molinaseca y ser\u00e1 en horario de tarde, de 18:00 a 22:00 horas. El mismo horario tendr\u00e1 la cita en Toral de los Vados el domingo 19, tambi\u00e9n en el entorno de la playa fluvial.<\/p>\n<p>Las ferias contar\u00e1n, como en a\u00f1os anteriores, con diversas antividades para los ni\u00f1os y ni\u00f1as como hinchables y talleres.<\/p>\n<p><img loading=\"lazy\" decoding=\"async\" class=\"aligncenter wp-image-122604 size-large\" src=\"https:\/\/ccbierzo.com\/wp-content\/uploads\/2018\/07\/P\u00e1ramo-del-Sil-683x1024.jpg\" alt=\"Cartel de la feria agroalimentaria en P\u00e1ramo del Sil\" width=\"683\" height=\"1024\" srcset=\"https:\/\/ccbierzo.com\/wp-content\/uploads\/2018\/07\/P\u00e1ramo-del-Sil-683x1024.jpg 683w, https:\/\/ccbierzo.com\/wp-content\/uploads\/2018\/07\/P\u00e1ramo-del-Sil-200x300.jpg 200w, https:\/\/ccbierzo.com\/wp-content\/uploads\/2018\/07\/P\u00e1ramo-del-Sil-768x1151.jpg 768w, https:\/\/ccbierzo.com\/wp-content\/uploads\/2018\/07\/P\u00e1ramo-del-Sil.jpg 1419w\" sizes=\"(max-width: 683px) 100vw, 683px\" \/><\/p>\n<p>&nbsp;<\/p>\n<p><img loading=\"lazy\" decoding=\"async\" class=\"aligncenter wp-image-122601 size-large\" src=\"https:\/\/ccbierzo.com\/wp-content\/uploads\/2018\/07\/Molinaseca-683x1024.jpg\" alt=\"Cartel feria agroalimentaria de Molinaseca\" width=\"683\" height=\"1024\" srcset=\"https:\/\/ccbierzo.com\/wp-content\/uploads\/2018\/07\/Molinaseca-683x1024.jpg 683w, https:\/\/ccbierzo.com\/wp-content\/uploads\/2018\/07\/Molinaseca-200x300.jpg 200w, https:\/\/ccbierzo.com\/wp-content\/uploads\/2018\/07\/Molinaseca-768x1151.jpg 768w, https:\/\/ccbierzo.com\/wp-content\/uploads\/2018\/07\/Molinaseca.jpg 1419w\" sizes=\"(max-width: 683px) 100vw, 683px\" \/><\/p>\n<p>&nbsp;<\/p>\n<p><img loading=\"lazy\" decoding=\"async\" class=\"aligncenter wp-image-122607 size-large\" src=\"https:\/\/ccbierzo.com\/wp-content\/uploads\/2018\/07\/Toral-de-los-Vados-683x1024.jpg\" alt=\"Cartel feria agroalimentaria de Toral de los Vados\" width=\"683\" height=\"1024\" srcset=\"https:\/\/ccbierzo.com\/wp-content\/uploads\/2018\/07\/Toral-de-los-Vados-683x1024.jpg 683w, https:\/\/ccbierzo.com\/wp-content\/uploads\/2018\/07\/Toral-de-los-Vados-200x300.jpg 200w, https:\/\/ccbierzo.com\/wp-content\/uploads\/2018\/07\/Toral-de-los-Vados-768x1151.jpg 768w, https:\/\/ccbierzo.com\/wp-content\/uploads\/2018\/07\/Toral-de-los-Vados.jpg 1419w\" sizes=\"(max-width: 683px) 100vw, 683px\" \/><\/p>\n","protected":false},"excerpt":{"rendered":"<p>P\u00e1ramo del Sil, Molinaseca y Toral de los Vados acogen las ferias agroalimentarias que organiza el Consejo Comarcal, a trav\u00e9s del Banco de Tierras.<\/p>\n","protected":false},"author":3,"featured_media":122611,"comment_status":"closed","ping_status":"open","sticky":false,"template":"","format":"standard","meta":{"_et_pb_use_builder":"","_et_pb_old_content":"","_et_gb_content_width":"","footnotes":""},"categories":[19],"tags":[125],"class_list":["post-122600","post","type-post","status-publish","format-standard","has-post-thumbnail","hentry","category-social","tag-banco-de-tierras"],"yoast_head":"<!-- This site is optimized with the Yoast SEO plugin v27.3 - https:\/\/yoast.com\/product\/yoast-seo-wordpress\/ -->\n<title>Ferias agroalimentarias - Consejo Comarcal del Bierzo<\/title>\n<meta name=\"robots\" content=\"index, follow, max-snippet:-1, max-image-preview:large, max-video-preview:-1\" \/>\n<link rel=\"canonical\" href=\"https:\/\/ccbierzo.com\/ferias-agroalimentarias\/\" \/>\n<meta property=\"og:locale\" content=\"gl_ES\" \/>\n<meta property=\"og:type\" content=\"article\" \/>\n<meta property=\"og:title\" content=\"Ferias agroalimentarias - Consejo Comarcal del Bierzo\" \/>\n<meta property=\"og:description\" content=\"P\u00e1ramo del Sil, Molinaseca y Toral de los Vados acogen las ferias agroalimentarias que organiza el Consejo Comarcal, a trav\u00e9s del Banco de Tierras.\" \/>\n<meta property=\"og:url\" content=\"https:\/\/ccbierzo.com\/ferias-agroalimentarias\/\" \/>\n<meta property=\"og:site_name\" content=\"Consejo Comarcal del Bierzo\" \/>\n<meta property=\"article:published_time\" content=\"2018-07-26T10:54:27+00:00\" \/>\n<meta property=\"article:modified_time\" content=\"2018-07-31T11:19:52+00:00\" \/>\n<meta property=\"og:image\" content=\"https:\/\/ccbierzo.com\/wp-content\/uploads\/2018\/07\/rueda-prensa-ferias.jpg\" \/>\n\t<meta property=\"og:image:width\" content=\"1500\" \/>\n\t<meta property=\"og:image:height\" content=\"1000\" \/>\n\t<meta property=\"og:image:type\" content=\"image\/jpeg\" \/>\n<meta name=\"author\" content=\"Marta Vidal\" \/>\n<meta name=\"twitter:card\" content=\"summary_large_image\" \/>\n<meta name=\"twitter:label1\" content=\"Escrito por\" \/>\n\t<meta name=\"twitter:data1\" content=\"Marta Vidal\" \/>\n\t<meta name=\"twitter:label2\" content=\"Tempo de lectura\" \/>\n\t<meta name=\"twitter:data2\" content=\"1 minuto\" \/>\n<script type=\"application\/ld+json\" class=\"yoast-schema-graph\">{\"@context\":\"https:\\\/\\\/schema.org\",\"@graph\":[{\"@type\":\"Article\",\"@id\":\"https:\\\/\\\/ccbierzo.com\\\/ferias-agroalimentarias\\\/#article\",\"isPartOf\":{\"@id\":\"https:\\\/\\\/ccbierzo.com\\\/ferias-agroalimentarias\\\/\"},\"author\":{\"name\":\"Marta Vidal\",\"@id\":\"https:\\\/\\\/ccbierzo.com\\\/gl\\\/#\\\/schema\\\/person\\\/4e9a8395b397b1d4b8695a5274072278\"},\"headline\":\"Ferias agroalimentarias\",\"datePublished\":\"2018-07-26T10:54:27+00:00\",\"dateModified\":\"2018-07-31T11:19:52+00:00\",\"mainEntityOfPage\":{\"@id\":\"https:\\\/\\\/ccbierzo.com\\\/ferias-agroalimentarias\\\/\"},\"wordCount\":171,\"image\":{\"@id\":\"https:\\\/\\\/ccbierzo.com\\\/ferias-agroalimentarias\\\/#primaryimage\"},\"thumbnailUrl\":\"https:\\\/\\\/ccbierzo.com\\\/wp-content\\\/uploads\\\/2018\\\/07\\\/rueda-prensa-ferias.jpg\",\"keywords\":[\"Banco de Tierras\"],\"articleSection\":[\"Social\"],\"inLanguage\":\"gl-ES\"},{\"@type\":\"WebPage\",\"@id\":\"https:\\\/\\\/ccbierzo.com\\\/ferias-agroalimentarias\\\/\",\"url\":\"https:\\\/\\\/ccbierzo.com\\\/ferias-agroalimentarias\\\/\",\"name\":\"Ferias agroalimentarias - Consejo Comarcal del Bierzo\",\"isPartOf\":{\"@id\":\"https:\\\/\\\/ccbierzo.com\\\/gl\\\/#website\"},\"primaryImageOfPage\":{\"@id\":\"https:\\\/\\\/ccbierzo.com\\\/ferias-agroalimentarias\\\/#primaryimage\"},\"image\":{\"@id\":\"https:\\\/\\\/ccbierzo.com\\\/ferias-agroalimentarias\\\/#primaryimage\"},\"thumbnailUrl\":\"https:\\\/\\\/ccbierzo.com\\\/wp-content\\\/uploads\\\/2018\\\/07\\\/rueda-prensa-ferias.jpg\",\"datePublished\":\"2018-07-26T10:54:27+00:00\",\"dateModified\":\"2018-07-31T11:19:52+00:00\",\"author\":{\"@id\":\"https:\\\/\\\/ccbierzo.com\\\/gl\\\/#\\\/schema\\\/person\\\/4e9a8395b397b1d4b8695a5274072278\"},\"breadcrumb\":{\"@id\":\"https:\\\/\\\/ccbierzo.com\\\/ferias-agroalimentarias\\\/#breadcrumb\"},\"inLanguage\":\"gl-ES\",\"potentialAction\":[{\"@type\":\"ReadAction\",\"target\":[\"https:\\\/\\\/ccbierzo.com\\\/ferias-agroalimentarias\\\/\"]}]},{\"@type\":\"ImageObject\",\"inLanguage\":\"gl-ES\",\"@id\":\"https:\\\/\\\/ccbierzo.com\\\/ferias-agroalimentarias\\\/#primaryimage\",\"url\":\"https:\\\/\\\/ccbierzo.com\\\/wp-content\\\/uploads\\\/2018\\\/07\\\/rueda-prensa-ferias.jpg\",\"contentUrl\":\"https:\\\/\\\/ccbierzo.com\\\/wp-content\\\/uploads\\\/2018\\\/07\\\/rueda-prensa-ferias.jpg\",\"width\":1500,\"height\":1000,\"caption\":\"Alfonso Arias, Pedro Fern\u00e1ndez, Gerardo \u00c1lvarez Courel y \u00c1ngel Calvo\"},{\"@type\":\"BreadcrumbList\",\"@id\":\"https:\\\/\\\/ccbierzo.com\\\/ferias-agroalimentarias\\\/#breadcrumb\",\"itemListElement\":[{\"@type\":\"ListItem\",\"position\":1,\"name\":\"Portada\",\"item\":\"https:\\\/\\\/ccbierzo.com\\\/gl\\\/\"},{\"@type\":\"ListItem\",\"position\":2,\"name\":\"Ferias agroalimentarias\"}]},{\"@type\":\"WebSite\",\"@id\":\"https:\\\/\\\/ccbierzo.com\\\/gl\\\/#website\",\"url\":\"https:\\\/\\\/ccbierzo.com\\\/gl\\\/\",\"name\":\"Consejo Comarcal del Bierzo\",\"description\":\"P\u00e1gina Oficial del Consejo Comarcal del Bierzo\",\"potentialAction\":[{\"@type\":\"SearchAction\",\"target\":{\"@type\":\"EntryPoint\",\"urlTemplate\":\"https:\\\/\\\/ccbierzo.com\\\/gl\\\/?s={search_term_string}\"},\"query-input\":{\"@type\":\"PropertyValueSpecification\",\"valueRequired\":true,\"valueName\":\"search_term_string\"}}],\"inLanguage\":\"gl-ES\"},{\"@type\":\"Person\",\"@id\":\"https:\\\/\\\/ccbierzo.com\\\/gl\\\/#\\\/schema\\\/person\\\/4e9a8395b397b1d4b8695a5274072278\",\"name\":\"Marta Vidal\"}]}<\/script>\n<!-- \/ Yoast SEO plugin. -->","yoast_head_json":{"title":"Ferias agroalimentarias - Consejo Comarcal del Bierzo","robots":{"index":"index","follow":"follow","max-snippet":"max-snippet:-1","max-image-preview":"max-image-preview:large","max-video-preview":"max-video-preview:-1"},"canonical":"https:\/\/ccbierzo.com\/ferias-agroalimentarias\/","og_locale":"gl_ES","og_type":"article","og_title":"Ferias agroalimentarias - Consejo Comarcal del Bierzo","og_description":"P\u00e1ramo del Sil, Molinaseca y Toral de los Vados acogen las ferias agroalimentarias que organiza el Consejo Comarcal, a trav\u00e9s del Banco de Tierras.","og_url":"https:\/\/ccbierzo.com\/ferias-agroalimentarias\/","og_site_name":"Consejo Comarcal del Bierzo","article_published_time":"2018-07-26T10:54:27+00:00","article_modified_time":"2018-07-31T11:19:52+00:00","og_image":[{"width":1500,"height":1000,"url":"https:\/\/ccbierzo.com\/wp-content\/uploads\/2018\/07\/rueda-prensa-ferias.jpg","type":"image\/jpeg"}],"author":"Marta Vidal","twitter_card":"summary_large_image","twitter_misc":{"Escrito por":"Marta Vidal","Tempo de lectura":"1 minuto"},"schema":{"@context":"https:\/\/schema.org","@graph":[{"@type":"Article","@id":"https:\/\/ccbierzo.com\/ferias-agroalimentarias\/#article","isPartOf":{"@id":"https:\/\/ccbierzo.com\/ferias-agroalimentarias\/"},"author":{"name":"Marta Vidal","@id":"https:\/\/ccbierzo.com\/gl\/#\/schema\/person\/4e9a8395b397b1d4b8695a5274072278"},"headline":"Ferias agroalimentarias","datePublished":"2018-07-26T10:54:27+00:00","dateModified":"2018-07-31T11:19:52+00:00","mainEntityOfPage":{"@id":"https:\/\/ccbierzo.com\/ferias-agroalimentarias\/"},"wordCount":171,"image":{"@id":"https:\/\/ccbierzo.com\/ferias-agroalimentarias\/#primaryimage"},"thumbnailUrl":"https:\/\/ccbierzo.com\/wp-content\/uploads\/2018\/07\/rueda-prensa-ferias.jpg","keywords":["Banco de Tierras"],"articleSection":["Social"],"inLanguage":"gl-ES"},{"@type":"WebPage","@id":"https:\/\/ccbierzo.com\/ferias-agroalimentarias\/","url":"https:\/\/ccbierzo.com\/ferias-agroalimentarias\/","name":"Ferias agroalimentarias - Consejo Comarcal del Bierzo","isPartOf":{"@id":"https:\/\/ccbierzo.com\/gl\/#website"},"primaryImageOfPage":{"@id":"https:\/\/ccbierzo.com\/ferias-agroalimentarias\/#primaryimage"},"image":{"@id":"https:\/\/ccbierzo.com\/ferias-agroalimentarias\/#primaryimage"},"thumbnailUrl":"https:\/\/ccbierzo.com\/wp-content\/uploads\/2018\/07\/rueda-prensa-ferias.jpg","datePublished":"2018-07-26T10:54:27+00:00","dateModified":"2018-07-31T11:19:52+00:00","author":{"@id":"https:\/\/ccbierzo.com\/gl\/#\/schema\/person\/4e9a8395b397b1d4b8695a5274072278"},"breadcrumb":{"@id":"https:\/\/ccbierzo.com\/ferias-agroalimentarias\/#breadcrumb"},"inLanguage":"gl-ES","potentialAction":[{"@type":"ReadAction","target":["https:\/\/ccbierzo.com\/ferias-agroalimentarias\/"]}]},{"@type":"ImageObject","inLanguage":"gl-ES","@id":"https:\/\/ccbierzo.com\/ferias-agroalimentarias\/#primaryimage","url":"https:\/\/ccbierzo.com\/wp-content\/uploads\/2018\/07\/rueda-prensa-ferias.jpg","contentUrl":"https:\/\/ccbierzo.com\/wp-content\/uploads\/2018\/07\/rueda-prensa-ferias.jpg","width":1500,"height":1000,"caption":"Alfonso Arias, Pedro Fern\u00e1ndez, Gerardo \u00c1lvarez Courel y \u00c1ngel Calvo"},{"@type":"BreadcrumbList","@id":"https:\/\/ccbierzo.com\/ferias-agroalimentarias\/#breadcrumb","itemListElement":[{"@type":"ListItem","position":1,"name":"Portada","item":"https:\/\/ccbierzo.com\/gl\/"},{"@type":"ListItem","position":2,"name":"Ferias agroalimentarias"}]},{"@type":"WebSite","@id":"https:\/\/ccbierzo.com\/gl\/#website","url":"https:\/\/ccbierzo.com\/gl\/","name":"Consejo Comarcal del Bierzo","description":"P\u00e1gina Oficial del Consejo Comarcal del Bierzo","potentialAction":[{"@type":"SearchAction","target":{"@type":"EntryPoint","urlTemplate":"https:\/\/ccbierzo.com\/gl\/?s={search_term_string}"},"query-input":{"@type":"PropertyValueSpecification","valueRequired":true,"valueName":"search_term_string"}}],"inLanguage":"gl-ES"},{"@type":"Person","@id":"https:\/\/ccbierzo.com\/gl\/#\/schema\/person\/4e9a8395b397b1d4b8695a5274072278","name":"Marta Vidal"}]}},"_links":{"self":[{"href":"https:\/\/ccbierzo.com\/gl\/wp-json\/wp\/v2\/posts\/122600","targetHints":{"allow":["GET"]}}],"collection":[{"href":"https:\/\/ccbierzo.com\/gl\/wp-json\/wp\/v2\/posts"}],"about":[{"href":"https:\/\/ccbierzo.com\/gl\/wp-json\/wp\/v2\/types\/post"}],"author":[{"embeddable":true,"href":"https:\/\/ccbierzo.com\/gl\/wp-json\/wp\/v2\/users\/3"}],"replies":[{"embeddable":true,"href":"https:\/\/ccbierzo.com\/gl\/wp-json\/wp\/v2\/comments?post=122600"}],"version-history":[{"count":0,"href":"https:\/\/ccbierzo.com\/gl\/wp-json\/wp\/v2\/posts\/122600\/revisions"}],"wp:featuredmedia":[{"embeddable":true,"href":"https:\/\/ccbierzo.com\/gl\/wp-json\/wp\/v2\/media\/122611"}],"wp:attachment":[{"href":"https:\/\/ccbierzo.com\/gl\/wp-json\/wp\/v2\/media?parent=122600"}],"wp:term":[{"taxonomy":"category","embeddable":true,"href":"https:\/\/ccbierzo.com\/gl\/wp-json\/wp\/v2\/categories?post=122600"},{"taxonomy":"post_tag","embeddable":true,"href":"https:\/\/ccbierzo.com\/gl\/wp-json\/wp\/v2\/tags?post=122600"}],"curies":[{"name":"wp","href":"https:\/\/api.w.org\/{rel}","templated":true}]}}